{"id":14161,"date":"2013-01-31T15:08:30","date_gmt":"2013-01-31T18:08:30","guid":{"rendered":"http:\/\/www.24baires.com\/?p=14161"},"modified":"2013-02-01T12:22:13","modified_gmt":"2013-02-01T15:22:13","slug":"repudio-absoluto-del-consejo-nacional-de-la-mujer-a-los-dichos-del-comico-miguel-del-sel","status":"publish","type":"post","link":"https:\/\/www.24baires.com\/?p=14161","title":{"rendered":"\u00abRepudio absoluto\u00bb del Consejo Nacional de la Mujer a los dichos del c\u00f3mico Miguel Del Sel"},"content":{"rendered":"<p>El Consejo Nacional de la Mujer expres\u00f3 su \u201crepudio absoluto\u201d a los \u201cinsultos\u201d del humorista y ex candidato a gobernador de Santa Fe por el PRO Miguel del Sel contra la Presidenta y calific\u00f3 sus dichos como \u00abmis\u00f3ginos y violentos\u00bb.<!--more--><\/p>\n<p>El Consejo explic\u00f3 en un comunicado que los dichos \u201cejercen una innegable violencia de g\u00e9nero sobre la presidenta Cristina Fern\u00e1ndez de Kirchner, al ridiculizar la investidura presidencial a trav\u00e9s de un mensaje mis\u00f3gino y violento\u201d.<\/p>\n<p>Agreg\u00f3 que \u201cla irresponsabilidad en la que incurre el dirigente del PRO, disfrazando sus insultos con supuestas `humoradas\u00b4, atenta contra la integridad de los derechos de todas las mujeres\u201d.<\/p>\n<p>\u201cNo es la primera vez que Miguel Del Sel agrede al g\u00e9nero femenino\u201d, sostiene el texto y agrega que \u201c\u00e9l mismo afirm\u00f3 que las mujeres quedan embarazadas para cobrar la Asignaci\u00f3n Universal por Hijo\u201d.<\/p>\n<p>\u201cLa Presidenta es objeto de estos insultos desde hace largo tiempo\u201d, contin\u00faa el comunicado y asegura que esos insultos \u201cno tienen como objetivo calificar o evaluar una gesti\u00f3n de gobierno, sino que buscan socavar la imagen de Cristina Fern\u00e1ndez de Kirchner cuestionando permanentemente su salud f\u00edsica y mental\u201d.<\/p>\n<p>De esta manera, el Consejo Nacional de la Mujer repudi\u00f3 las \u201cnefastas\u201d declaraciones del ex candidato del PRO en una respuesta que \u00e9ste dio al c\u00f3mico Jey Mammon (alias de Juan Mart\u00edn Rago) durante una entrevista teatral en Villa Carlos Paz que gener\u00f3 el rechaz\u00f3 de referentes del oficialismo y la oposici\u00f3n.<\/p>\n<p>&nbsp;<\/p>\n<p>&nbsp;<\/p>\n<p>&nbsp;<\/p>\n<p>&nbsp;<\/p>\n<p>&nbsp;<\/p>\n<p>&nbsp;<\/p>\n<p>&nbsp;<\/p>\n","protected":false},"excerpt":{"rendered":"<p>El Consejo Nacional de la Mujer expres\u00f3 su \u201crepudio absoluto\u201d a los \u201cinsultos\u201d del humorista y ex candidato a gobernador de Santa Fe por el PRO Miguel del Sel contra la Presidenta y calific\u00f3 sus dichos como \u00abmis\u00f3ginos y violentos\u00bb.<\/p>\n","protected":false},"author":11,"featured_media":0,"comment_status":"open","ping_status":"open","sticky":false,"template":"","format":"standard","meta":{"_jetpack_newsletter_access":"","_jetpack_dont_email_post_to_subs":false,"_jetpack_newsletter_tier_id":0,"_jetpack_memberships_contains_paywalled_content":false,"_jetpack_memberships_contains_paid_content":false,"footnotes":""},"categories":[1],"tags":[],"class_list":["post-14161","post","type-post","status-publish","format-standard","hentry","category-sociedad"],"jetpack_featured_media_url":"","jetpack_shortlink":"https:\/\/wp.me\/p2JWE0-3Gp","jetpack-related-posts":[{"id":42442,"url":"https:\/\/www.24baires.com\/?p=42442","url_meta":{"origin":14161,"position":0},"title":"Twitter estall\u00f3 con chistes hacia Del Sel","author":"Grupo Sierra","date":"19\/03\/2014","format":false,"excerpt":"Corri\u00f3 la versi\u00f3n de que el ex Midachi ser\u00eda Vicepresidente de la Comisi\u00f3n de Ciencia y Tecnolog\u00eda, pero lo desmintieron. Igual, llovieron los chistes en la red social. Durante el mi\u00e9rcoles trascendi\u00f3 que el humorista devenido en diputado nacional por el PRO, Miguel del Sel, hab\u00eda sido designado como Vicepresidente\u2026","rel":"","context":"En \u00abSociedad\u00bb","block_context":{"text":"Sociedad","link":"https:\/\/www.24baires.com\/?cat=1"},"img":{"alt_text":"Nueva imagen","src":"http:\/\/www.24baires.com\/wp-content\/uploads\/2014\/03\/Nueva-imagen.bmp","width":350,"height":200},"classes":[]},{"id":14614,"url":"https:\/\/www.24baires.com\/?p=14614","url_meta":{"origin":14161,"position":1},"title":"Repudio por los insultos a Kicillof mientras viajaba con su familia","author":"AF","date":"04\/02\/2013","format":false,"excerpt":"El gobernador de la Provincia de Buenos Aires, Daniel Scioli, conden\u00f3 hoy el abucheo que sufri\u00f3 el vicepresidente Amado Boudou en Santa Fe y el escrache al viceministro de Econom\u00eda, Axel Kicillof, en un Buqueb\u00fas. Scioli dijo que\u00a0 \"no puede pasar que la gente se empiece a enojar con la\u2026","rel":"","context":"En \u00abSociedad\u00bb","block_context":{"text":"Sociedad","link":"https:\/\/www.24baires.com\/?cat=1"},"img":{"alt_text":"","src":"","width":0,"height":0},"classes":[]},{"id":61332,"url":"https:\/\/www.24baires.com\/?p=61332","url_meta":{"origin":14161,"position":2},"title":"Del Sel-Reutemann, la f\u00f3rmula de los rejuntados","author":"Grupo Sierra","date":"05\/02\/2015","format":false,"excerpt":"El precandidato a gobernador de Santa Fe por el PRO, Miguel Del Sel, se mostr\u00f3 interesado en la posibilidad de sumar a Carlos Reutemann de cara a las elecciones provinciales: \u201cCon el Lole espero hablar la semana pr\u00f3xima\", dijo y agreg\u00f3: \"El otro d\u00eda dijo que no es kirchnerista ni\u2026","rel":"","context":"En \u00abElecciones 2015\u00bb","block_context":{"text":"Elecciones 2015","link":"https:\/\/www.24baires.com\/?cat=74"},"img":{"alt_text":"Reutemann_del_sel.jpg_2069580699","src":"https:\/\/i0.wp.com\/www.24baires.com\/wp-content\/uploads\/2015\/02\/Reutemann_del_sel.jpg_2069580699.jpg?resize=350%2C200","width":350,"height":200,"srcset":"https:\/\/i0.wp.com\/www.24baires.com\/wp-content\/uploads\/2015\/02\/Reutemann_del_sel.jpg_2069580699.jpg?resize=350%2C200 1x, https:\/\/i0.wp.com\/www.24baires.com\/wp-content\/uploads\/2015\/02\/Reutemann_del_sel.jpg_2069580699.jpg?resize=525%2C300 1.5x"},"classes":[]},{"id":62948,"url":"https:\/\/www.24baires.com\/?p=62948","url_meta":{"origin":14161,"position":3},"title":"Del Sel invita a \u00abun asado con putas\u00bb en su spot","author":"Grupo Sierra","date":"10\/03\/2015","format":false,"excerpt":"El candidato a gobernador de Santa Fe por el macrismo lanz\u00f3 una campa\u00f1a donde se muestra con obreros, estudiantes y jubilados y con todos ellos bromea y dice una palabra peor que la otra. \u201cNegro atorrante\u201d, \u201cputas\u201d, \u201cboludo\u201d. Aunque no lo crea, todas esas palabras pueden formar parte de un\u2026","rel":"","context":"En \u00abELECCIONES 2013\u00bb","block_context":{"text":"ELECCIONES 2013","link":"https:\/\/www.24baires.com\/?cat=72"},"img":{"alt_text":"","src":"","width":0,"height":0},"classes":[]},{"id":44024,"url":"https:\/\/www.24baires.com\/?p=44024","url_meta":{"origin":14161,"position":4},"title":"No es chiste: Del Sel asegura que ser\u00e1 Gobernador en el 2015","author":"Grupo Sierra","date":"16\/04\/2014","format":false,"excerpt":"El diputado por el PRO oficializ\u00f3 su candidatura a gobernador de Santa Fe y argument\u00f3 que tiene \"el respaldo de la gente\". Adem\u00e1s, critic\u00f3 el operativo contra el narcotr\u00e1fico: \"Pienso que fue un fracaso\". El diputado por el PRO y excomediante Miguel Del Sel oficializ\u00f3 hoy su candidatura a gobernador\u2026","rel":"","context":"En \u00abPol\u00edtica\u00bb","block_context":{"text":"Pol\u00edtica","link":"https:\/\/www.24baires.com\/?cat=51"},"img":{"alt_text":"del sel","src":"https:\/\/i0.wp.com\/www.24baires.com\/wp-content\/uploads\/2014\/04\/del-sel.jpg?resize=350%2C200","width":350,"height":200,"srcset":"https:\/\/i0.wp.com\/www.24baires.com\/wp-content\/uploads\/2014\/04\/del-sel.jpg?resize=350%2C200 1x, https:\/\/i0.wp.com\/www.24baires.com\/wp-content\/uploads\/2014\/04\/del-sel.jpg?resize=525%2C300 1.5x"},"classes":[]},{"id":50554,"url":"https:\/\/www.24baires.com\/?p=50554","url_meta":{"origin":14161,"position":5},"title":"Del Sel abandona su banca con s\u00f3lo medio a\u00f1o de actividad","author":"Grupo Sierra","date":"25\/07\/2014","format":false,"excerpt":"El exMidachi anunci\u00f3 que dejar\u00e1 su lugar en la C\u00e1mara baja para postularse por segunda vez como gobernador de la provincia de Santa Fe. El diputado nacional y exMidachi, Miguel del Sel, anunci\u00f3 hoy que renunciar\u00e1 a su banca en la C\u00e1mara de Diputados de la Naci\u00f3n para postularse como\u2026","rel":"","context":"En \u00abPol\u00edtica\u00bb","block_context":{"text":"Pol\u00edtica","link":"https:\/\/www.24baires.com\/?cat=51"},"img":{"alt_text":"del sel","src":"https:\/\/i0.wp.com\/www.24baires.com\/wp-content\/uploads\/2014\/04\/del-sel.jpg?resize=350%2C200","width":350,"height":200,"srcset":"https:\/\/i0.wp.com\/www.24baires.com\/wp-content\/uploads\/2014\/04\/del-sel.jpg?resize=350%2C200 1x, https:\/\/i0.wp.com\/www.24baires.com\/wp-content\/uploads\/2014\/04\/del-sel.jpg?resize=525%2C300 1.5x"},"classes":[]}],"jetpack_sharing_enabled":true,"jetpack_likes_enabled":true,"_links":{"self":[{"href":"https:\/\/www.24baires.com\/index.php?rest_route=\/wp\/v2\/posts\/14161","targetHints":{"allow":["GET"]}}],"collection":[{"href":"https:\/\/www.24baires.com\/index.php?rest_route=\/wp\/v2\/posts"}],"about":[{"href":"https:\/\/www.24baires.com\/index.php?rest_route=\/wp\/v2\/types\/post"}],"author":[{"embeddable":true,"href":"https:\/\/www.24baires.com\/index.php?rest_route=\/wp\/v2\/users\/11"}],"replies":[{"embeddable":true,"href":"https:\/\/www.24baires.com\/index.php?rest_route=%2Fwp%2Fv2%2Fcomments&post=14161"}],"version-history":[{"count":3,"href":"https:\/\/www.24baires.com\/index.php?rest_route=\/wp\/v2\/posts\/14161\/revisions"}],"predecessor-version":[{"id":14167,"href":"https:\/\/www.24baires.com\/index.php?rest_route=\/wp\/v2\/posts\/14161\/revisions\/14167"}],"wp:attachment":[{"href":"https:\/\/www.24baires.com\/index.php?rest_route=%2Fwp%2Fv2%2Fmedia&parent=14161"}],"wp:term":[{"taxonomy":"category","embeddable":true,"href":"https:\/\/www.24baires.com\/index.php?rest_route=%2Fwp%2Fv2%2Fcategories&post=14161"},{"taxonomy":"post_tag","embeddable":true,"href":"https:\/\/www.24baires.com\/index.php?rest_route=%2Fwp%2Fv2%2Ftags&post=14161"}],"curies":[{"name":"wp","href":"https:\/\/api.w.org\/{rel}","templated":true}]}}