{"id":14144,"date":"2013-01-31T14:48:47","date_gmt":"2013-01-31T17:48:47","guid":{"rendered":"http:\/\/www.24baires.com\/?p=14144"},"modified":"2013-01-31T12:34:42","modified_gmt":"2013-01-31T15:34:42","slug":"comedores-y-transportes-escolares-en-la-provincia-solicitan-declarar-la-emergencia","status":"publish","type":"post","link":"https:\/\/www.24baires.com\/?p=14144","title":{"rendered":"Comedores y transportes escolares en la Provincia: solicitan declarar la Emergencia"},"content":{"rendered":"<p>El proyecto de ley es impulsado por la senadora bonaerense, Mar\u00eda Isabel Gainza, y pretende declarar por doce meses la emergencia de los comedores escolares y los transportes de alumnos.<!--more--><\/p>\n<p>La senadora provincial Mar\u00eda Isabel Gainza, manifest\u00f3 que desde su bloque \u201chemos denunciado en forma permanente la falta de ejecuci\u00f3n de los programas de Ni\u00f1ez\u201d por parte del Ejecutivo bonaerense.<\/p>\n<p>En ese sentido se refiri\u00f3 tanto a la Direcci\u00f3n de Educaci\u00f3n, a ra\u00edz de las condiciones de emergencia edilicia de escuelas en las cuales se encuentran al menos 20 distritos bonaerenses as\u00ed como la posibilidad de cierre dela Casa del Ni\u00f1o de San Nicol\u00e1s por la falta de pago de becas.<\/p>\n<p>\u201cHemos denunciado en forma permanente la falta de ejecuci\u00f3n de los programas de Ni\u00f1ez, tanto los dependientes en su momento del Ministerio de Desarrollo Social, como los actualmente en la \u00f3rbita dela Secretar\u00eda de Ni\u00f1ez , y lo atinente a la Direcci\u00f3n de Educaci\u00f3n\u201d, sostuvo la senadora, acerca de los reclamos tanto por parte de gremios docentes sobre las p\u00e9simas condiciones de las escuelas dela Provincia y la contaminaci\u00f3n, como el caso la escuela de Tandil en donde detectaron agua con escherichia coli.<\/p>\n<p>\u201cLa inejecuci\u00f3n o la ejecuci\u00f3n deficitaria de los programas de Ni\u00f1ez importan la violaci\u00f3n a lo consagrado por la Convenci\u00f3n de los Derechos del Ni\u00f1o, receptados en el art\u00edculo 75 inciso22 dela Constituci\u00f3n Nacional y el art\u00edculo 37 dela Constituci\u00f3n de la Provincia de Buenos Aires, que establece el deber supletorio del Estado\u201d, remarc\u00f3 la funcionaria y vicepresidente dela Comisi\u00f3n de Ni\u00f1ez, Adolescencia y Familia de la c\u00e1mara alta en declaraciones al portal infocielo.<\/p>\n<p>Por esa raz\u00f3n es que la senadora impulsa la emergencia por doce meses de los comedores escolares y los transportes de alumnos en la provincia de Buenos Aires, \u201ca partir de la deuda que el gobierno mantiene con los proveedores y que afecta gravemente el servicio\u201d.<\/p>\n<p>&nbsp;<\/p>\n<p>&nbsp;<\/p>\n<p>&nbsp;<\/p>\n<p>&nbsp;<\/p>\n<p>&nbsp;<\/p>\n<p>&nbsp;<\/p>\n<p>&nbsp;<\/p>\n<p>&nbsp;<\/p>\n<p>&nbsp;<\/p>\n<p>&nbsp;<\/p>\n<p>&nbsp;<\/p>\n<p>&nbsp;<\/p>\n<p>&nbsp;<\/p>\n<p>&nbsp;<\/p>\n<p>&nbsp;<\/p>\n<p>&nbsp;<\/p>\n<p>&nbsp;<\/p>\n<p>&nbsp;<\/p>\n<p>&nbsp;<\/p>\n<p>&nbsp;<\/p>\n<p>&nbsp;<\/p>\n<p>&nbsp;<\/p>\n<p>&nbsp;<\/p>\n<p>&nbsp;<\/p>\n<p>&nbsp;<\/p>\n<p>&nbsp;<\/p>\n<p>&nbsp;<\/p>\n<p>&nbsp;<\/p>\n","protected":false},"excerpt":{"rendered":"<p>El proyecto de ley es impulsado por la senadora bonaerense, Mar\u00eda Isabel Gainza, y pretende declarar por doce meses la emergencia de los comedores escolares y los transportes de alumnos.<\/p>\n","protected":false},"author":4,"featured_media":0,"comment_status":"open","ping_status":"open","sticky":false,"template":"","format":"standard","meta":{"_jetpack_newsletter_access":"","_jetpack_dont_email_post_to_subs":false,"_jetpack_newsletter_tier_id":0,"_jetpack_memberships_contains_paywalled_content":false,"_jetpack_memberships_contains_paid_content":false,"footnotes":""},"categories":[1],"tags":[],"class_list":["post-14144","post","type-post","status-publish","format-standard","hentry","category-sociedad"],"jetpack_featured_media_url":"","jetpack_shortlink":"https:\/\/wp.me\/p2JWE0-3G8","jetpack-related-posts":[{"id":8134,"url":"https:\/\/www.24baires.com\/?p=8134","url_meta":{"origin":14144,"position":0},"title":"Proponen declarar la emergencia del servicio alimentario escolar","author":"AF","date":"06\/12\/2012","format":false,"excerpt":"La iniciativa es impulsada por la senadora bonaerense Mar\u00eda Isabel Gainza frente a la situaci\u00f3n de los proveedores de los comedores escolares, quienes amenazaron con cortar el servicio por la elevada deuda que mantiene la provincia de Buenos Aires. A trav\u00e9s de un proyecto de ley, la legisladora de la\u2026","rel":"","context":"En \u00abSociedad\u00bb","block_context":{"text":"Sociedad","link":"https:\/\/www.24baires.com\/?cat=1"},"img":{"alt_text":"","src":"","width":0,"height":0},"classes":[]},{"id":108639,"url":"https:\/\/www.24baires.com\/?p=108639","url_meta":{"origin":14144,"position":1},"title":"Docentes bonaerenses denuncian que Vidal no cumple la paritaria","author":"AF","date":"07\/06\/2019","format":false,"excerpt":"Los docentes bonaerenses agrupados en Suteba y en la FEB denunciaron el incumplimiento del acuerdo paritario por parte del gobierno de Mar\u00eda Eugenia Vidal por un descuento \"indiscriminado\" de los d\u00edas de paro. \"Considerando el car\u00e1cter alimentario que tiene el salario de los docentes, exigimos una urgente devoluci\u00f3n de los\u2026","rel":"","context":"En \u00abSociedad\u00bb","block_context":{"text":"Sociedad","link":"https:\/\/www.24baires.com\/?cat=1"},"img":{"alt_text":"","src":"https:\/\/i0.wp.com\/www.24baires.com\/wp-content\/uploads\/2018\/10\/baradel.jpg?resize=350%2C200","width":350,"height":200,"srcset":"https:\/\/i0.wp.com\/www.24baires.com\/wp-content\/uploads\/2018\/10\/baradel.jpg?resize=350%2C200 1x, https:\/\/i0.wp.com\/www.24baires.com\/wp-content\/uploads\/2018\/10\/baradel.jpg?resize=525%2C300 1.5x"},"classes":[]},{"id":1627,"url":"https:\/\/www.24baires.com\/?p=1627","url_meta":{"origin":14144,"position":2},"title":"Denuncian que empresa privada reemplaza personal de seguridad por polic\u00edas bonaerenses","author":"AF","date":"10\/10\/2012","format":false,"excerpt":"La senadora provincial de la Coalici\u00f3n C\u00edvica, Mar\u00eda Isabel Gainza, asegur\u00f3 que en las pr\u00f3ximas horas elevar\u00e1n un pedido de informes al Ejecutivo. \u201cLos polic\u00edas son servidores p\u00fablicos que est\u00e1n para dar seguridad a todos los bonaerenses y no a los bienes de una empresa. Queremos saber si Casal est\u00e1\u2026","rel":"","context":"En \u00abSociedad\u00bb","block_context":{"text":"Sociedad","link":"https:\/\/www.24baires.com\/?cat=1"},"img":{"alt_text":"","src":"","width":0,"height":0},"classes":[]},{"id":14906,"url":"https:\/\/www.24baires.com\/?p=14906","url_meta":{"origin":14144,"position":3},"title":"La Senadora Gainza alert\u00f3 al Ejecutivo sobre el deplorable estado de las rutas bonaerenses","author":"AF","date":"07\/02\/2013","format":false,"excerpt":"La senadora de la 7ma secci\u00f3n electoral, Mar\u00eda Isabel Gainza, dio a conocer un parte de prensa, donde se\u00f1ala que \"en los \u00faltimos dos a\u00f1os present\u00f3 13 proyectos alertando al Ejecutivo bonaerense sobre el estado deplorable de las rutas 60, 65, 51, 76, 46\". Mientras el gobierno de Daniel Scioli\u2026","rel":"","context":"En \u00abProvincia\u00bb","block_context":{"text":"Provincia","link":"https:\/\/www.24baires.com\/?cat=40"},"img":{"alt_text":"ruta 2","src":"https:\/\/i0.wp.com\/www.24baires.com\/wp-content\/uploads\/2012\/12\/ruta-2-300x168.jpg?resize=350%2C200","width":350,"height":200},"classes":[]},{"id":104161,"url":"https:\/\/www.24baires.com\/?p=104161","url_meta":{"origin":14144,"position":4},"title":"Casi 900 escuelas siguen sin clases por problemas edilicios","author":"GB","date":"29\/08\/2018","format":false,"excerpt":"Los gremios se reunieron con el Gobierno para hablar sobre infraestructura pero no huvo avances. \"Esper\u00e1bamos respuestas integrales\", dijeron desde Suteba. Y advirtieron que hay un faltante de un mill\u00f3n de cupos en comedores. Los gremios docentes bonaerenses cuestionaron al Gobierno por no brindar \"respuestas integrales\" para la problem\u00e1tica edilicia\u2026","rel":"","context":"En \u00abProvincia\u00bb","block_context":{"text":"Provincia","link":"https:\/\/www.24baires.com\/?cat=40"},"img":{"alt_text":"","src":"https:\/\/i0.wp.com\/www.24baires.com\/wp-content\/uploads\/2014\/03\/aulas-vac%C3%ADas.jpg?resize=350%2C200","width":350,"height":200},"classes":[]},{"id":16127,"url":"https:\/\/www.24baires.com\/?p=16127","url_meta":{"origin":14144,"position":5},"title":"Presentan proyecto para crear una materia escolar sobre la violencia de g\u00e9nero","author":"AF","date":"19\/02\/2013","format":false,"excerpt":"Un proyecto de ley impulsado en el Senado bonaerense busca que los estudiantes de las escuelas del distrito cursen una materia destinada a prevenir la violencia de g\u00e9nero. La iniciativa de la senadora provincial Mar\u00eda Isabel (Coalici\u00f3n C\u00edvica) Gainza, incorpora al dise\u00f1o curricular del sistema educativo bonaerense, con car\u00e1cter obligatorio\u2026","rel":"","context":"En \u00abSociedad\u00bb","block_context":{"text":"Sociedad","link":"https:\/\/www.24baires.com\/?cat=1"},"img":{"alt_text":"clase","src":"https:\/\/i0.wp.com\/www.24baires.com\/wp-content\/uploads\/2013\/02\/clase-300x198.jpg?resize=350%2C200","width":350,"height":200},"classes":[]}],"jetpack_sharing_enabled":true,"jetpack_likes_enabled":true,"_links":{"self":[{"href":"https:\/\/www.24baires.com\/index.php?rest_route=\/wp\/v2\/posts\/14144","targetHints":{"allow":["GET"]}}],"collection":[{"href":"https:\/\/www.24baires.com\/index.php?rest_route=\/wp\/v2\/posts"}],"about":[{"href":"https:\/\/www.24baires.com\/index.php?rest_route=\/wp\/v2\/types\/post"}],"author":[{"embeddable":true,"href":"https:\/\/www.24baires.com\/index.php?rest_route=\/wp\/v2\/users\/4"}],"replies":[{"embeddable":true,"href":"https:\/\/www.24baires.com\/index.php?rest_route=%2Fwp%2Fv2%2Fcomments&post=14144"}],"version-history":[{"count":1,"href":"https:\/\/www.24baires.com\/index.php?rest_route=\/wp\/v2\/posts\/14144\/revisions"}],"predecessor-version":[{"id":14145,"href":"https:\/\/www.24baires.com\/index.php?rest_route=\/wp\/v2\/posts\/14144\/revisions\/14145"}],"wp:attachment":[{"href":"https:\/\/www.24baires.com\/index.php?rest_route=%2Fwp%2Fv2%2Fmedia&parent=14144"}],"wp:term":[{"taxonomy":"category","embeddable":true,"href":"https:\/\/www.24baires.com\/index.php?rest_route=%2Fwp%2Fv2%2Fcategories&post=14144"},{"taxonomy":"post_tag","embeddable":true,"href":"https:\/\/www.24baires.com\/index.php?rest_route=%2Fwp%2Fv2%2Ftags&post=14144"}],"curies":[{"name":"wp","href":"https:\/\/api.w.org\/{rel}","templated":true}]}}