{"id":14141,"date":"2013-01-31T14:03:05","date_gmt":"2013-01-31T17:03:05","guid":{"rendered":"http:\/\/www.24baires.com\/?p=14141"},"modified":"2013-01-31T12:29:56","modified_gmt":"2013-01-31T15:29:56","slug":"mal-estado-ruta-51-basta-de-entregar-bolsas-con-cadaveres-a-las-familias","status":"publish","type":"post","link":"https:\/\/www.24baires.com\/?p=14141","title":{"rendered":"Mal estado ruta 51: \u201cBasta de entregar bolsas con cad\u00e1veres a las familias\u201d"},"content":{"rendered":"<p><img data-recalc-dims=\"1\" loading=\"lazy\" decoding=\"async\" class=\"alignleft size-medium wp-image-14142\" alt=\"protesta ruta 51\" src=\"https:\/\/i0.wp.com\/www.24baires.com\/wp-content\/uploads\/2013\/01\/protesta-ruta-51.jpg?resize=300%2C152\" width=\"300\" height=\"152\" srcset=\"https:\/\/i0.wp.com\/www.24baires.com\/wp-content\/uploads\/2013\/01\/protesta-ruta-51.jpg?resize=300%2C152&amp;ssl=1 300w, https:\/\/i0.wp.com\/www.24baires.com\/wp-content\/uploads\/2013\/01\/protesta-ruta-51.jpg?w=550&amp;ssl=1 550w\" sizes=\"auto, (max-width: 300px) 100vw, 300px\" \/>Familiares de Jos\u00e9 Luis Las Heras estuvieron presentes en la protesta por el estado de la ruta 51. \u201cEste pueblo le ha brindado el cemento al pa\u00eds y al mundo desde hace un centenar de a\u00f1os y es parad\u00f3jico que estamos peleando por un par de kil\u00f3metros\u201d, expresaron.<!--more--><\/p>\n<p>Familiares de Jos\u00e9 Luis Las Heras se sumaron al reclamo por obras de vialidad en la ruta 51 que se llev\u00f3 a cabo en la entrada a Loma Negra, este mi\u00e9rcoles por la tarde. Con una foto en recuerdo del hombre de 58 a\u00f1os que perdi\u00f3 la vida el lunes en un accidente a la altura de San Jacinto, reclamaron la intervenci\u00f3n de las autoridades en el asunto para que no haya m\u00e1s muertes.<\/p>\n<p>\u201cQueremos decir basta a las muertes, que sea la \u00faltima por favor. Ayer fue mi cu\u00f1ado, hoy puede ser cualquiera de nosotros\u201d, expres\u00f3 su cu\u00f1ada, y agreg\u00f3: \u201cLa gente que pasa por ac\u00e1 es gente que va a producir para el pa\u00eds o sino es gente que est\u00e1 de paso pero siempre estamos necesitando la ruta en buenas condiciones\u201d.<\/p>\n<p>\u201cNo puede ser una persona m\u00e1s, que las autoridades hagan algo, municipales, provinciales, como sea pero basta de entregar bolsas con cad\u00e1veres a las familias. Tengo a mi sobrina de 7 a\u00f1os que me pregunta por su padre, basta, no se juega m\u00e1s con el dolor de la gente. Hoy pasa esto, ma\u00f1ana van a transitar por ac\u00e1 cientos de trabajadores\u201d, expres\u00f3 la mujer.<\/p>\n<p>Sobre el comunicado que Vialidad provincial emiti\u00f3 ese mismo lunes, una de sus hijas dijo: \u201chan visto el tramo de 50 metros que tal vez es cierto que es transitable pero no podemos tapar el sol con un dedo, tenemos que ver que esto viene por lo menos desde 226 hasta L\u2019Amal\u00ed\u201d, y sostuvieron que a un kil\u00f3metro y medio de la entrada a la localidad \u201clos autos bajos sacan chispas, es incre\u00edble\u201d.<\/p>\n<p>Por \u00faltimo, los allegados a Las Heras, oriundos de Loma Negra expresaron: \u201cEste pueblo le ha brindado el cemento al pa\u00eds y al mundo desde hace un centenar de a\u00f1os. Es parad\u00f3jico que estamos peleando por un par de kil\u00f3metros de cemento. Este pueblo merece que se lo trate con respeto, precisamente es simb\u00f3lico\u201d.<\/p>\n<p>Su cu\u00f1ada agreg\u00f3: \u201cDurante siete a\u00f1os he transitado a las escuelas de Santa Luisa y no puede ser que los chicos despidan a los padres y se los devuelvan en una bolsa sin posibilidad a veces de verlo en el caj\u00f3n, porque como a mi cu\u00f1ado lo velaron a caj\u00f3n cerrado\u201d. Por \u00faltimo agreg\u00f3: \u201cTomemos esto en contexto general, con todos los casos que han ocurrido. Van a seguir muriendo m\u00e1s personas si el gobierno provincial no hace algo. Tenemos que llevarle una respuesta a mi sobrina de 11 a\u00f1os que ha pedido una estrella amarilla con las iniciales de su padre\u201d, concluy\u00f3 emocionada.<\/p>\n<p>&nbsp;<\/p>\n<p>&nbsp;<\/p>\n<p>&nbsp;<\/p>\n<p>&nbsp;<\/p>\n<p>&nbsp;<\/p>\n<p>&nbsp;<\/p>\n<p>&nbsp;<\/p>\n<p>&nbsp;<\/p>\n<p>&nbsp;<\/p>\n<p>&nbsp;<\/p>\n<p>&nbsp;<\/p>\n<p>&nbsp;<\/p>\n<p>&nbsp;<\/p>\n<p>&nbsp;<\/p>\n<p>&nbsp;<\/p>\n<p>&nbsp;<\/p>\n<p>&nbsp;<\/p>\n<p>&nbsp;<\/p>\n","protected":false},"excerpt":{"rendered":"<p>Familiares de Jos\u00e9 Luis Las Heras estuvieron presentes en la protesta por el estado de la ruta 51. \u201cEste pueblo le ha brindado el cemento al pa\u00eds y al mundo desde hace un centenar de a\u00f1os y es parad\u00f3jico que estamos peleando por un par de kil\u00f3metros\u201d, expresaron.<\/p>\n","protected":false},"author":4,"featured_media":0,"comment_status":"open","ping_status":"open","sticky":false,"template":"","format":"standard","meta":{"_jetpack_newsletter_access":"","_jetpack_dont_email_post_to_subs":false,"_jetpack_newsletter_tier_id":0,"_jetpack_memberships_contains_paywalled_content":false,"_jetpack_memberships_contains_paid_content":false,"footnotes":""},"categories":[1],"tags":[],"class_list":["post-14141","post","type-post","status-publish","format-standard","hentry","category-sociedad"],"jetpack_featured_media_url":"","jetpack_shortlink":"https:\/\/wp.me\/p2JWE0-3G5","jetpack-related-posts":[{"id":14010,"url":"https:\/\/www.24baires.com\/?p=14010","url_meta":{"origin":14141,"position":0},"title":"Loma Negra protestar\u00e1 por el calamitoso estado de la ruta 51","author":"AF","date":"30\/01\/2013","format":false,"excerpt":"La manifestaci\u00f3n, que plantearon que ser\u00e1 \"pac\u00edfica\", ser\u00e1 este mi\u00e9rcoles a partir de las 18 a la altura del arco de entrada a la Villa Nueva. A trav\u00e9s del grupo de Facebook \"Salvemos nuestras vidas en la ruta 51 Loma Negra\", los vecinos de esta localidad convocaron a todos los\u2026","rel":"","context":"En \u00abLocales\u00bb","block_context":{"text":"Locales","link":"https:\/\/www.24baires.com\/?cat=38"},"img":{"alt_text":"","src":"","width":0,"height":0},"classes":[]},{"id":11721,"url":"https:\/\/www.24baires.com\/?p=11721","url_meta":{"origin":14141,"position":1},"title":"El Concejo de Olavarr\u00eda adhiri\u00f3 al reclamo por mejor en la Ruta 51","author":"AF","date":"10\/01\/2013","format":false,"excerpt":"Todos los integrantes del cuerpo legislativo firmaron este mi\u00e9rcoles un acta de acuerdo, donde ponen de manifiesto el acompa\u00f1amiento del pedido del Departamento Ejecutivo al Ministerio de Infraestructura de la provincia de Buenos Aires. Todos los integrantes del Honorable Concejo Deliberante adhirieron al reclamo realizado por el intendente Jos\u00e9 Eseverri\u2026","rel":"","context":"En \u00abLocales\u00bb","block_context":{"text":"Locales","link":"https:\/\/www.24baires.com\/?cat=38"},"img":{"alt_text":"HCD Necochea","src":"https:\/\/i0.wp.com\/www.24baires.com\/wp-content\/uploads\/2013\/01\/HCD-Necochea-300x174.jpg?resize=350%2C200","width":350,"height":200},"classes":[]},{"id":52654,"url":"https:\/\/www.24baires.com\/?p=52654","url_meta":{"origin":14141,"position":2},"title":"Ramallo, Arrecifes y Pergamino reclaman a Provincia por la ruta 51","author":"Grupo Sierra","date":"28\/08\/2014","format":false,"excerpt":"Los Intendentes de las localidades se reunieron con la administradora de Vialidad bonaerense, Patricia Tombesi, para reclamar por un plan de repavimentaci\u00f3n de la ruta provincial, de la que dijeron que \u201cdeber\u00eda estar cerrada al tr\u00e1nsito\u201d por el estado en el que se encuentra. Los jefes comunales Ariel Santalla (Ramallo),\u2026","rel":"","context":"En \u00abProvincia\u00bb","block_context":{"text":"Provincia","link":"https:\/\/www.24baires.com\/?cat=40"},"img":{"alt_text":"ruta 2","src":"https:\/\/i0.wp.com\/www.24baires.com\/wp-content\/uploads\/2012\/12\/ruta-2-300x168.jpg?resize=350%2C200","width":350,"height":200},"classes":[]},{"id":11266,"url":"https:\/\/www.24baires.com\/?p=11266","url_meta":{"origin":14141,"position":3},"title":"Contin\u00faan los reclamos para que se arregle la ruta 51","author":"AF","date":"05\/01\/2013","format":false,"excerpt":"OLAVARR\u00cdA - La reiteraci\u00f3n se debe a la ausencia de mejoras de la transitabilidad en el sector que va desde la Ruta 226 hasta el acceso a L\u2019Amal\u00ed. La solicitud fue enviada por el intendente de Olavarr\u00eda Jos\u00e9 Eseverri al Ministro de Infraestructura, Alejandro Arl\u00eda. Tambi\u00e9n se adjuntaron cartas de\u2026","rel":"","context":"En \u00abLocales\u00bb","block_context":{"text":"Locales","link":"https:\/\/www.24baires.com\/?cat=38"},"img":{"alt_text":"","src":"","width":0,"height":0},"classes":[]},{"id":105065,"url":"https:\/\/www.24baires.com\/?p=105065","url_meta":{"origin":14141,"position":4},"title":"Transportistas paran por tiempo indeterminado","author":"GB","date":"23\/10\/2018","format":false,"excerpt":"Transportistas de granos iniciar\u00e1n ma\u00f1ana un paro de actividades por tiempo indeterminado en reclamo de medidas que aten\u00faen la crisis que enfrenta el sector y la medida de fuerza incluir\u00e1 piquetes en cruces de ruta clave del sur del territorio provincial, sobre la ruta 3, la 226 y la 51.\u2026","rel":"","context":"En \u00abSociedad\u00bb","block_context":{"text":"Sociedad","link":"https:\/\/www.24baires.com\/?cat=1"},"img":{"alt_text":"","src":"https:\/\/i0.wp.com\/www.24baires.com\/wp-content\/uploads\/2016\/07\/camiones-1.jpg?resize=350%2C200","width":350,"height":200,"srcset":"https:\/\/i0.wp.com\/www.24baires.com\/wp-content\/uploads\/2016\/07\/camiones-1.jpg?resize=350%2C200 1x, https:\/\/i0.wp.com\/www.24baires.com\/wp-content\/uploads\/2016\/07\/camiones-1.jpg?resize=525%2C300 1.5x"},"classes":[]},{"id":14906,"url":"https:\/\/www.24baires.com\/?p=14906","url_meta":{"origin":14141,"position":5},"title":"La Senadora Gainza alert\u00f3 al Ejecutivo sobre el deplorable estado de las rutas bonaerenses","author":"AF","date":"07\/02\/2013","format":false,"excerpt":"La senadora de la 7ma secci\u00f3n electoral, Mar\u00eda Isabel Gainza, dio a conocer un parte de prensa, donde se\u00f1ala que \"en los \u00faltimos dos a\u00f1os present\u00f3 13 proyectos alertando al Ejecutivo bonaerense sobre el estado deplorable de las rutas 60, 65, 51, 76, 46\". Mientras el gobierno de Daniel Scioli\u2026","rel":"","context":"En \u00abProvincia\u00bb","block_context":{"text":"Provincia","link":"https:\/\/www.24baires.com\/?cat=40"},"img":{"alt_text":"ruta 2","src":"https:\/\/i0.wp.com\/www.24baires.com\/wp-content\/uploads\/2012\/12\/ruta-2-300x168.jpg?resize=350%2C200","width":350,"height":200},"classes":[]}],"jetpack_sharing_enabled":true,"jetpack_likes_enabled":true,"_links":{"self":[{"href":"https:\/\/www.24baires.com\/index.php?rest_route=\/wp\/v2\/posts\/14141","targetHints":{"allow":["GET"]}}],"collection":[{"href":"https:\/\/www.24baires.com\/index.php?rest_route=\/wp\/v2\/posts"}],"about":[{"href":"https:\/\/www.24baires.com\/index.php?rest_route=\/wp\/v2\/types\/post"}],"author":[{"embeddable":true,"href":"https:\/\/www.24baires.com\/index.php?rest_route=\/wp\/v2\/users\/4"}],"replies":[{"embeddable":true,"href":"https:\/\/www.24baires.com\/index.php?rest_route=%2Fwp%2Fv2%2Fcomments&post=14141"}],"version-history":[{"count":1,"href":"https:\/\/www.24baires.com\/index.php?rest_route=\/wp\/v2\/posts\/14141\/revisions"}],"predecessor-version":[{"id":14143,"href":"https:\/\/www.24baires.com\/index.php?rest_route=\/wp\/v2\/posts\/14141\/revisions\/14143"}],"wp:attachment":[{"href":"https:\/\/www.24baires.com\/index.php?rest_route=%2Fwp%2Fv2%2Fmedia&parent=14141"}],"wp:term":[{"taxonomy":"category","embeddable":true,"href":"https:\/\/www.24baires.com\/index.php?rest_route=%2Fwp%2Fv2%2Fcategories&post=14141"},{"taxonomy":"post_tag","embeddable":true,"href":"https:\/\/www.24baires.com\/index.php?rest_route=%2Fwp%2Fv2%2Ftags&post=14141"}],"curies":[{"name":"wp","href":"https:\/\/api.w.org\/{rel}","templated":true}]}}