{"id":14132,"date":"2013-01-31T12:58:20","date_gmt":"2013-01-31T15:58:20","guid":{"rendered":"http:\/\/www.24baires.com\/?p=14132"},"modified":"2013-01-31T12:10:10","modified_gmt":"2013-01-31T15:10:10","slug":"gran-movimiento-en-terminales-y-aeropuertos-por-el-cambio-de-quincena","status":"publish","type":"post","link":"https:\/\/www.24baires.com\/?p=14132","title":{"rendered":"Gran movimiento en terminales y aeropuertos por el cambio de quincena"},"content":{"rendered":"<p><img data-recalc-dims=\"1\" loading=\"lazy\" decoding=\"async\" class=\"alignleft size-medium wp-image-14133\" alt=\"RETIRO\" src=\"https:\/\/i0.wp.com\/www.24baires.com\/wp-content\/uploads\/2013\/01\/RETIRO.jpg?resize=300%2C264\" width=\"300\" height=\"264\" srcset=\"https:\/\/i0.wp.com\/www.24baires.com\/wp-content\/uploads\/2013\/01\/RETIRO.jpg?resize=300%2C264&amp;ssl=1 300w, https:\/\/i0.wp.com\/www.24baires.com\/wp-content\/uploads\/2013\/01\/RETIRO.jpg?w=510&amp;ssl=1 510w\" sizes=\"auto, (max-width: 300px) 100vw, 300px\" \/>El recambio y el feriado promovieron una mayor demanda de pasajes de micro hacia la Costa por lo que los servicios fueron reforzados, mientras en Aeroparque est\u00e1n casi agotados. Hay un intenso movimiento en rutas.<!--more--><br \/>\nLa Comisi\u00f3n Nacional de Regulaci\u00f3n del Transporte (CNRT), precis\u00f3 que a los 1.600 servicios que entran y salen de la terminal de Retiro en un d\u00eda normal, ayer \u00abse agregaron 400 servicios adicionales\u00bb, hoy \u00abse adicionaron 350 servicios y para el viernes primero de febrero se sumaron 450\u00bb.<\/p>\n<p>Asimismo, detall\u00f3 que \u00abel 20 por ciento\u00bb de los \u00f3mnibus \u00abse dirigen hacia el interior de la provincia de Buenos Aires, le sigue la Costa Atl\u00e1ntica con un 17 por ciento y el Litoral con un 16\u00bb, y en cuarto lugar \u00abel centro-norte del pa\u00eds con el 9 por ciento de las salidas\u00bb.<\/p>\n<p>En tanto, \u00abun 5 por ciento del total de los \u00f3mnibus corresponde a salidas internacionales\u00bb, la gran mayor\u00eda hacia \u00abParaguay con un 50 por ciento\u00bb y el resto a \u00abUruguay, Brasil, Bolivia, Per\u00fa y Chile\u00bb.<\/p>\n<p>En tanto, las ventas de pasajes en Aerol\u00edneas Argentinas y Austral para hoy y ma\u00f1ana est\u00e1n t\u00e9cnicamente agotadas en la mayor\u00eda de los destinos, lo que permite inferir que mucha gente decidi\u00f3 armar su fin de semana largo a partir del feriado de ma\u00f1ana, informaron fuentes de la compa\u00f1\u00eda.<\/p>\n<p>Punta del Este fue el destino que m\u00e1s r\u00e1pidamente alcanz\u00f3 el 100 por ciento de ocupaci\u00f3n de sus pasajes para los seis vuelos previstos para ma\u00f1ana y para los siete programados para el viernes.<\/p>\n<p>La misma tendencia siguieron destinos tur\u00edsticamente fuertes que tiene una ocupaci\u00f3n del 90 al 98 por ciento como Calafate con sus seis frecuencias de ma\u00f1ana o Bariloche tambi\u00e9n con seis vuelos para el jueves y otros tantos para el viernes.<\/p>\n<p>Con menos frecuencias pero plena ocupaci\u00f3n de sus dos vuelos diarios, Mar del Plata es otro destino elegido por los turistas para este fin de semana.<\/p>\n<p>Las fuentes se\u00f1alaron que de la misma manera los vuelos de regreso a Buenos Aire de todos los destinos tur\u00edsticos est\u00e1n agotados para el domingo.<\/p>\n<p><strong>Intenso movimiento en la ruta hacia la Costa<\/strong><\/p>\n<p>El tr\u00e1nsito por la autov\u00eda 2 hacia la Costa Atl\u00e1ntica era muy intenso esta ma\u00f1ana debido al comienzo de la primera quincena de febrero, contabiliz\u00e1ndose cerca de 2.200 autos por hora por el puesto de peaje del partido bonaerense de Lezama.<\/p>\n<p>Personal del puesto caminero de ese municipio dijo a T\u00e9lam que sentido a la Costa Atl\u00e1ntica \u00abel tr\u00e1nsito es muy intenso\u00bb y que \u00abcirculan entre 35 y 40 autos por minuto\u00bb.<\/p>\n<p>El tr\u00e1nsito por la autov\u00eda 2 hacia la Costa Atl\u00e1ntica era muy intenso esta ma\u00f1ana debido al comienzo de la primera quincena de febrero, contabiliz\u00e1ndose cerca de 2.200 autos por hora por el puesto de peaje del partido bonaerense de Lezama.<\/p>\n<p>Personal del puesto caminero de ese municipio dijo a T\u00e9lam que sentido a la Costa Atl\u00e1ntica \u00abel tr\u00e1nsito es muy intenso\u00bb y que \u00abcirculan entre 35 y 40 autos por minuto\u00bb.<\/p>\n<p>Asimismo, detall\u00f3 que \u00abdesde las primeras horas de hoy se intensific\u00f3 notablemente el tr\u00e1nsito hacia la costa\u00bb.<\/p>\n<p>En tanto, por la ruta 2, pero sentido a Capital Federal \u00abpasan muy pocos autos, entre 3 y 5 veh\u00edculos por minuto\u00bb.<\/p>\n<p>Si bien la primera quincena de febrero comienza ma\u00f1ana, el feriado nacional por el Bicentenario de la Asamblea General Constituyente del a\u00f1o 1813, alent\u00f3 a muchos turistas a comenzar sus vacaciones un d\u00eda antes.<\/p>\n<p>&nbsp;<\/p>\n<p>&nbsp;<\/p>\n<p>&nbsp;<\/p>\n<p>&nbsp;<\/p>\n<p>&nbsp;<\/p>\n<p>&nbsp;<\/p>\n<p>&nbsp;<\/p>\n<p>&nbsp;<\/p>\n<p>&nbsp;<\/p>\n<p>&nbsp;<\/p>\n<p>&nbsp;<\/p>\n<p>&nbsp;<\/p>\n<p>&nbsp;<\/p>\n<p>&nbsp;<\/p>\n<p>&nbsp;<\/p>\n<p>&nbsp;<\/p>\n<p>&nbsp;<\/p>\n<p>&nbsp;<\/p>\n<p>&nbsp;<\/p>\n<p>&nbsp;<\/p>\n","protected":false},"excerpt":{"rendered":"<p>El recambio y el feriado promovieron una mayor demanda de pasajes de micro hacia la Costa por lo que los servicios fueron reforzados, mientras en Aeroparque est\u00e1n casi agotados. Hay un intenso movimiento en rutas.<\/p>\n","protected":false},"author":4,"featured_media":0,"comment_status":"open","ping_status":"open","sticky":false,"template":"","format":"standard","meta":{"_jetpack_newsletter_access":"","_jetpack_dont_email_post_to_subs":false,"_jetpack_newsletter_tier_id":0,"_jetpack_memberships_contains_paywalled_content":false,"_jetpack_memberships_contains_paid_content":false,"footnotes":""},"categories":[1],"tags":[],"class_list":["post-14132","post","type-post","status-publish","format-standard","hentry","category-sociedad"],"jetpack_featured_media_url":"","jetpack_shortlink":"https:\/\/wp.me\/p2JWE0-3FW","jetpack-related-posts":[{"id":12276,"url":"https:\/\/www.24baires.com\/?p=12276","url_meta":{"origin":14132,"position":0},"title":"Por el cambio de quincena suman micros para viajar desde Retiro a la Costa","author":"AF","date":"15\/01\/2013","format":false,"excerpt":"El cambio de turistas demand\u00f3 adicionar 360 \u00f3mnibus de larga distancia, que se suman a los 1600 que circulan a diario en la terminal. Seg\u00fan aseguraron desde la Comisi\u00f3n Nacional Reguladora de Transporte, el destino principal sigue siendo \u201cel interior de la provincia de Buenos Aires\u201d. En el d\u00eda de\u2026","rel":"","context":"En \u00abSociedad\u00bb","block_context":{"text":"Sociedad","link":"https:\/\/www.24baires.com\/?cat=1"},"img":{"alt_text":"","src":"","width":0,"height":0},"classes":[]},{"id":14028,"url":"https:\/\/www.24baires.com\/?p=14028","url_meta":{"origin":14132,"position":1},"title":"Comenz\u00f3 el \u00e9xodo tur\u00edstico por el cambio de quincena","author":"AF","date":"30\/01\/2013","format":false,"excerpt":"La coincidencia con el recambio y el feriado promovieron una mayor demanda de pasajes de micros hacia el interior del territorio bonaerense y la Costa, inform\u00f3 la Comisi\u00f3n Nacional de Regulaci\u00f3n del Transporte. La CNRT precis\u00f3 que a los 1.600 servicios que entran y salen de la terminal de Retiro\u2026","rel":"","context":"En \u00abSociedad\u00bb","block_context":{"text":"Sociedad","link":"https:\/\/www.24baires.com\/?cat=1"},"img":{"alt_text":"","src":"","width":0,"height":0},"classes":[]},{"id":28093,"url":"https:\/\/www.24baires.com\/?p=28093","url_meta":{"origin":14132,"position":2},"title":"Miles de micros salen de Retiro en el inicio de las vacaciones de invierno","author":"AF","date":"12\/07\/2013","format":false,"excerpt":"Un total de 7.300 micros de larga distancia partir\u00e1n desde la estaci\u00f3n Terminal de Retiro durante este fin de semana, en el inicio de las vacaciones de invierno en la Ciudad de Buenos Aires. La Comisi\u00f3n Nacional de Regulaci\u00f3n de Transporte (CNRT) precis\u00f3 que est\u00e1 prevista la partida desde hoy\u2026","rel":"","context":"En \u00abSociedad\u00bb","block_context":{"text":"Sociedad","link":"https:\/\/www.24baires.com\/?cat=1"},"img":{"alt_text":"","src":"","width":0,"height":0},"classes":[]},{"id":28167,"url":"https:\/\/www.24baires.com\/?p=28167","url_meta":{"origin":14132,"position":3},"title":"Gran movimiento de turistas hacia destinos bonaerenses","author":"AF","date":"13\/07\/2013","format":false,"excerpt":"Una gran cantidad de veh\u00edculos se registraron dirigi\u00e9ndose hacia los principales destinos del territorio bonaerense. Asimismo, se estima que alrededor de 13 millones de personas se movilizar\u00e1n por todo el pa\u00eds. La Costa Atl\u00e1ntica bonaerense y tambi\u00e9n hacia destinos serranos son algunos de los puntos m\u00e1s elegidos por los turistas\u2026","rel":"","context":"En \u00abSociedad\u00bb","block_context":{"text":"Sociedad","link":"https:\/\/www.24baires.com\/?cat=1"},"img":{"alt_text":"ruta a mar del plata","src":"https:\/\/i0.wp.com\/www.24baires.com\/wp-content\/uploads\/2013\/07\/ruta-a-mar-del-plata.jpg?resize=350%2C200","width":350,"height":200,"srcset":"https:\/\/i0.wp.com\/www.24baires.com\/wp-content\/uploads\/2013\/07\/ruta-a-mar-del-plata.jpg?resize=350%2C200 1x, https:\/\/i0.wp.com\/www.24baires.com\/wp-content\/uploads\/2013\/07\/ruta-a-mar-del-plata.jpg?resize=525%2C300 1.5x"},"classes":[]},{"id":33381,"url":"https:\/\/www.24baires.com\/?p=33381","url_meta":{"origin":14132,"position":4},"title":"Comenz\u00f3 el \u00e9xodo tur\u00edstico por el fin de semana largo","author":"AF","date":"11\/10\/2013","format":false,"excerpt":"Desde temprano, miles de turistas empezaron a movilizarse hacia alg\u00fan lugar del pa\u00eds con el fin de aprovechar algunos d\u00edas de descanso en un fin de semana largo, que se extender\u00e1 hasta el pr\u00f3ximo lunes. En tanto, en la terminal de \u00f3mnibus de Retiro se agregaron servicios de micros para\u2026","rel":"","context":"En \u00abSociedad\u00bb","block_context":{"text":"Sociedad","link":"https:\/\/www.24baires.com\/?cat=1"},"img":{"alt_text":"colectivo larga distancia","src":"https:\/\/i0.wp.com\/www.24baires.com\/wp-content\/uploads\/2013\/05\/colectivo-larga-distancia.jpg?resize=350%2C200","width":350,"height":200,"srcset":"https:\/\/i0.wp.com\/www.24baires.com\/wp-content\/uploads\/2013\/05\/colectivo-larga-distancia.jpg?resize=350%2C200 1x, https:\/\/i0.wp.com\/www.24baires.com\/wp-content\/uploads\/2013\/05\/colectivo-larga-distancia.jpg?resize=525%2C300 1.5x"},"classes":[]},{"id":61230,"url":"https:\/\/www.24baires.com\/?p=61230","url_meta":{"origin":14132,"position":5},"title":"Detectaron irregularidades en el 13,5% de los micros inspeccionados","author":"AF","date":"04\/02\/2015","format":false,"excerpt":"El 13,5 por ciento de los micros inspeccionados el \u00faltimo fin de semana en las principales terminales de la provincia fue infraccionado, mientras que, a nivel nacional, un total de 455 colectivos de larga distancia controlados durante enero fueron sacados de servicios por diferentes irregularidades. Sobre un total de 621\u2026","rel":"","context":"En \u00abSociedad\u00bb","block_context":{"text":"Sociedad","link":"https:\/\/www.24baires.com\/?cat=1"},"img":{"alt_text":"colectivo larga distancia","src":"https:\/\/i0.wp.com\/www.24baires.com\/wp-content\/uploads\/2013\/05\/colectivo-larga-distancia.jpg?resize=350%2C200","width":350,"height":200,"srcset":"https:\/\/i0.wp.com\/www.24baires.com\/wp-content\/uploads\/2013\/05\/colectivo-larga-distancia.jpg?resize=350%2C200 1x, https:\/\/i0.wp.com\/www.24baires.com\/wp-content\/uploads\/2013\/05\/colectivo-larga-distancia.jpg?resize=525%2C300 1.5x"},"classes":[]}],"jetpack_sharing_enabled":true,"jetpack_likes_enabled":true,"_links":{"self":[{"href":"https:\/\/www.24baires.com\/index.php?rest_route=\/wp\/v2\/posts\/14132","targetHints":{"allow":["GET"]}}],"collection":[{"href":"https:\/\/www.24baires.com\/index.php?rest_route=\/wp\/v2\/posts"}],"about":[{"href":"https:\/\/www.24baires.com\/index.php?rest_route=\/wp\/v2\/types\/post"}],"author":[{"embeddable":true,"href":"https:\/\/www.24baires.com\/index.php?rest_route=\/wp\/v2\/users\/4"}],"replies":[{"embeddable":true,"href":"https:\/\/www.24baires.com\/index.php?rest_route=%2Fwp%2Fv2%2Fcomments&post=14132"}],"version-history":[{"count":1,"href":"https:\/\/www.24baires.com\/index.php?rest_route=\/wp\/v2\/posts\/14132\/revisions"}],"predecessor-version":[{"id":14134,"href":"https:\/\/www.24baires.com\/index.php?rest_route=\/wp\/v2\/posts\/14132\/revisions\/14134"}],"wp:attachment":[{"href":"https:\/\/www.24baires.com\/index.php?rest_route=%2Fwp%2Fv2%2Fmedia&parent=14132"}],"wp:term":[{"taxonomy":"category","embeddable":true,"href":"https:\/\/www.24baires.com\/index.php?rest_route=%2Fwp%2Fv2%2Fcategories&post=14132"},{"taxonomy":"post_tag","embeddable":true,"href":"https:\/\/www.24baires.com\/index.php?rest_route=%2Fwp%2Fv2%2Ftags&post=14132"}],"curies":[{"name":"wp","href":"https:\/\/api.w.org\/{rel}","templated":true}]}}