{"id":14127,"date":"2013-01-31T11:37:53","date_gmt":"2013-01-31T14:37:53","guid":{"rendered":"http:\/\/www.24baires.com\/?p=14127"},"modified":"2013-01-31T11:51:47","modified_gmt":"2013-01-31T14:51:47","slug":"el-teatro-aditorium-supero-su-propio-record-en-nominaciones-a-premios","status":"publish","type":"post","link":"https:\/\/www.24baires.com\/?p=14127","title":{"rendered":"El Teatro Aditorium super\u00f3 su propio r\u00e9cord en nominaciones a premios"},"content":{"rendered":"<p><img data-recalc-dims=\"1\" loading=\"lazy\" decoding=\"async\" class=\"aligncenter size-full wp-image-14128\" alt=\"auditorium\" src=\"https:\/\/i0.wp.com\/www.24baires.com\/wp-content\/uploads\/2013\/01\/auditorium.jpg?resize=560%2C295\" width=\"560\" height=\"295\" srcset=\"https:\/\/i0.wp.com\/www.24baires.com\/wp-content\/uploads\/2013\/01\/auditorium.jpg?w=560&amp;ssl=1 560w, https:\/\/i0.wp.com\/www.24baires.com\/wp-content\/uploads\/2013\/01\/auditorium.jpg?resize=300%2C158&amp;ssl=1 300w\" sizes=\"auto, (max-width: 560px) 100vw, 560px\" \/><strong>MAR DEL PLATA &#8211;<\/strong> As\u00ed lo confirm\u00f3 su director, Gustavo Giordano, quien afirm\u00f3 que \u201chab\u00edamos llegado a 25 y hoy tenemos 34 nominaciones\u201d en el premio Estrella de Mar.<!--more--><br \/>\nEl teatro Auditorium de Mar del Plata bati\u00f3 el record de nominaciones en los premios \u201cEstrella de Mar\u201d. Este a\u00f1o cuenta con 34, cuando lo m\u00e1ximo fueron 25 ternas.<\/p>\n<p>El director del teatro Auditorium de Mar del Plata, Gustavo Giordano, afirm\u00f3 en Radio Provincia que \u201cllevo tres a\u00f1o y este a\u00f1o es el que m\u00e1s nominaciones tenemos para los premios Estrella de Mar, tenemos 34. Hab\u00edamos llegado a 25 pero este a\u00f1o tenemos record\u201d.<\/p>\n<p>Cont\u00f3 que \u201cdentro de las nominaciones hay varios del teatro off, como el espect\u00e1culo de La Plata \u201cDe Cervantes a Lorca\u201d.<\/p>\n<p>Destac\u00f3 que \u201cse arm\u00f3 un gran equipo de trabajo, con el personal del Auditurium se estableci\u00f3 un equipo sensacional integrado por personal de prensa y t\u00e9cnicos\u201d.<\/p>\n<p>&nbsp;<\/p>\n<p>&nbsp;<\/p>\n<p>&nbsp;<\/p>\n<p>&nbsp;<\/p>\n<p>&nbsp;<\/p>\n<p>&nbsp;<\/p>\n<p>&nbsp;<\/p>\n<p>&nbsp;<\/p>\n<p>&nbsp;<\/p>\n<p>&nbsp;<\/p>\n<p>&nbsp;<\/p>\n<p>&nbsp;<\/p>\n<p>&nbsp;<\/p>\n<p>&nbsp;<\/p>\n<p>&nbsp;<\/p>\n<p>&nbsp;<\/p>\n<p>&nbsp;<\/p>\n<p>&nbsp;<\/p>\n<p>&nbsp;<\/p>\n<p>&nbsp;<\/p>\n<p>&nbsp;<\/p>\n<p>&nbsp;<\/p>\n<p>&nbsp;<\/p>\n<p>&nbsp;<\/p>\n<p>&nbsp;<\/p>\n<p>&nbsp;<\/p>\n<p>&nbsp;<\/p>\n","protected":false},"excerpt":{"rendered":"<p>MAR DEL PLATA &#8211; As\u00ed lo confirm\u00f3 su director, Gustavo Giordano, quien afirm\u00f3 que \u201chab\u00edamos llegado a 25 y hoy tenemos 34 nominaciones\u201d en el premio Estrella de Mar.<\/p>\n","protected":false},"author":4,"featured_media":0,"comment_status":"open","ping_status":"open","sticky":false,"template":"","format":"standard","meta":{"_jetpack_newsletter_access":"","_jetpack_dont_email_post_to_subs":false,"_jetpack_newsletter_tier_id":0,"_jetpack_memberships_contains_paywalled_content":false,"_jetpack_memberships_contains_paid_content":false,"footnotes":""},"categories":[1],"tags":[],"class_list":["post-14127","post","type-post","status-publish","format-standard","hentry","category-sociedad"],"jetpack_featured_media_url":"","jetpack_shortlink":"https:\/\/wp.me\/p2JWE0-3FR","jetpack-related-posts":[{"id":35668,"url":"https:\/\/www.24baires.com\/?p=35668","url_meta":{"origin":14127,"position":0},"title":"\u00abLa Jaula de Oro\u00bb la mejor pel\u00edcula del Festival de cine de Mar del Plata","author":"GB","date":"24\/11\/2013","format":false,"excerpt":"La coproducci\u00f3n mexicano-espa\u00f1ola \u201cLa jaula de oro\u201d, del espa\u00f1ol Diego Quemada-Diez gan\u00f3 el Astor de Oro a la Mejor Pel\u00edcula y el Premio del P\u00fablico de la Competencia Internacional del 28vo. Festival de Cine de Mar del Plata, que termin\u00f3 anoche. Asistente de c\u00e1mara de Ken Loach y operador de\u2026","rel":"","context":"En \u00abEspectaculos\u00bb","block_context":{"text":"Espectaculos","link":"https:\/\/www.24baires.com\/?cat=41"},"img":{"alt_text":"la jaula de oro","src":"https:\/\/i0.wp.com\/www.24baires.com\/wp-content\/uploads\/2013\/11\/la-jaula-de-oro.jpg?resize=350%2C200","width":350,"height":200,"srcset":"https:\/\/i0.wp.com\/www.24baires.com\/wp-content\/uploads\/2013\/11\/la-jaula-de-oro.jpg?resize=350%2C200 1x, https:\/\/i0.wp.com\/www.24baires.com\/wp-content\/uploads\/2013\/11\/la-jaula-de-oro.jpg?resize=525%2C300 1.5x"},"classes":[]},{"id":6767,"url":"https:\/\/www.24baires.com\/?p=6767","url_meta":{"origin":14127,"position":1},"title":"El Astor de Oro fue para una pel\u00edcula rumana","author":"Grupo Sierra","date":"25\/11\/2012","format":false,"excerpt":"El filme rumano \u201cBeyond the hills\u201d, en el que Cristian Mungiu narra la historia de un amor imposible entre dos j\u00f3venes que viven en un contexto de religiosidad extrema, se consagr\u00f3 como la Mejor Pel\u00edcula del 27mo. Festival Internacional de Cine de Mar del Plata, que concluy\u00f3 hoy en una\u2026","rel":"","context":"En \u00abArte &amp; Cultura\u00bb","block_context":{"text":"Arte &amp; Cultura","link":"https:\/\/www.24baires.com\/?cat=53"},"img":{"alt_text":"","src":"https:\/\/i0.wp.com\/www.24baires.com\/wp-content\/uploads\/2012\/11\/beyondthehills.jpg?resize=350%2C200","width":350,"height":200,"srcset":"https:\/\/i0.wp.com\/www.24baires.com\/wp-content\/uploads\/2012\/11\/beyondthehills.jpg?resize=350%2C200 1x, https:\/\/i0.wp.com\/www.24baires.com\/wp-content\/uploads\/2012\/11\/beyondthehills.jpg?resize=525%2C300 1.5x"},"classes":[]},{"id":29520,"url":"https:\/\/www.24baires.com\/?p=29520","url_meta":{"origin":14127,"position":2},"title":"Aseguran \u00ab\u00e9xito total\u00bb de la agenda de actividades del Instituto Cultural","author":"AF","date":"05\/08\/2013","format":false,"excerpt":"El Instituto Cultural present\u00f3 una agenda de vacaciones de invierno que convoc\u00f3 a miles de chicos y familias en sus distintos espacios. Las principales atracciones art\u00edsticas y culturales se ofrecieron en el Teatro Argentino de La Plata, el Teatro Auditorium de Mar del Plata, el Museo Provincial de Bellas Artes,\u2026","rel":"","context":"En \u00abSociedad\u00bb","block_context":{"text":"Sociedad","link":"https:\/\/www.24baires.com\/?cat=1"},"img":{"alt_text":"","src":"","width":0,"height":0},"classes":[]},{"id":40248,"url":"https:\/\/www.24baires.com\/?p=40248","url_meta":{"origin":14127,"position":3},"title":"La noche de los Estrella de Mar fue para Norma Pons","author":"Grupo Sierra","date":"11\/02\/2014","format":false,"excerpt":"La protagonista de \"La casa de Bernarda Alba\" y quien atraves\u00f3 enero con algunos problemas de salud que la alejaron moment\u00e1neamente del escenario, gan\u00f3 anoche el Estrella de Mar de Oro, m\u00e1ximo galard\u00f3n de una premiaci\u00f3n en la que el musical \"Vale todo\" lider\u00f3 el palmar\u00e9s con siete lauros. Con\u2026","rel":"","context":"En \u00abEspectaculos\u00bb","block_context":{"text":"Espectaculos","link":"https:\/\/www.24baires.com\/?cat=41"},"img":{"alt_text":"norma pons","src":"https:\/\/i0.wp.com\/www.24baires.com\/wp-content\/uploads\/2014\/02\/norma-pons.jpg?resize=350%2C200","width":350,"height":200,"srcset":"https:\/\/i0.wp.com\/www.24baires.com\/wp-content\/uploads\/2014\/02\/norma-pons.jpg?resize=350%2C200 1x, https:\/\/i0.wp.com\/www.24baires.com\/wp-content\/uploads\/2014\/02\/norma-pons.jpg?resize=525%2C300 1.5x"},"classes":[]},{"id":95903,"url":"https:\/\/www.24baires.com\/?p=95903","url_meta":{"origin":14127,"position":4},"title":"\u00abNo les pido que me voten a m\u00ed sino que voten en defensa propia\u00bb","author":"GB","date":"14\/07\/2017","format":false,"excerpt":"Con el testimonio de decenas de \"v\u00edctimas\" de distintas ramas productivas del modelo econ\u00f3mico impuesto por el presidente Mauricio Macri, la ex mandataria lanz\u00f3 su campa\u00f1a en el teatro Radio City de Mar del Plata de cara a las PASO del pr\u00f3ximo 13 de agosto. Los principales precandidatos de la\u2026","rel":"","context":"En \u00abPol\u00edtica\u00bb","block_context":{"text":"Pol\u00edtica","link":"https:\/\/www.24baires.com\/?cat=51"},"img":{"alt_text":"","src":"https:\/\/i0.wp.com\/www.24baires.com\/wp-content\/uploads\/2017\/07\/cristina-lanza-campa%C3%B1a.jpg?resize=350%2C200","width":350,"height":200,"srcset":"https:\/\/i0.wp.com\/www.24baires.com\/wp-content\/uploads\/2017\/07\/cristina-lanza-campa%C3%B1a.jpg?resize=350%2C200 1x, https:\/\/i0.wp.com\/www.24baires.com\/wp-content\/uploads\/2017\/07\/cristina-lanza-campa%C3%B1a.jpg?resize=525%2C300 1.5x"},"classes":[]},{"id":38732,"url":"https:\/\/www.24baires.com\/?p=38732","url_meta":{"origin":14127,"position":5},"title":"Teatros y la Defensor\u00eda del Pueblo se unieron por una ciudad m\u00e1s limpia","author":"GB","date":"18\/01\/2014","format":false,"excerpt":"MAR DEL PLATA-Con el objetivo de generar acciones tendientes a mejorar las condiciones de medio ambiente, respeto al h\u00e1bitat y mantener as\u00ed a Mar del Plata m\u00e1s limpia, la Defensor\u00eda del Pueblo de General Pueyrred\u00f3n y empresarios y productores responsables de salas teatrales privadas y p\u00fablicas de la ciudad firmaron\u2026","rel":"","context":"En \u00abLocales\u00bb","block_context":{"text":"Locales","link":"https:\/\/www.24baires.com\/?cat=38"},"img":{"alt_text":"teatros mar del plata","src":"https:\/\/i0.wp.com\/www.24baires.com\/wp-content\/uploads\/2014\/01\/teatros-mar-del-plata.jpg?resize=350%2C200","width":350,"height":200,"srcset":"https:\/\/i0.wp.com\/www.24baires.com\/wp-content\/uploads\/2014\/01\/teatros-mar-del-plata.jpg?resize=350%2C200 1x, https:\/\/i0.wp.com\/www.24baires.com\/wp-content\/uploads\/2014\/01\/teatros-mar-del-plata.jpg?resize=525%2C300 1.5x"},"classes":[]}],"jetpack_sharing_enabled":true,"jetpack_likes_enabled":true,"_links":{"self":[{"href":"https:\/\/www.24baires.com\/index.php?rest_route=\/wp\/v2\/posts\/14127","targetHints":{"allow":["GET"]}}],"collection":[{"href":"https:\/\/www.24baires.com\/index.php?rest_route=\/wp\/v2\/posts"}],"about":[{"href":"https:\/\/www.24baires.com\/index.php?rest_route=\/wp\/v2\/types\/post"}],"author":[{"embeddable":true,"href":"https:\/\/www.24baires.com\/index.php?rest_route=\/wp\/v2\/users\/4"}],"replies":[{"embeddable":true,"href":"https:\/\/www.24baires.com\/index.php?rest_route=%2Fwp%2Fv2%2Fcomments&post=14127"}],"version-history":[{"count":2,"href":"https:\/\/www.24baires.com\/index.php?rest_route=\/wp\/v2\/posts\/14127\/revisions"}],"predecessor-version":[{"id":14131,"href":"https:\/\/www.24baires.com\/index.php?rest_route=\/wp\/v2\/posts\/14127\/revisions\/14131"}],"wp:attachment":[{"href":"https:\/\/www.24baires.com\/index.php?rest_route=%2Fwp%2Fv2%2Fmedia&parent=14127"}],"wp:term":[{"taxonomy":"category","embeddable":true,"href":"https:\/\/www.24baires.com\/index.php?rest_route=%2Fwp%2Fv2%2Fcategories&post=14127"},{"taxonomy":"post_tag","embeddable":true,"href":"https:\/\/www.24baires.com\/index.php?rest_route=%2Fwp%2Fv2%2Ftags&post=14127"}],"curies":[{"name":"wp","href":"https:\/\/api.w.org\/{rel}","templated":true}]}}