{"id":14124,"date":"2013-01-31T10:51:41","date_gmt":"2013-01-31T13:51:41","guid":{"rendered":"http:\/\/www.24baires.com\/?p=14124"},"modified":"2013-01-31T11:43:12","modified_gmt":"2013-01-31T14:43:12","slug":"las-antenas-de-tda-no-contaminan-aseguro-cynthia-ottaviano","status":"publish","type":"post","link":"https:\/\/www.24baires.com\/?p=14124","title":{"rendered":"\u201cLas antenas de TDA no contaminan\u201d, asegur\u00f3 Cynthia Ottaviano"},"content":{"rendered":"<p>Cynthia Ottaviano cuestion\u00f3 las clausuras efectuadas por De la Sota y asegur\u00f3 que \u201cun gobernante no puede pisotear el derecho a la comunicaci\u00f3n\u201d.<!--more--><br \/>\nLa Defensora del P\u00fablico Cynthia Ottaviano cuestion\u00f3 la decisi\u00f3n del gobernador de C\u00f3rdoba, Jos\u00e9 Manuel de la Sota, de clausurar tres antenas de la Televisi\u00f3n Digital Abierta (TDA). Revel\u00f3 que ning\u00fan funcionario de la provincia respondi\u00f3 a su solicitud de explicaciones y anticip\u00f3 que ma\u00f1ana cursar\u00e1 un pedido de audiencia. Admiti\u00f3 que por salvaguardar el derecho a la comunicaci\u00f3n no se puede perjudicar la salud de la poblaci\u00f3n, pero enfatiz\u00f3 que seg\u00fan los estudios realizados por la Comisi\u00f3n Nacional de Comunicaci\u00f3n no hay ning\u00fan riesgo de contaminaci\u00f3n: \u201clos niveles de radiaci\u00f3n no ionizantes \u2013dice el informe- est\u00e1n muy por debajo de los niveles aceptados y permitidos\u201d.<\/p>\n<p>Consider\u00f3 \u201cde gravedad\u201d la situaci\u00f3n que se est\u00e1 viviendo y subray\u00f3 que \u201cun gobernante no puede pisotear el derecho a la comunicaci\u00f3n\u201d. Al respecto, denunci\u00f3 que en la implementaci\u00f3n de la clausura hubo \u201cuna situaci\u00f3n de prepotencia\u201d porque se tom\u00f3 la \u201cdecisi\u00f3n grave\u201d de \u201cdejar sin acceso a la televisi\u00f3n a toda esta poblaci\u00f3n y sin siquiera avisarles\u201d.<\/p>\n<p>Record\u00f3 que \u201cestamos construyendo nuevos servicios de comunicaci\u00f3n audiovisual en el paradigma de los derechos humanos\u201d, lo que significa que \u201cabsolutamente todas y todos tenemos derecho a acceder a la informaci\u00f3n, a brindarla y a difundirla; tenemos derecho a mirar televisi\u00f3n y de manera gratuita\u201d.<\/p>\n<p>Por \u00faltimo, Cynthia Ottaviano reiter\u00f3 que \u201cno hay ning\u00fan dato que determine que haya riesgo para la salud\u201d, aunque anticip\u00f3 que \u201cseguimos trabajando para que la poblaci\u00f3n tenga tranquilidad\u201d.<\/p>\n<p>&nbsp;<\/p>\n<p>&nbsp;<\/p>\n<p>&nbsp;<\/p>\n<p>&nbsp;<\/p>\n<p>&nbsp;<\/p>\n<p>&nbsp;<\/p>\n<p>&nbsp;<\/p>\n<p>&nbsp;<\/p>\n<p>&nbsp;<\/p>\n<p>&nbsp;<\/p>\n<p>&nbsp;<\/p>\n<p>&nbsp;<\/p>\n<p>&nbsp;<\/p>\n<p>&nbsp;<\/p>\n<p>&nbsp;<\/p>\n<p>&nbsp;<\/p>\n<p>&nbsp;<\/p>\n<p>&nbsp;<\/p>\n<p>&nbsp;<\/p>\n<p>&nbsp;<\/p>\n<p>&nbsp;<\/p>\n<p>&nbsp;<\/p>\n<p>&nbsp;<\/p>\n<p>&nbsp;<\/p>\n<p>&nbsp;<\/p>\n","protected":false},"excerpt":{"rendered":"<p>Cynthia Ottaviano cuestion\u00f3 las clausuras efectuadas por De la Sota y asegur\u00f3 que \u201cun gobernante no puede pisotear el derecho a la comunicaci\u00f3n\u201d.<\/p>\n","protected":false},"author":4,"featured_media":0,"comment_status":"open","ping_status":"open","sticky":false,"template":"","format":"standard","meta":{"_jetpack_newsletter_access":"","_jetpack_dont_email_post_to_subs":false,"_jetpack_newsletter_tier_id":0,"_jetpack_memberships_contains_paywalled_content":false,"_jetpack_memberships_contains_paid_content":false,"footnotes":""},"categories":[54],"tags":[],"class_list":["post-14124","post","type-post","status-publish","format-standard","hentry","category-medios"],"jetpack_featured_media_url":"","jetpack_shortlink":"https:\/\/wp.me\/p2JWE0-3FO","jetpack-related-posts":[{"id":15482,"url":"https:\/\/www.24baires.com\/?p=15482","url_meta":{"origin":14124,"position":0},"title":"Cynthia Ottaviano se presentar\u00e1 en C\u00f3rdoba por las antenas de la TDA clausuradas","author":"Grupo Sierra","date":"12\/02\/2013","format":false,"excerpt":"Una delegaci\u00f3n oficial de la Defensor\u00eda del P\u00fablico encabezada por su titular, Cynthia Ottaviano, recorrer\u00e1 distintas ciudades de C\u00f3rdoba entre el mi\u00e9rcoles y el jueves de esta semana, para tomar contacto con vecinas y vecinos perjudicados por la interrupci\u00f3n del servicio de Televisi\u00f3n Digital Abierta (TDA) dispuesta por el gobernador\u2026","rel":"","context":"En \u00abMedios\u00bb","block_context":{"text":"Medios","link":"https:\/\/www.24baires.com\/?cat=54"},"img":{"alt_text":"","src":"","width":0,"height":0},"classes":[]},{"id":15573,"url":"https:\/\/www.24baires.com\/?p=15573","url_meta":{"origin":14124,"position":1},"title":"\u00abDe la Sota se dio cuenta de que no iba a poder defender los actos de censura que cometi\u00f3\u00bb","author":"AF","date":"13\/02\/2013","format":false,"excerpt":"Lo afirm\u00f3 el titular de la Afsca, Mart\u00edn Sabbatella, al hacer referencia a la decisi\u00f3n del gobernador cordob\u00e9s de \"dejar sin efecto\" las clausuras de las antenas de la Televisi\u00f3n Digital Abierta (TDA) que hab\u00eda dispuesto en varios municipios de la provincia. \"El gobernador se dio cuenta de que no\u2026","rel":"","context":"En \u00abMedios\u00bb","block_context":{"text":"Medios","link":"https:\/\/www.24baires.com\/?cat=54"},"img":{"alt_text":"","src":"","width":0,"height":0},"classes":[]},{"id":5432,"url":"https:\/\/www.24baires.com\/?p=5432","url_meta":{"origin":14124,"position":2},"title":"Cynthia Ottaviano es la nueva Defensora del P\u00fablico que establece la Ley de Medios","author":"Grupo Sierra","date":"14\/11\/2012","format":false,"excerpt":"Tal como lo establece la Ley de Medios y casi sin apoyo opositor, el Frente para la Victoria en el Senado de la Naci\u00f3n, aval\u00f3 el cargo que debe ocupar la periodista Cynthia Ottaviano con 39 adhesiones y 22 rechazos. Ottaviano\u00a0recibi\u00f3 m\u00e1s de 800 adhesiones y s\u00f3lo una impugnaci\u00f3n por\u2026","rel":"","context":"En \u00abMedios\u00bb","block_context":{"text":"Medios","link":"https:\/\/www.24baires.com\/?cat=54"},"img":{"alt_text":"","src":"","width":0,"height":0},"classes":[]},{"id":15076,"url":"https:\/\/www.24baires.com\/?p=15076","url_meta":{"origin":14124,"position":3},"title":"Auditor\u00eda ambiental de la UTN reafirma que las antenas de la TDA son inocuas a la salud","author":"Grupo Sierra","date":"08\/02\/2013","format":false,"excerpt":"Ante un pedido de la Defensor\u00eda del P\u00fablico, la Secretaria de Ambiente y Desarrollo Sustentable, la Defensor\u00eda del Pueblo de la Naci\u00f3n y el Consejo Asesor del Sistema Argentino de Televisi\u00f3n Digital Terrestre, aseguraron que no existen denuncias por contaminaci\u00f3n contra TDA. Adem\u00e1s, la Universidad Tecnol\u00f3gica Nacional y la Comisi\u00f3n\u2026","rel":"","context":"En \u00abMedios\u00bb","block_context":{"text":"Medios","link":"https:\/\/www.24baires.com\/?cat=54"},"img":{"alt_text":"TDA INFORMES","src":"https:\/\/i0.wp.com\/www.24baires.com\/wp-content\/uploads\/2013\/02\/TDA-INFORMES.jpg?resize=350%2C200","width":350,"height":200,"srcset":"https:\/\/i0.wp.com\/www.24baires.com\/wp-content\/uploads\/2013\/02\/TDA-INFORMES.jpg?resize=350%2C200 1x, https:\/\/i0.wp.com\/www.24baires.com\/wp-content\/uploads\/2013\/02\/TDA-INFORMES.jpg?resize=525%2C300 1.5x"},"classes":[]},{"id":14743,"url":"https:\/\/www.24baires.com\/?p=14743","url_meta":{"origin":14124,"position":4},"title":"Sabbatella: \u00abDe la Sota no tiene derecho a dejar a los cordobeses cautivos de la TV paga\u00bb","author":"AF","date":"05\/02\/2013","format":false,"excerpt":"El titular de la Afsca, Mart\u00edn Sabbatella, cuestion\u00f3 al gobernador cordob\u00e9s Jos\u00e9 Manuel de la Sota, ya que en el mismo predio en el que clausur\u00f3 una antena de Arsat, permite que funcione una antena de Cablevisi\u00f3n\u201d. Respecto de la decisi\u00f3n del mandatario provincial de clausurar cinco antenas de Televisi\u00f3n\u2026","rel":"","context":"En \u00abMedios\u00bb","block_context":{"text":"Medios","link":"https:\/\/www.24baires.com\/?cat=54"},"img":{"alt_text":"","src":"","width":0,"height":0},"classes":[]},{"id":22472,"url":"https:\/\/www.24baires.com\/?p=22472","url_meta":{"origin":14124,"position":5},"title":"Cynthia Ottaviano habl\u00f3 sobre el D\u00eda Mundial de la Libertad de Prensa","author":"Grupo Sierra","date":"02\/05\/2013","format":false,"excerpt":"Con motivo de recordarse el 3 de mayo como \u201cD\u00eda Mundial de la Libertad de Prensa\u201d, la Defensora del P\u00fablico, Cynthia Ottaviano, sostuvo la importancia de \u201cenmarcar esa idea de libertad dentro de un contexto mucho m\u00e1s general y abarcativo, como es el derecho humano a la comunicaci\u00f3n. Sobre todo\u2026","rel":"","context":"En \u00abMedios\u00bb","block_context":{"text":"Medios","link":"https:\/\/www.24baires.com\/?cat=54"},"img":{"alt_text":"","src":"","width":0,"height":0},"classes":[]}],"jetpack_sharing_enabled":true,"jetpack_likes_enabled":true,"_links":{"self":[{"href":"https:\/\/www.24baires.com\/index.php?rest_route=\/wp\/v2\/posts\/14124","targetHints":{"allow":["GET"]}}],"collection":[{"href":"https:\/\/www.24baires.com\/index.php?rest_route=\/wp\/v2\/posts"}],"about":[{"href":"https:\/\/www.24baires.com\/index.php?rest_route=\/wp\/v2\/types\/post"}],"author":[{"embeddable":true,"href":"https:\/\/www.24baires.com\/index.php?rest_route=\/wp\/v2\/users\/4"}],"replies":[{"embeddable":true,"href":"https:\/\/www.24baires.com\/index.php?rest_route=%2Fwp%2Fv2%2Fcomments&post=14124"}],"version-history":[{"count":2,"href":"https:\/\/www.24baires.com\/index.php?rest_route=\/wp\/v2\/posts\/14124\/revisions"}],"predecessor-version":[{"id":14126,"href":"https:\/\/www.24baires.com\/index.php?rest_route=\/wp\/v2\/posts\/14124\/revisions\/14126"}],"wp:attachment":[{"href":"https:\/\/www.24baires.com\/index.php?rest_route=%2Fwp%2Fv2%2Fmedia&parent=14124"}],"wp:term":[{"taxonomy":"category","embeddable":true,"href":"https:\/\/www.24baires.com\/index.php?rest_route=%2Fwp%2Fv2%2Fcategories&post=14124"},{"taxonomy":"post_tag","embeddable":true,"href":"https:\/\/www.24baires.com\/index.php?rest_route=%2Fwp%2Fv2%2Ftags&post=14124"}],"curies":[{"name":"wp","href":"https:\/\/api.w.org\/{rel}","templated":true}]}}