{"id":14121,"date":"2013-01-31T10:12:53","date_gmt":"2013-01-31T13:12:53","guid":{"rendered":"http:\/\/www.24baires.com\/?p=14121"},"modified":"2013-01-31T11:34:44","modified_gmt":"2013-01-31T14:34:44","slug":"escuelas-de-verano-recuerdan-la-asamblea-general-constituyente-del-ano-xiii","status":"publish","type":"post","link":"https:\/\/www.24baires.com\/?p=14121","title":{"rendered":"Escuelas de verano recuerdan la Asamblea General Constituyente del a\u00f1o XIII"},"content":{"rendered":"<p><img data-recalc-dims=\"1\" loading=\"lazy\" decoding=\"async\" class=\"alignleft size-full wp-image-14122\" alt=\"escuela verano\" src=\"https:\/\/i0.wp.com\/www.24baires.com\/wp-content\/uploads\/2013\/01\/escuela-verano.png?resize=250%2C175\" width=\"250\" height=\"175\" \/>En las sedes donde funcionan las Escuelas Abiertas en Verano de la Direcci\u00f3n General de Cultura y Educaci\u00f3n, se lleva adelante estos d\u00edas tareas de recreaci\u00f3n con respecto a la ense\u00f1anza de la historia.<!--more--><\/p>\n<p>All\u00ed los profesores les ense\u00f1an a los chicos la importancia de conmemorar el 31 de enero y la transcendencia de esta fecha -declarada Feriado Nacional- para la vida institucional del pa\u00eds, ya que ese d\u00eda se recuerda el nacimiento de la primera pr\u00e1ctica democr\u00e1tica que ha tenido la Rep\u00fablica Argentina y el primer esbozo de lo que fue la Constituci\u00f3n Nacional, y que marca a cada ciudadano en su identidad.<\/p>\n<p>El trabajo planteado por los docentes busca que los chicos conozcan qu\u00e9 fue esa reuni\u00f3n de la Asamblea General Constituyente, por qu\u00e9 la formaron, qui\u00e9nes participaron, su resultado y cotejar el pasado con el presente, con las pr\u00e1cticas democr\u00e1ticas, sociales y ciudadanas. \u201cY ver a trav\u00e9s de eso por qu\u00e9 nos seguimos reuniendo, que a nivel comunal tenemos un concejo deliberante y a nivel escolar -a trav\u00e9s de los consejos de convivencia- tenemos pr\u00e1cticas de centros de estudiantes, como en nuestro caso que contamos con uno constituido por alumnos de 4\u00ba, 5\u00ba y 6\u00ba a\u00f1o de este nivel primario, para ir fortaleciendo la palabra del ni\u00f1o en la escuela\u201d, inform\u00f3 Sandra Baicochea, directora de la Escuela Primaria N\u00ba 81 del barrio de Los Altos, en el partido de Almirante Brown.<\/p>\n<p>La filosof\u00eda del programa Escuelas Abiertas en Verano tiene por finalidad que las instituciones cumplan con una continuidad pedag\u00f3gica de la escuela, que no tengan una mera funci\u00f3n de contenci\u00f3n sino que apliquen un fundamento pedag\u00f3gico para el aprendizaje de los ni\u00f1os.<\/p>\n<p>En este sentido, Baicochea afirm\u00f3 que tanto las pr\u00e1cticas democr\u00e1ticas como la identidad son dos puntos que se ven en el dise\u00f1o curricular a los largo de todo el a\u00f1o, en todas las \u00e1reas \u201cy nuestro proyecto en particular de la EP N\u00ba 81 tiene que ver con la identidad y las pr\u00e1cticas del lenguaje en la comunicaci\u00f3n. Un proyecto pensado para los ni\u00f1os de nuestra escuela ya que por sus caracter\u00edsticas, propias de su cultura de origen, son muy callados por lo que tratamos de que tengan voz. Es una comunidad de muy bajos recursos econ\u00f3micos, compuesta en su mayor parte por miembros de la comunidad uruguaya, paraguaya y boliviana, dedicados al cultivo de verduras y frutas\u201d.<\/p>\n<p>En el marco de esa continuidad pedag\u00f3gica en la que deben desenvolverse las Escuelas Abiertas en Verano, la primaria N\u00ba 81 present\u00f3 el proyecto \u201cJuguemos en movimiento\u201d, con la propuesta de trabajar en estos meses de verano con educaci\u00f3n f\u00edsica y educaci\u00f3n art\u00edstica, tanto en pl\u00e1stica como en m\u00fasica.<\/p>\n<p>\u201cEl fundamento \u2013explic\u00f3 su directora-, tiene que ver directamente con el juego, ya que el dise\u00f1o curricular en el \u00e1rea de educaci\u00f3n f\u00edsica dice: \u201cel ni\u00f1o disfrutar\u00e1 plenamente de juegos, actividades recreativas y diversiones. En el juego se refleja la cultura de cada sociedad, el juego es la actividad primordial del ni\u00f1o, es una forma de interactuar con el otro y la escuela debe recuperar el juego y su potencial formativo\u201d.<\/p>\n<p>&nbsp;<\/p>\n<p>&nbsp;<\/p>\n<p>&nbsp;<\/p>\n<p>&nbsp;<\/p>\n<p>&nbsp;<\/p>\n<p>&nbsp;<\/p>\n<p>&nbsp;<\/p>\n<p>&nbsp;<\/p>\n<p>&nbsp;<\/p>\n<p>&nbsp;<\/p>\n<p>&nbsp;<\/p>\n<p>&nbsp;<\/p>\n<p>&nbsp;<\/p>\n<p>&nbsp;<\/p>\n<p>&nbsp;<\/p>\n<p>&nbsp;<\/p>\n<p>&nbsp;<\/p>\n<p>&nbsp;<\/p>\n<p>&nbsp;<\/p>\n","protected":false},"excerpt":{"rendered":"<p>En las sedes donde funcionan las Escuelas Abiertas en Verano de la Direcci\u00f3n General de Cultura y Educaci\u00f3n, se lleva adelante estos d\u00edas tareas de recreaci\u00f3n con respecto a la ense\u00f1anza de la historia.<\/p>\n","protected":false},"author":4,"featured_media":0,"comment_status":"open","ping_status":"open","sticky":false,"template":"","format":"standard","meta":{"_jetpack_newsletter_access":"","_jetpack_dont_email_post_to_subs":false,"_jetpack_newsletter_tier_id":0,"_jetpack_memberships_contains_paywalled_content":false,"_jetpack_memberships_contains_paid_content":false,"footnotes":""},"categories":[1],"tags":[],"class_list":["post-14121","post","type-post","status-publish","format-standard","hentry","category-sociedad"],"jetpack_featured_media_url":"","jetpack_shortlink":"https:\/\/wp.me\/p2JWE0-3FL","jetpack-related-posts":[{"id":14034,"url":"https:\/\/www.24baires.com\/?p=14034","url_meta":{"origin":14121,"position":0},"title":"El feriado \u00fanico del 31 de enero recuerda el 200\u00ba aniversario de la Asamblea del a\u00f1o 13","author":"AF","date":"30\/01\/2013","format":false,"excerpt":"El hecho, tambi\u00e9n conocido como la Asamblea General Constituyente del A\u00f1o 1813, fue convocado por el Segundo Triunvirato, que hab\u00eda accedido al poder en octubre de 1812. El jueves se conmemor\u00e1n 200 a\u00f1os. Ma\u00f1ana jueves 31 ser\u00e1 feriado por \u00fanica vez en conmemoraci\u00f3n del bicentenario de la Asamblea General Constituyente\u2026","rel":"","context":"En \u00abSociedad\u00bb","block_context":{"text":"Sociedad","link":"https:\/\/www.24baires.com\/?cat=1"},"img":{"alt_text":"","src":"","width":0,"height":0},"classes":[]},{"id":11259,"url":"https:\/\/www.24baires.com\/?p=11259","url_meta":{"origin":14121,"position":1},"title":"Lanzaron el programa \u00abEscuelas abiertas en verano\u00bb","author":"AF","date":"05\/01\/2013","format":false,"excerpt":"MAR DEL PLATA - Participar\u00e1n 9.400 chicos y estar\u00e1n abiertas hasta el 8 de febrero. Se busca generar interacci\u00f3n entre los chicos. La directora general de Cultura y Educaci\u00f3n, Nora De Luc\u00eda, encabez\u00f3 junto al Intendente de General Pueyrred\u00f3n, Gustavo Pulti, el lanzamiento del Programa \u201cEscuelas Abiertas en Verano\u201d en\u2026","rel":"","context":"En \u00abSociedad\u00bb","block_context":{"text":"Sociedad","link":"https:\/\/www.24baires.com\/?cat=1"},"img":{"alt_text":"","src":"","width":0,"height":0},"classes":[]},{"id":12122,"url":"https:\/\/www.24baires.com\/?p=12122","url_meta":{"origin":14121,"position":2},"title":"El 31 de enero ser\u00e1 feriado por \u00fanica vez por \u201cLa Asamblea del a\u00f1o 13\u201d","author":"Grupo Sierra","date":"14\/01\/2013","format":false,"excerpt":"El 31 de enero de este a\u00f1o ser\u00e1 feriado por \u00fanica vez en conmemoraci\u00f3n del bicentenario de la Asamblea General Constituyente de 1813, conocida como \"Asamblea del a\u00f1o 13\".\u00a0La ley que\u00a0estableci\u00f3\u00a0el feriado fue sancionada por el Congreso de la Naci\u00f3n en diciembre de 2012 y publicada hoy en el Bolet\u00edn\u2026","rel":"","context":"En \u00abSociedad\u00bb","block_context":{"text":"Sociedad","link":"https:\/\/www.24baires.com\/?cat=1"},"img":{"alt_text":"","src":"","width":0,"height":0},"classes":[]},{"id":38592,"url":"https:\/\/www.24baires.com\/?p=38592","url_meta":{"origin":14121,"position":3},"title":"Los chicos de Berisso, a pleno con las Escuelas Abiertas en Verano","author":"Grupo Sierra","date":"16\/01\/2014","format":false,"excerpt":"La Inspectora Jefe Mar\u00eda Cecilia Echaide, informa que el Programa est\u00e1 desarroll\u00e1ndose con \u00e9xito, disfrutando de la iniciativa unos cuatrocientos chicos. \u201cCon actividades campamentiles, propuestas por el CE 67 en la Isla Paulino, recreativas de la EP 20 en el Camping de Choferes y la EP 23 en la Agremiaci\u00f3n\u2026","rel":"","context":"En \u00abLocales\u00bb","block_context":{"text":"Locales","link":"https:\/\/www.24baires.com\/?cat=38"},"img":{"alt_text":"escuela de verano","src":"https:\/\/i0.wp.com\/www.24baires.com\/wp-content\/uploads\/2014\/01\/escuela-de-verano-300x261.jpg?resize=350%2C200","width":350,"height":200},"classes":[]},{"id":37830,"url":"https:\/\/www.24baires.com\/?p=37830","url_meta":{"origin":14121,"position":4},"title":"\u201cEscuelas Abiertas en Verano\u201d, por mayor inclusi\u00f3n social","author":"Grupo Sierra","date":"03\/01\/2014","format":false,"excerpt":"Con Servicio de Alimentaci\u00f3n Escolar (SAE) impulsa pol\u00edticas alimentarias y de educaci\u00f3n para favorecer la inclusi\u00f3n social, la integraci\u00f3n y la promoci\u00f3n de tareas f\u00edsicas, culturales y de recreaci\u00f3n. El programa se extender\u00e1 desde este viernes 3 de enero hasta el 7 de febrero, en 2.064 sedes. Unos 200.000 ni\u00f1os\u2026","rel":"","context":"En \u00abProvincia\u00bb","block_context":{"text":"Provincia","link":"https:\/\/www.24baires.com\/?cat=40"},"img":{"alt_text":"","src":"","width":0,"height":0},"classes":[]},{"id":114096,"url":"https:\/\/www.24baires.com\/?p=114096","url_meta":{"origin":14121,"position":5},"title":"Luego del abandono macrista, reabrir\u00e1 Tecn\u00f3polis","author":"AF","date":"11\/02\/2020","format":false,"excerpt":"Habr\u00e1 una programaci\u00f3n especial para las tardes de verano, con decenas de expresiones culturales pensadas para todas las edades. Tras cuatro a\u00f1os de vaciamiento y deterioro generados por la gesti\u00f3n macrista, vuelve Tecn\u00f3polis y la reapertura ser\u00e1 con una programaci\u00f3n especial para las tardes de verano. Desde el s\u00e1bado 15\u2026","rel":"","context":"En \u00abSociedad\u00bb","block_context":{"text":"Sociedad","link":"https:\/\/www.24baires.com\/?cat=1"},"img":{"alt_text":"","src":"https:\/\/i0.wp.com\/www.24baires.com\/wp-content\/uploads\/2013\/07\/tecnopolis-3ra1.jpg?resize=350%2C200","width":350,"height":200,"srcset":"https:\/\/i0.wp.com\/www.24baires.com\/wp-content\/uploads\/2013\/07\/tecnopolis-3ra1.jpg?resize=350%2C200 1x, https:\/\/i0.wp.com\/www.24baires.com\/wp-content\/uploads\/2013\/07\/tecnopolis-3ra1.jpg?resize=525%2C300 1.5x"},"classes":[]}],"jetpack_sharing_enabled":true,"jetpack_likes_enabled":true,"_links":{"self":[{"href":"https:\/\/www.24baires.com\/index.php?rest_route=\/wp\/v2\/posts\/14121","targetHints":{"allow":["GET"]}}],"collection":[{"href":"https:\/\/www.24baires.com\/index.php?rest_route=\/wp\/v2\/posts"}],"about":[{"href":"https:\/\/www.24baires.com\/index.php?rest_route=\/wp\/v2\/types\/post"}],"author":[{"embeddable":true,"href":"https:\/\/www.24baires.com\/index.php?rest_route=\/wp\/v2\/users\/4"}],"replies":[{"embeddable":true,"href":"https:\/\/www.24baires.com\/index.php?rest_route=%2Fwp%2Fv2%2Fcomments&post=14121"}],"version-history":[{"count":1,"href":"https:\/\/www.24baires.com\/index.php?rest_route=\/wp\/v2\/posts\/14121\/revisions"}],"predecessor-version":[{"id":14123,"href":"https:\/\/www.24baires.com\/index.php?rest_route=\/wp\/v2\/posts\/14121\/revisions\/14123"}],"wp:attachment":[{"href":"https:\/\/www.24baires.com\/index.php?rest_route=%2Fwp%2Fv2%2Fmedia&parent=14121"}],"wp:term":[{"taxonomy":"category","embeddable":true,"href":"https:\/\/www.24baires.com\/index.php?rest_route=%2Fwp%2Fv2%2Fcategories&post=14121"},{"taxonomy":"post_tag","embeddable":true,"href":"https:\/\/www.24baires.com\/index.php?rest_route=%2Fwp%2Fv2%2Ftags&post=14121"}],"curies":[{"name":"wp","href":"https:\/\/api.w.org\/{rel}","templated":true}]}}