{"id":1412,"date":"2012-10-08T12:22:42","date_gmt":"2012-10-08T15:22:42","guid":{"rendered":"http:\/\/www.24baires.com\/?p=1412"},"modified":"2012-10-08T12:22:42","modified_gmt":"2012-10-08T15:22:42","slug":"river-pasea-su-bandera-de-casi-8-kilometros","status":"publish","type":"post","link":"https:\/\/www.24baires.com\/?p=1412","title":{"rendered":"River pasea su bandera de casi 8 kil\u00f3metros"},"content":{"rendered":"<p><img data-recalc-dims=\"1\" loading=\"lazy\" decoding=\"async\" class=\"aligncenter size-full wp-image-1413\" title=\"riverbandera\" src=\"https:\/\/i0.wp.com\/www.24baires.com\/wp-content\/uploads\/2012\/10\/riverbandera.jpg?resize=538%2C322\" alt=\"\" width=\"538\" height=\"322\" srcset=\"https:\/\/i0.wp.com\/www.24baires.com\/wp-content\/uploads\/2012\/10\/riverbandera.jpg?w=538&amp;ssl=1 538w, https:\/\/i0.wp.com\/www.24baires.com\/wp-content\/uploads\/2012\/10\/riverbandera.jpg?resize=300%2C179&amp;ssl=1 300w\" sizes=\"auto, (max-width: 538px) 100vw, 538px\" \/>River sigue de fiesta tras la goleada de ayer ante Godoy Cruz y hoy lunes, en un evento convocado por filiales, agrupaciones e hinchas, se har\u00e1 la presentaci\u00f3n de la bandera m\u00e1s grande del mundo.<!--more--><\/p>\n<p>Se estima que su medida es de 7.829,74 metros, medida que le permitir\u00e1 ingresar en el Libro Guinness de los r\u00e9cords.<\/p>\n<p>Los hinchas fueron convocados para llegar a las 11, y la caravana que pasear\u00e1 la bandera por las calles de N\u00fa\u00f1ez partir\u00e1 a las 13 desde la esquina de la avenida Figueroa Alcorta y Tagle.<\/p>\n<p>Desde la organizaci\u00f3n aclaran que el \u201ctrapo\u201d ser\u00e1 transportado por unos 15 mil hinchas y luego, en el estadio, se har\u00e1 un espect\u00e1culo entre la Reserva y viejas glorias del club.<\/p>\n<p>Las puertas del Monumental se abrir\u00e1n reci\u00e9n a las 16.<\/p>\n","protected":false},"excerpt":{"rendered":"<p>River sigue de fiesta tras la goleada de ayer ante Godoy Cruz y hoy lunes, en un evento convocado por filiales, agrupaciones e hinchas, se har\u00e1 la presentaci\u00f3n de la bandera m\u00e1s grande del mundo.<\/p>\n","protected":false},"author":4,"featured_media":0,"comment_status":"open","ping_status":"open","sticky":false,"template":"","format":"standard","meta":{"_jetpack_newsletter_access":"","_jetpack_dont_email_post_to_subs":false,"_jetpack_newsletter_tier_id":0,"_jetpack_memberships_contains_paywalled_content":false,"_jetpack_memberships_contains_paid_content":false,"footnotes":""},"categories":[1],"tags":[],"class_list":["post-1412","post","type-post","status-publish","format-standard","hentry","category-sociedad"],"jetpack_featured_media_url":"","jetpack_shortlink":"https:\/\/wp.me\/p2JWE0-mM","jetpack-related-posts":[{"id":11482,"url":"https:\/\/www.24baires.com\/?p=11482","url_meta":{"origin":1412,"position":0},"title":"Lleg\u00f3 River y explot\u00f3 Tandil","author":"Grupo Sierra","date":"07\/01\/2013","format":false,"excerpt":"El plantel profesional de River Plate, con su DT Ram\u00f3n D\u00edaz a la cabeza, lleg\u00f3 a las 19.25 a la ciudad serrana bonaerense de Tandil, donde realizar\u00e1 la parte m\u00e1s dura de la pretemporada y fue recibido por unos 4.500 hinchas que lo acompa\u00f1aron hasta el hotel Elegance, donde qued\u00f3\u2026","rel":"","context":"En \u00abDeportes\u00bb","block_context":{"text":"Deportes","link":"https:\/\/www.24baires.com\/?cat=12"},"img":{"alt_text":"river en tandil 2","src":"https:\/\/i0.wp.com\/www.24baires.com\/wp-content\/uploads\/2013\/01\/river-en-tandil-2.jpg?resize=350%2C200","width":350,"height":200,"srcset":"https:\/\/i0.wp.com\/www.24baires.com\/wp-content\/uploads\/2013\/01\/river-en-tandil-2.jpg?resize=350%2C200 1x, https:\/\/i0.wp.com\/www.24baires.com\/wp-content\/uploads\/2013\/01\/river-en-tandil-2.jpg?resize=525%2C300 1.5x"},"classes":[]},{"id":38622,"url":"https:\/\/www.24baires.com\/?p=38622","url_meta":{"origin":1412,"position":1},"title":"Nadie quiere quedarse afuera: hasta 6 cuadras de cola para la entrada al Supercl\u00e1sico","author":"GB","date":"16\/01\/2014","format":false,"excerpt":"Los hinchas ya palpitan el Boca-River en Mar del Plata y algunos llegaron a pasar la noche haciendo la cola para conseguir una entrada para el partido que se jugar\u00e1 este s\u00e1bado. La locura que genera el Supercl\u00e1sico no tiene l\u00edmites e incluso cuando se trata de un amistoso de\u2026","rel":"","context":"En \u00abDeportes\u00bb","block_context":{"text":"Deportes","link":"https:\/\/www.24baires.com\/?cat=12"},"img":{"alt_text":"hinchas de boca","src":"https:\/\/i0.wp.com\/www.24baires.com\/wp-content\/uploads\/2014\/01\/hinchas-de-boca.jpg?resize=350%2C200","width":350,"height":200,"srcset":"https:\/\/i0.wp.com\/www.24baires.com\/wp-content\/uploads\/2014\/01\/hinchas-de-boca.jpg?resize=350%2C200 1x, https:\/\/i0.wp.com\/www.24baires.com\/wp-content\/uploads\/2014\/01\/hinchas-de-boca.jpg?resize=525%2C300 1.5x"},"classes":[]},{"id":25194,"url":"https:\/\/www.24baires.com\/?p=25194","url_meta":{"origin":1412,"position":2},"title":"River recibir\u00e1 a Independiente a las 14 \u00abpor seguridad\u00bb","author":"Grupo Sierra","date":"05\/06\/2013","format":false,"excerpt":"El secretario de Seguridad, Sergio Berni, dijo, al salir de la AFA, que hay que \"asegurar la integridad de los espectadores\". San Lorenzo y Argentinos jugar\u00e1n el lunes a las 16. Boca-Racing el domingo a las 21.30 horas. La AFA reprogram\u00f3 esta noche los horarios de tres partidos del pr\u00f3ximo\u2026","rel":"","context":"En \u00abDeportes\u00bb","block_context":{"text":"Deportes","link":"https:\/\/www.24baires.com\/?cat=12"},"img":{"alt_text":"berni river independiente","src":"https:\/\/i0.wp.com\/www.24baires.com\/wp-content\/uploads\/2013\/06\/berni-river-independiente.jpg?resize=350%2C200","width":350,"height":200,"srcset":"https:\/\/i0.wp.com\/www.24baires.com\/wp-content\/uploads\/2013\/06\/berni-river-independiente.jpg?resize=350%2C200 1x, https:\/\/i0.wp.com\/www.24baires.com\/wp-content\/uploads\/2013\/06\/berni-river-independiente.jpg?resize=525%2C300 1.5x"},"classes":[]},{"id":26159,"url":"https:\/\/www.24baires.com\/?p=26159","url_meta":{"origin":1412,"position":3},"title":"Lan\u00fas gole\u00f3 a River y lo dej\u00f3 afuera de la pelea por el campeonato","author":"Grupo Sierra","date":"17\/06\/2013","format":false,"excerpt":"El \"millonario\" fue aplastado por 5 a 1 por Lan\u00fas y no pudo salir campe\u00f3n del Torneo Final. El \"granate\" mantiene sus chances de luchar por el t\u00edtulo. Ch\u00e1vez, Vangioni, Pizarro, Ayala y Blanco (2) anotaron. River Plate, que buscaba seguir cerca de la l\u00ednea del l\u00edder Newell`s, desperdici\u00f3 esta\u2026","rel":"","context":"En \u00abDeportes\u00bb","block_context":{"text":"Deportes","link":"https:\/\/www.24baires.com\/?cat=12"},"img":{"alt_text":"lanus_river4_56760","src":"https:\/\/i0.wp.com\/www.24baires.com\/wp-content\/uploads\/2013\/06\/lanus_river4_56760.jpg?resize=350%2C200","width":350,"height":200,"srcset":"https:\/\/i0.wp.com\/www.24baires.com\/wp-content\/uploads\/2013\/06\/lanus_river4_56760.jpg?resize=350%2C200 1x, https:\/\/i0.wp.com\/www.24baires.com\/wp-content\/uploads\/2013\/06\/lanus_river4_56760.jpg?resize=525%2C300 1.5x"},"classes":[]},{"id":12535,"url":"https:\/\/www.24baires.com\/?p=12535","url_meta":{"origin":1412,"position":4},"title":"Largas colas para comprar entradas para el primer s\u00faper cl\u00e1sico del a\u00f1o","author":"AF","date":"17\/01\/2013","format":false,"excerpt":"Hinchas de Boca y River formaban este jueves extensas colas en la Liga Marplatense de f\u00fatbol y el Club Kimberley, para comprar plateas para el Supercl\u00e1sico del s\u00e1bado pr\u00f3ximo, a celebrase en Mar del Plata por el f\u00fatbol de verano. Colas de ocho cuadras se formaron en la sede de\u2026","rel":"","context":"En \u00abSociedad\u00bb","block_context":{"text":"Sociedad","link":"https:\/\/www.24baires.com\/?cat=1"},"img":{"alt_text":"","src":"","width":0,"height":0},"classes":[]},{"id":8185,"url":"https:\/\/www.24baires.com\/?p=8185","url_meta":{"origin":1412,"position":5},"title":"Avellaneda al &#8216;Rojo&#8217;","author":"Grupo Sierra","date":"06\/12\/2012","format":false,"excerpt":"Hinchas de Independiente, angustiados por las aciagas horas que vive el equipo, inmerso en la zona del descenso y con un futuro cada d\u00eda m\u00e1s oscuro, exteriorizaron su pesar colocando banderas en la puerta del predio de Villa Dom\u00ednico. En la primera de todas las insignias que se mostr\u00f3, y\u2026","rel":"","context":"En \u00abDeportes\u00bb","block_context":{"text":"Deportes","link":"https:\/\/www.24baires.com\/?cat=12"},"img":{"alt_text":"","src":"https:\/\/i0.wp.com\/www.24baires.com\/wp-content\/uploads\/2012\/12\/cruzacalles-rojo.jpg?resize=350%2C200","width":350,"height":200,"srcset":"https:\/\/i0.wp.com\/www.24baires.com\/wp-content\/uploads\/2012\/12\/cruzacalles-rojo.jpg?resize=350%2C200 1x, https:\/\/i0.wp.com\/www.24baires.com\/wp-content\/uploads\/2012\/12\/cruzacalles-rojo.jpg?resize=525%2C300 1.5x"},"classes":[]}],"jetpack_sharing_enabled":true,"jetpack_likes_enabled":true,"_links":{"self":[{"href":"https:\/\/www.24baires.com\/index.php?rest_route=\/wp\/v2\/posts\/1412","targetHints":{"allow":["GET"]}}],"collection":[{"href":"https:\/\/www.24baires.com\/index.php?rest_route=\/wp\/v2\/posts"}],"about":[{"href":"https:\/\/www.24baires.com\/index.php?rest_route=\/wp\/v2\/types\/post"}],"author":[{"embeddable":true,"href":"https:\/\/www.24baires.com\/index.php?rest_route=\/wp\/v2\/users\/4"}],"replies":[{"embeddable":true,"href":"https:\/\/www.24baires.com\/index.php?rest_route=%2Fwp%2Fv2%2Fcomments&post=1412"}],"version-history":[{"count":0,"href":"https:\/\/www.24baires.com\/index.php?rest_route=\/wp\/v2\/posts\/1412\/revisions"}],"wp:attachment":[{"href":"https:\/\/www.24baires.com\/index.php?rest_route=%2Fwp%2Fv2%2Fmedia&parent=1412"}],"wp:term":[{"taxonomy":"category","embeddable":true,"href":"https:\/\/www.24baires.com\/index.php?rest_route=%2Fwp%2Fv2%2Fcategories&post=1412"},{"taxonomy":"post_tag","embeddable":true,"href":"https:\/\/www.24baires.com\/index.php?rest_route=%2Fwp%2Fv2%2Ftags&post=1412"}],"curies":[{"name":"wp","href":"https:\/\/api.w.org\/{rel}","templated":true}]}}