{"id":14100,"date":"2013-01-30T09:00:12","date_gmt":"2013-01-30T12:00:12","guid":{"rendered":"http:\/\/www.24baires.com\/?p=14100"},"modified":"2013-01-30T19:52:52","modified_gmt":"2013-01-30T22:52:52","slug":"se-consolida-el-canal-12-de-la-tv-publica-regional-en-el-noroeste-de-la-provincia","status":"publish","type":"post","link":"https:\/\/www.24baires.com\/?p=14100","title":{"rendered":"Se consolida el Canal 12 de la TV P\u00fablica Regional en el noroeste de la Provincia"},"content":{"rendered":"<p style=\"text-align: center;\"><img data-recalc-dims=\"1\" loading=\"lazy\" decoding=\"async\" class=\"aligncenter  wp-image-14101\" alt=\"canal 12 trenque lauquen\" src=\"https:\/\/i0.wp.com\/www.24baires.com\/wp-content\/uploads\/2013\/01\/canal-12-trenque-lauquen.jpg?resize=577%2C360\" width=\"577\" height=\"360\" \/><\/p>\n<p><strong>TRENQUE LAUQUEN.-<\/strong> Este martes se firm\u00f3 un contrato para la adquisici\u00f3n de un transformador de 250 KVA con la Cooperativa de Electricidad de Trenque Lauquen. El Director de la empresa de comunicaci\u00f3n estatal dialog\u00f3 con Las Radios de Trenque Lauquen, AM 1280 y FM 88.5<!--more--><\/p>\n<p>Una fuerte apuesta realiza Radio y Televisi\u00f3n Argentina Sociedad del Estado en la ciudad de Trenque Lauquen, a trav\u00e9s de su se\u00f1al, LU 91 TV Canal 12.<\/p>\n<p>Las autoridades de la televisi\u00f3n p\u00fablica del pa\u00eds resolvieron hacer frente a una inversi\u00f3n significativa en equipos, como as\u00ed tambi\u00e9n en infraestructura, con el fin de dotar a una vasta regi\u00f3n e incluso provincias argentinas de material producido integralmente desde esta ciudad del Oeste de la provincia de Buenos Aires. Participar\u00e1n en esta apasionante idea federal, productores, periodistas y realizadores de contenidos de otros lugares del territorio.<\/p>\n<p>Desde hace algunos meses se procede a adaptar las instalaciones que se encuentran cedidas en comodato por el municipio de Trenque Lauquen, denominado antiguamente Tiro Federal, a los est\u00e1ndares de la televisi\u00f3n moderna. Conservando la fachada hist\u00f3rica del inmueble, se trabaja en su interior en la construcci\u00f3n de estudios para la materializaci\u00f3n de los programas, a la par de estar adecu\u00e1ndose todas las oficinas administrativas y el parque que lo bordea.<\/p>\n<p>Se trata de una importante inversi\u00f3n, que se ha visto complementada con equipos HD de \u00faltima generaci\u00f3n, la cesi\u00f3n por parte de Canal 7 de un completo cami\u00f3n de exteriores y otros elementos que hacen posible estar a la altura de las mejores emisoras de televisi\u00f3n del pa\u00eds.<\/p>\n<p>Canal 12 surgi\u00f3 para satisfacer las necesidades period\u00edsticas de todos los sectores de una vasta regi\u00f3n, y con esta decisi\u00f3n adoptada por las autoridades de RTA SE, cuyo presidente es el reconocido director cinematogr\u00e1fico, Trist\u00e1n Bauer, seguramente volver\u00e1 a cumplir con los objetivos que se impusieron sus fundadores, los que lo hicieron desde la faz privada.<\/p>\n<p>El Gobierno Nacional empe\u00f1\u00f3 su palabra en la adecuaci\u00f3n de esta se\u00f1al que, se encuentra bajo esa \u00f3rbita, desde 1975, y a partir del 2012, la est\u00e1 cumpliendo acabadamente.<\/p>\n<p>Este martes en instalaciones de la Cooperativa de Electricidad de Trenque Lauquen, el presidente del Consejo de Administraci\u00f3n de la entidad, Manuel Alvo, y el Director de LU 91 TV Canal 12, procedieron a la firma del contrato para el abastecimiento de un transformador de 250 kva, para instalar en las instalaciones que se est\u00e1n refaccionando. \u201cEsto permitir\u00e1 tener autonom\u00eda absoluta para el funcionamiento completo de toda la planta\u201d, dijo Luis Bona, en declaraciones que formul\u00f3 a Las Radios de Trenque Lauquen, AM 1280 y FM 88.5.<\/p>\n<p>Al seer interrogado sobre como marcha la obra, Bona indic\u00f3 que se \u201cencuentra en un 90 por ciento de su realizaci\u00f3n. Los retoques finales son los m\u00e1s lentos. El grueso ya pas\u00f3. Se trabaja en la paneler\u00eda de los dos estudios. Se podr\u00e1 emitir al aire y simult\u00e1neamente estar grabando otro. Una vez finalizada la obra civil vendr\u00e1 todo lo concerniente a video, audio e iluminaci\u00f3n. Es todo material nuevo de \u00faltima generaci\u00f3n\u201d.<\/p>\n<p>Bona, oriundo de la provincia de C\u00f3rdoba, anunci\u00f3 que \u201cen una primera etapa nos subiremos a la Televisi\u00f3n Digital Terrestre. Ya tenemos asignada la frecuencia. Ser\u00e1 la 26. Todo est\u00e1 dado para que nos quedemos transmitiendo en forma permanente en Alta Definici\u00f3n\u201d.<\/p>\n<p>El director de LU 91 TV Canal 12 de Trenque Lauquen no arriesg\u00f3 fecha de terminaci\u00f3n de los trabajos, aunque esto estim\u00f3 que \u201cla obra civil podr\u00eda estar terminada a fines de febrero\u201d. Tambi\u00e9n anunci\u00f3 la gesti\u00f3n para adquirir un Grupo Electr\u00f3geno para abastecer el canal, ante eventuales cortes de energ\u00eda el\u00e9ctrica.<\/p>\n<p>&nbsp;<\/p>\n<p>&nbsp;<\/p>\n<p>&nbsp;<\/p>\n","protected":false},"excerpt":{"rendered":"<p>TRENQUE LAUQUEN.- Este martes se firm\u00f3 un contrato para la adquisici\u00f3n de un transformador de 250 KVA con la Cooperativa de Electricidad de Trenque Lauquen. El Director de la empresa de comunicaci\u00f3n estatal dialog\u00f3 con Las Radios de Trenque Lauquen, AM 1280 y FM 88.5<\/p>\n","protected":false},"author":11,"featured_media":0,"comment_status":"open","ping_status":"open","sticky":false,"template":"","format":"standard","meta":{"_jetpack_newsletter_access":"","_jetpack_dont_email_post_to_subs":false,"_jetpack_newsletter_tier_id":0,"_jetpack_memberships_contains_paywalled_content":false,"_jetpack_memberships_contains_paid_content":false,"footnotes":""},"categories":[54],"tags":[],"class_list":["post-14100","post","type-post","status-publish","format-standard","hentry","category-medios"],"jetpack_featured_media_url":"","jetpack_shortlink":"https:\/\/wp.me\/p2JWE0-3Fq","jetpack-related-posts":[{"id":114265,"url":"https:\/\/www.24baires.com\/?p=114265","url_meta":{"origin":14100,"position":0},"title":"El gobierno decret\u00f3 la emergencia agropecuaria en Trenque Lauquen y General Villegas","author":"GB","date":"02\/03\/2020","format":false,"excerpt":"El gobierno bonaerense public\u00f3 en el Bolet\u00edn Oficial la declaraci\u00f3n de emergencia en la zona norte de la provincia. La emergencia fue prorrogada para el partido de Trenque Lauquen. El gobierno de la Provincia decret\u00f3 el estado de emergencia agropecuaria en la zona de General Villegas y el partido de\u2026","rel":"","context":"En \u00abProvincia\u00bb","block_context":{"text":"Provincia","link":"https:\/\/www.24baires.com\/?cat=40"},"img":{"alt_text":"","src":"https:\/\/i0.wp.com\/www.24baires.com\/wp-content\/uploads\/2013\/01\/trenque-lauquen-inundado.png?resize=350%2C200","width":350,"height":200},"classes":[]},{"id":3398,"url":"https:\/\/www.24baires.com\/?p=3398","url_meta":{"origin":14100,"position":1},"title":"Dur\u00edsima arremetida de Pablo Zurro contra el Colegio de Abogados de Trenque Lauquen","author":"Grupo Sierra","date":"26\/10\/2012","format":false,"excerpt":"El Intendente de Pehuaj\u00f3, Pablo Zurro, en declaraciones que formul\u00f3 a LU91 TV Canal 12, la Televisi\u00f3n P\u00fablica Regional, a ra\u00edz de un documento dado a conocer por el colegio que n\u00faclea a los abogados de los 13 distritos que componen el Departamento Judicial de Trenque Lauquen tuvo dur\u00edsimos conceptos\u2026","rel":"","context":"En \u00abLocales\u00bb","block_context":{"text":"Locales","link":"https:\/\/www.24baires.com\/?cat=38"},"img":{"alt_text":"","src":"https:\/\/i0.wp.com\/www.24baires.com\/wp-content\/uploads\/2012\/10\/Zurro-pablo-300x221.jpg?resize=350%2C200","width":350,"height":200},"classes":[]},{"id":101730,"url":"https:\/\/www.24baires.com\/?p=101730","url_meta":{"origin":14100,"position":2},"title":"Sesi\u00f3n por emergencia tarifaria termin\u00f3 con agresiones a ediles en Trenque Lauqen","author":"GB","date":"22\/04\/2018","format":false,"excerpt":"La primera sesi\u00f3n del a\u00f1o en el Concejo Deliberante de Trenque Lauquen termin\u00f3 ayer con una in\u00e9dita trifulca que incluy\u00f3 insultos y agresiones f\u00edsicas contra ediles de Cambiemos, luego de que esa fuerza pol\u00edtica frustrara la aprobaci\u00f3n de un proyecto de resoluci\u00f3n del kirchnerismo para declarar la emergencia tarifaria en\u2026","rel":"","context":"En \u00abMunicipios\u00bb","block_context":{"text":"Municipios","link":"https:\/\/www.24baires.com\/?cat=44"},"img":{"alt_text":"","src":"https:\/\/i0.wp.com\/www.24baires.com\/wp-content\/uploads\/2018\/04\/sesion-trenque-launquen-300x200.jpeg?resize=350%2C200","width":350,"height":200},"classes":[]},{"id":122711,"url":"https:\/\/www.24baires.com\/?p=122711","url_meta":{"origin":14100,"position":3},"title":"Nueve localidades de la provincia de Buenos Aires est\u00e1n sin luz","author":"GB","date":"28\/11\/2025","format":false,"excerpt":"Debido a una sobrecarga que tuvo lugar en la localidad de Henderson, varias localidades quedaron sin suministro el\u00e9ctrico. La empresa a\u00fan no pudo resolver el problema. En el interior de la provincia de Buenos Aires se registr\u00f3 un corte de luz que dej\u00f3 a varias localidades sin suministro desde las\u2026","rel":"","context":"En \u00abMunicipios\u00bb","block_context":{"text":"Municipios","link":"https:\/\/www.24baires.com\/?cat=44"},"img":{"alt_text":"","src":"https:\/\/i0.wp.com\/www.24baires.com\/wp-content\/uploads\/2016\/05\/electricidad.jpg?resize=350%2C200","width":350,"height":200,"srcset":"https:\/\/i0.wp.com\/www.24baires.com\/wp-content\/uploads\/2016\/05\/electricidad.jpg?resize=350%2C200 1x, https:\/\/i0.wp.com\/www.24baires.com\/wp-content\/uploads\/2016\/05\/electricidad.jpg?resize=525%2C300 1.5x, https:\/\/i0.wp.com\/www.24baires.com\/wp-content\/uploads\/2016\/05\/electricidad.jpg?resize=700%2C400 2x"},"classes":[]},{"id":21243,"url":"https:\/\/www.24baires.com\/?p=21243","url_meta":{"origin":14100,"position":4},"title":"La TDA sumar\u00eda 17 canales en Trenque Lauquen","author":"AF","date":"17\/04\/2013","format":false,"excerpt":"Ya se encuentran listas las bases de concreto para la instalaci\u00f3n de un segundo transmisor de la misma potencia que el ya instalado que servir\u00e1 para ampliar la propuesta actual. Luego de aproximadamente un a\u00f1o de funcionamiento en Trenque Lauquen, la Televisi\u00f3n Digital Abierta (TDA) podr\u00eda sumar 17 canales, incluyendo\u2026","rel":"","context":"En \u00abMedios\u00bb","block_context":{"text":"Medios","link":"https:\/\/www.24baires.com\/?cat=54"},"img":{"alt_text":"","src":"","width":0,"height":0},"classes":[]},{"id":119029,"url":"https:\/\/www.24baires.com\/?p=119029","url_meta":{"origin":14100,"position":5},"title":"Kicillof sostuvo que la econom\u00eda \u201ccrece, pero no se distribuye en todos los sectores\u201d","author":"GB","date":"29\/06\/2022","format":false,"excerpt":"El gobernador de la Provincia, Axel Kicillof, estuvo presente en Trenque Lauquen para inaugurar las obras de refacci\u00f3n integral de la Escuela Primaria N\u00b0 1, y all\u00ed apunto contra la distribuci\u00f3n de la riqueza. Este martes, el gobernador de la Provincia, Axel Kicillof, encabez\u00f3 el acto de inauguraci\u00f3n de las\u2026","rel":"","context":"En \u00abProvincia\u00bb","block_context":{"text":"Provincia","link":"https:\/\/www.24baires.com\/?cat=40"},"img":{"alt_text":"","src":"https:\/\/i0.wp.com\/www.24baires.com\/wp-content\/uploads\/2022\/06\/2022_06_28-AK-T-Lauquen-Escuela-Primaria-N1__SGE1948-1024x683-1.jpg?resize=350%2C200","width":350,"height":200,"srcset":"https:\/\/i0.wp.com\/www.24baires.com\/wp-content\/uploads\/2022\/06\/2022_06_28-AK-T-Lauquen-Escuela-Primaria-N1__SGE1948-1024x683-1.jpg?resize=350%2C200 1x, https:\/\/i0.wp.com\/www.24baires.com\/wp-content\/uploads\/2022\/06\/2022_06_28-AK-T-Lauquen-Escuela-Primaria-N1__SGE1948-1024x683-1.jpg?resize=525%2C300 1.5x, https:\/\/i0.wp.com\/www.24baires.com\/wp-content\/uploads\/2022\/06\/2022_06_28-AK-T-Lauquen-Escuela-Primaria-N1__SGE1948-1024x683-1.jpg?resize=700%2C400 2x"},"classes":[]}],"jetpack_sharing_enabled":true,"jetpack_likes_enabled":true,"_links":{"self":[{"href":"https:\/\/www.24baires.com\/index.php?rest_route=\/wp\/v2\/posts\/14100","targetHints":{"allow":["GET"]}}],"collection":[{"href":"https:\/\/www.24baires.com\/index.php?rest_route=\/wp\/v2\/posts"}],"about":[{"href":"https:\/\/www.24baires.com\/index.php?rest_route=\/wp\/v2\/types\/post"}],"author":[{"embeddable":true,"href":"https:\/\/www.24baires.com\/index.php?rest_route=\/wp\/v2\/users\/11"}],"replies":[{"embeddable":true,"href":"https:\/\/www.24baires.com\/index.php?rest_route=%2Fwp%2Fv2%2Fcomments&post=14100"}],"version-history":[{"count":4,"href":"https:\/\/www.24baires.com\/index.php?rest_route=\/wp\/v2\/posts\/14100\/revisions"}],"predecessor-version":[{"id":14105,"href":"https:\/\/www.24baires.com\/index.php?rest_route=\/wp\/v2\/posts\/14100\/revisions\/14105"}],"wp:attachment":[{"href":"https:\/\/www.24baires.com\/index.php?rest_route=%2Fwp%2Fv2%2Fmedia&parent=14100"}],"wp:term":[{"taxonomy":"category","embeddable":true,"href":"https:\/\/www.24baires.com\/index.php?rest_route=%2Fwp%2Fv2%2Fcategories&post=14100"},{"taxonomy":"post_tag","embeddable":true,"href":"https:\/\/www.24baires.com\/index.php?rest_route=%2Fwp%2Fv2%2Ftags&post=14100"}],"curies":[{"name":"wp","href":"https:\/\/api.w.org\/{rel}","templated":true}]}}