{"id":1409,"date":"2012-10-08T21:48:16","date_gmt":"2012-10-09T00:48:16","guid":{"rendered":"http:\/\/www.24baires.com\/?p=1409"},"modified":"2012-10-08T21:48:16","modified_gmt":"2012-10-09T00:48:16","slug":"el-nuevo-carbone-se-llama-tettamanti","status":"publish","type":"post","link":"https:\/\/www.24baires.com\/?p=1409","title":{"rendered":"\u00abEl nuevo Carbone se llama Tettamanti\u00bb"},"content":{"rendered":"<p><img data-recalc-dims=\"1\" loading=\"lazy\" decoding=\"async\" class=\"aligncenter size-full wp-image-1464\" title=\"alak\" src=\"https:\/\/i0.wp.com\/www.24baires.com\/wp-content\/uploads\/2012\/10\/alak.jpg?resize=560%2C335\" alt=\"\" width=\"560\" height=\"335\" srcset=\"https:\/\/i0.wp.com\/www.24baires.com\/wp-content\/uploads\/2012\/10\/alak.jpg?w=560&amp;ssl=1 560w, https:\/\/i0.wp.com\/www.24baires.com\/wp-content\/uploads\/2012\/10\/alak.jpg?resize=300%2C179&amp;ssl=1 300w\" sizes=\"auto, (max-width: 560px) 100vw, 560px\" \/>Julio Alak asegur\u00f3 que el magistrado designado en el juzgado en el que radica la presentaci\u00f3n del Grupo Clar\u00edn por el art\u00edculo de desinversi\u00f3n de la Ley de Medios, Ra\u00fal Tettamanti, es \u00abel nuevo Carbone\u00bb, en alusi\u00f3n al juez que dio la cautelar que mantuvo m\u00e1s de dos a\u00f1os congelada la adecuaci\u00f3n.<!--more--><\/p>\n<p>El ministro de Justicia de la Naci\u00f3n, Julio Alak, asegur\u00f3 que el magistrado designado en el juzgado en el que radica la presentaci\u00f3n del Grupo Clar\u00edn por el art\u00edculo de desinversi\u00f3n de la Ley de Medios, Ra\u00fal Tettamanti, es \u00abel nuevo Carbone\u00bb, en referencia al ex juez que dio lugar a la medida cautelar que resguarda a la compa\u00f1\u00eda del art\u00edculo 161.<\/p>\n<p>\u00abEl nuevo Carbone se llama Tettamanti\u00bb, asever\u00f3 el ministro tras destacar que la designaci\u00f3n se trat\u00f3 de una \u00abmaniobra para bloquear en el Consejo de la Magistratura a jueces seleccionados por un proceso transparente para cubrir puestos disponibles en los juzgados; (el titular del Consejo, Ricardo) Recondo bloquea junto al radicalismo la promoci\u00f3n de las ternas para elegir jueces\u00bb.<\/p>\n<p>El funcionario manifest\u00f3 que los cargos que detenta Recondo en la C\u00e1mara del fuero Civil y Comercial y en la presidencia del Consejo de la Magistratura, son \u00abincompatibles\u00bb y a\u00f1adi\u00f3 que \u00abdecidi\u00f3 violar el sistema de jueces subrogantes y designar a Tettamanti sin bolillero ni llamar a las partes\u00bb.<\/p>\n<p>Adem\u00e1s, en relaci\u00f3n a Recondo, apunt\u00f3 que \u00abconvoca a un juez jubilado (Tettamanti) porque no puede ser condenado como uno regular\u00bb luego de destacar que \u00absiempre convoca jubilados\u00bb.<\/p>\n<p>\u00abTengo mis serias sospechas de que Tettamanti pueda dictar una sentencia de fondo declarando la inconstitucionalidad del art\u00edculo 161\u00bb, consider\u00f3 Alak, quien se\u00f1al\u00f3 que si ese fuere el caso habr\u00e1 una \u00abenorme lesi\u00f3n al sistema constitucional argentino\u00bb y asegur\u00f3, en ese sentido, que \u00absi no se reacciona con todo el poder de la democracia pueden llegar a hacerlo\u00bb.<\/p>\n<p>El funcionario subray\u00f3 en el programa 678 que Tettamanti fue designado en la \u00faltima dictadura militar y que, por tanto, \u00abes posible que exista una complicidad ideol\u00f3gica con el origen de su nombramiento\u00bb; en tanto sostuvo que \u00abla concentraci\u00f3n monop\u00f3lica de medios vino a suplantar la imposibilidad de realizaci\u00f3n de un golpe de Estado\u00bb.<\/p>\n<p>\u00abLa C\u00e1mara es incompetente y la eligi\u00f3 Clar\u00edn: es muy grosero lo que hicieron, se pasaron de la raya con las designaciones\u00bb, critic\u00f3 Alak, quien concluy\u00f3 que una medida cautelar \u00abdeber\u00eda durar unos meses en lugar de tres a\u00f1os\u00bb.<\/p>\n","protected":false},"excerpt":{"rendered":"<p>Julio Alak asegur\u00f3 que el magistrado designado en el juzgado en el que radica la presentaci\u00f3n del Grupo Clar\u00edn por el art\u00edculo de desinversi\u00f3n de la Ley de Medios, Ra\u00fal Tettamanti, es \u00abel nuevo Carbone\u00bb, en alusi\u00f3n al juez que dio la cautelar que mantuvo m\u00e1s de dos a\u00f1os congelada la adecuaci\u00f3n.<\/p>\n","protected":false},"author":4,"featured_media":0,"comment_status":"open","ping_status":"open","sticky":false,"template":"","format":"standard","meta":{"_jetpack_newsletter_access":"","_jetpack_dont_email_post_to_subs":false,"_jetpack_newsletter_tier_id":0,"_jetpack_memberships_contains_paywalled_content":false,"_jetpack_memberships_contains_paid_content":false,"footnotes":""},"categories":[54],"tags":[],"class_list":["post-1409","post","type-post","status-publish","format-standard","hentry","category-medios"],"jetpack_featured_media_url":"","jetpack_shortlink":"https:\/\/wp.me\/p2JWE0-mJ","jetpack-related-posts":[{"id":1102,"url":"https:\/\/www.24baires.com\/?p=1102","url_meta":{"origin":1409,"position":0},"title":"Alak denunci\u00f3 maniobras \u00abfuncionales al Grupo Clar\u00edn\u00bb contra la vigencia plena de la Ley de Medios","author":"Grupo Sierra","date":"05\/10\/2012","format":false,"excerpt":"El ministro de Justicia se\u00a0refiri\u00f3\u00a0a la decisi\u00f3n de cinco integrantes de la Magistratura de bloquear la designaci\u00f3n del juez titular que deber\u00e1 fallar sobre la cl\u00e1usula que obliga al grupo Clar\u00edn a desinvertir. Alak advirti\u00f3 sobre una \"maniobra que apunta a tener en suspenso el art\u00edculo 161 de la ley\u2026","rel":"","context":"En \u00abMedios\u00bb","block_context":{"text":"Medios","link":"https:\/\/www.24baires.com\/?cat=54"},"img":{"alt_text":"","src":"","width":0,"height":0},"classes":[]},{"id":1539,"url":"https:\/\/www.24baires.com\/?p=1539","url_meta":{"origin":1409,"position":1},"title":"Renunci\u00f3 Tettamanti, el juez recusado por el Gobierno","author":"AF","date":"09\/10\/2012","format":false,"excerpt":"El ministro de Justicia, Julio Alak, hab\u00eda anunciado la semana pasada que objetar\u00eda la designaci\u00f3n del juez jubilado Ra\u00fal Tettamanti, convocado como subrogante para resolver sobre la cl\u00e1usula que obliga al Grupo Clar\u00edn a desinvertir a partir del 7 de diciembre, y hab\u00eda afirmado que exist\u00edan indicios de que el\u2026","rel":"","context":"En \u00abMedios\u00bb","block_context":{"text":"Medios","link":"https:\/\/www.24baires.com\/?cat=54"},"img":{"alt_text":"","src":"","width":0,"height":0},"classes":[]},{"id":1757,"url":"https:\/\/www.24baires.com\/?p=1757","url_meta":{"origin":1409,"position":2},"title":"Alak pide \u00abjueces naturales\u00bb y cuestion\u00f3 a los miembros de la oposici\u00f3n en la Magistratura","author":"Grupo Sierra","date":"12\/10\/2012","format":false,"excerpt":"El ministro de Justicia, Julio Alak, cuestion\u00f3 a los miembros de la oposici\u00f3n en el Consejo de la Magistratura y los acus\u00f3 de \"privar a los argentinos de tener un juez natural\". Los cuestionamientos fueron dirigidos a los miembros de la oposici\u00f3n en el Consejo de la Magistratura que ayer\u2026","rel":"","context":"En \u00abMedios\u00bb","block_context":{"text":"Medios","link":"https:\/\/www.24baires.com\/?cat=54"},"img":{"alt_text":"","src":"https:\/\/i0.wp.com\/www.24baires.com\/wp-content\/uploads\/2012\/10\/alak.jpg?resize=350%2C200","width":350,"height":200,"srcset":"https:\/\/i0.wp.com\/www.24baires.com\/wp-content\/uploads\/2012\/10\/alak.jpg?resize=350%2C200 1x, https:\/\/i0.wp.com\/www.24baires.com\/wp-content\/uploads\/2012\/10\/alak.jpg?resize=525%2C300 1.5x"},"classes":[]},{"id":4110,"url":"https:\/\/www.24baires.com\/?p=4110","url_meta":{"origin":1409,"position":3},"title":"Bocanera reconoci\u00f3 que a Tettamanti lo designaron &#8216;a dedo&#8217;","author":"AF","date":"01\/11\/2012","format":false,"excerpt":"El secretario general del fuero Civil y Comercial ofreci\u00f3 su testimonio ante la Comisi\u00f3n de Disciplina y Acusaci\u00f3n del Consejo de la Magistratura. All\u00ed asegur\u00f3 que al juez, jubilado, Ra\u00fal Tettamanti lo designaron de forma manual. El secretario general del la C\u00e1mara Civil y Comercial Federal, Gustavo Bocanera, quien prest\u00f3\u2026","rel":"","context":"En \u00abMedios\u00bb","block_context":{"text":"Medios","link":"https:\/\/www.24baires.com\/?cat=54"},"img":{"alt_text":"","src":"https:\/\/i0.wp.com\/www.24baires.com\/wp-content\/uploads\/2012\/11\/tettamanti2-300x193.jpg?resize=350%2C200","width":350,"height":200},"classes":[]},{"id":2364,"url":"https:\/\/www.24baires.com\/?p=2364","url_meta":{"origin":1409,"position":4},"title":"Denunciaron penalmente a consejeros opositores y camaristas del Consejo de la Magistratura","author":"Grupo Sierra","date":"16\/10\/2012","format":false,"excerpt":"Cinco integrantes opositores del Consejo y dos de la C\u00e1mara Civil y Comercial porte\u00f1a fueron denunciados por la maniobra para impugnar el concurso del juez que debe fallar sobre la Ley de Medios.\u00a0Tanto los consejeros como los camaristas fueron tambi\u00e9n denunciados por designar jueces subrogantes. La denuncia fue hecha por\u2026","rel":"","context":"En \u00abPol\u00edtica\u00bb","block_context":{"text":"Pol\u00edtica","link":"https:\/\/www.24baires.com\/?cat=51"},"img":{"alt_text":"","src":"","width":0,"height":0},"classes":[]},{"id":1278,"url":"https:\/\/www.24baires.com\/?p=1278","url_meta":{"origin":1409,"position":5},"title":"Denuncian por supuesto fraude con acciones de Telecom al juez que definir\u00e1 sobre el art\u00edculo 161 de la Ley de Medios","author":"Grupo Sierra","date":"07\/10\/2012","format":false,"excerpt":"El juez Ra\u00fal Tettamanti, designado de manera transitoria en el tribunal que deber\u00e1 definir la constitucionalidad del art\u00edculo 161 de la Ley de Servicios de Comunicaci\u00f3n Audiovisual, objetado por el grupo Clar\u00edn, fue denunciado por supuesto fraude con acciones de Telecom y pidieron su juicio pol\u00edtico. A trav\u00e9s de un\u2026","rel":"","context":"En \u00abMedios\u00bb","block_context":{"text":"Medios","link":"https:\/\/www.24baires.com\/?cat=54"},"img":{"alt_text":"","src":"","width":0,"height":0},"classes":[]}],"jetpack_sharing_enabled":true,"jetpack_likes_enabled":true,"_links":{"self":[{"href":"https:\/\/www.24baires.com\/index.php?rest_route=\/wp\/v2\/posts\/1409","targetHints":{"allow":["GET"]}}],"collection":[{"href":"https:\/\/www.24baires.com\/index.php?rest_route=\/wp\/v2\/posts"}],"about":[{"href":"https:\/\/www.24baires.com\/index.php?rest_route=\/wp\/v2\/types\/post"}],"author":[{"embeddable":true,"href":"https:\/\/www.24baires.com\/index.php?rest_route=\/wp\/v2\/users\/4"}],"replies":[{"embeddable":true,"href":"https:\/\/www.24baires.com\/index.php?rest_route=%2Fwp%2Fv2%2Fcomments&post=1409"}],"version-history":[{"count":0,"href":"https:\/\/www.24baires.com\/index.php?rest_route=\/wp\/v2\/posts\/1409\/revisions"}],"wp:attachment":[{"href":"https:\/\/www.24baires.com\/index.php?rest_route=%2Fwp%2Fv2%2Fmedia&parent=1409"}],"wp:term":[{"taxonomy":"category","embeddable":true,"href":"https:\/\/www.24baires.com\/index.php?rest_route=%2Fwp%2Fv2%2Fcategories&post=1409"},{"taxonomy":"post_tag","embeddable":true,"href":"https:\/\/www.24baires.com\/index.php?rest_route=%2Fwp%2Fv2%2Ftags&post=1409"}],"curies":[{"name":"wp","href":"https:\/\/api.w.org\/{rel}","templated":true}]}}