{"id":14043,"date":"2013-01-30T14:14:50","date_gmt":"2013-01-30T17:14:50","guid":{"rendered":"http:\/\/www.24baires.com\/?p=14043"},"modified":"2013-01-31T13:39:35","modified_gmt":"2013-01-31T16:39:35","slug":"hay-que-explicarle-a-de-la-sota-que-es-gobernador-no-emperador","status":"publish","type":"post","link":"https:\/\/www.24baires.com\/?p=14043","title":{"rendered":"\u00abHay que explicarle a De la Sota que es gobernador, no emperador\u00bb"},"content":{"rendered":"<p style=\"text-align: center;\"><img data-recalc-dims=\"1\" loading=\"lazy\" decoding=\"async\" class=\"aligncenter  wp-image-14044\" alt=\"SABBATELLA EMPERADOR\" src=\"https:\/\/i0.wp.com\/www.24baires.com\/wp-content\/uploads\/2013\/01\/SABBATELLA-EMPERADOR.jpg?resize=560%2C375\" width=\"560\" height=\"375\" \/><\/p>\n<p>El titular de la Autoridad Federal de Comunicaci\u00f3n Audiovisual, Mart\u00edn Sabbatella, sostuvo que la clausura de tres antenas de la red de Televisi\u00f3n Digital Abierta (TDA) en la provincia de C\u00f3rdoba responde a \u00abuna actitud pol\u00edtica del gobernador\u00bb Jos\u00e9 Manuel de la Sota a quien acus\u00f3 \u00abde no querer cumplir con la ley\u00bb.<!--more--><\/p>\n<p>\u00abHay que explicarle (a De la Sota) que es gobernador y no emperador, que hay leyes que tiene que cumplir\u00bb, sostuvo Sabbatella en conferencia de prensa en la sede de la AFSCA, luego de encabezar una reuni\u00f3n con representantes de las emisoras que integran la red de TDA.<\/p>\n<p>&nbsp;<\/p>\n<p>&nbsp;<\/p>\n<p>&nbsp;<\/p>\n<p>&nbsp;<\/p>\n<p>&nbsp;<\/p>\n<p>&nbsp;<\/p>\n<p>&nbsp;<\/p>\n<p>&nbsp;<\/p>\n<p>&nbsp;<\/p>\n<p>&nbsp;<\/p>\n<p>&nbsp;<\/p>\n<p>&nbsp;<\/p>\n<p>&nbsp;<\/p>\n","protected":false},"excerpt":{"rendered":"<p>El titular de la Autoridad Federal de Comunicaci\u00f3n Audiovisual, Mart\u00edn Sabbatella, sostuvo que la clausura de tres antenas de la red de Televisi\u00f3n Digital Abierta (TDA) en la provincia de C\u00f3rdoba responde a \u00abuna actitud pol\u00edtica del gobernador\u00bb Jos\u00e9 Manuel de la Sota a quien acus\u00f3 \u00abde no querer cumplir con la ley\u00bb.<\/p>\n","protected":false},"author":11,"featured_media":0,"comment_status":"open","ping_status":"open","sticky":false,"template":"","format":"standard","meta":{"_jetpack_newsletter_access":"","_jetpack_dont_email_post_to_subs":false,"_jetpack_newsletter_tier_id":0,"_jetpack_memberships_contains_paywalled_content":false,"_jetpack_memberships_contains_paid_content":false,"footnotes":""},"categories":[54],"tags":[],"class_list":["post-14043","post","type-post","status-publish","format-standard","hentry","category-medios"],"jetpack_featured_media_url":"","jetpack_shortlink":"https:\/\/wp.me\/p2JWE0-3Ev","jetpack-related-posts":[{"id":14743,"url":"https:\/\/www.24baires.com\/?p=14743","url_meta":{"origin":14043,"position":0},"title":"Sabbatella: \u00abDe la Sota no tiene derecho a dejar a los cordobeses cautivos de la TV paga\u00bb","author":"AF","date":"05\/02\/2013","format":false,"excerpt":"El titular de la Afsca, Mart\u00edn Sabbatella, cuestion\u00f3 al gobernador cordob\u00e9s Jos\u00e9 Manuel de la Sota, ya que en el mismo predio en el que clausur\u00f3 una antena de Arsat, permite que funcione una antena de Cablevisi\u00f3n\u201d. Respecto de la decisi\u00f3n del mandatario provincial de clausurar cinco antenas de Televisi\u00f3n\u2026","rel":"","context":"En \u00abMedios\u00bb","block_context":{"text":"Medios","link":"https:\/\/www.24baires.com\/?cat=54"},"img":{"alt_text":"","src":"","width":0,"height":0},"classes":[]},{"id":15573,"url":"https:\/\/www.24baires.com\/?p=15573","url_meta":{"origin":14043,"position":1},"title":"\u00abDe la Sota se dio cuenta de que no iba a poder defender los actos de censura que cometi\u00f3\u00bb","author":"AF","date":"13\/02\/2013","format":false,"excerpt":"Lo afirm\u00f3 el titular de la Afsca, Mart\u00edn Sabbatella, al hacer referencia a la decisi\u00f3n del gobernador cordob\u00e9s de \"dejar sin efecto\" las clausuras de las antenas de la Televisi\u00f3n Digital Abierta (TDA) que hab\u00eda dispuesto en varios municipios de la provincia. \"El gobernador se dio cuenta de que no\u2026","rel":"","context":"En \u00abMedios\u00bb","block_context":{"text":"Medios","link":"https:\/\/www.24baires.com\/?cat=54"},"img":{"alt_text":"","src":"","width":0,"height":0},"classes":[]},{"id":14264,"url":"https:\/\/www.24baires.com\/?p=14264","url_meta":{"origin":14043,"position":2},"title":"La Afsca fue a C\u00f3rdoba y se present\u00f3 en la Justicia por la censura a la TDA de De la Sota","author":"Grupo Sierra","date":"01\/02\/2013","format":false,"excerpt":"El titular de la Afsca, Mart\u00edn Sabbatella, present\u00f3 ante los tribunales federales de C\u00f3rdoba, un recurso en contra del cierre de las antenas de la Televisi\u00f3n Digital Argentina, dispuestas por el gobernador Jos\u00e9 Manuel de la Sota. En la presentaci\u00f3n, Sabbatella, que estuvo acompa\u00f1ado por el secretario de Derechos Humanos\u2026","rel":"","context":"En \u00abMedios\u00bb","block_context":{"text":"Medios","link":"https:\/\/www.24baires.com\/?cat=54"},"img":{"alt_text":"afsca cordoba","src":"https:\/\/i0.wp.com\/www.24baires.com\/wp-content\/uploads\/2013\/02\/afsca-cordoba.jpg?resize=350%2C200","width":350,"height":200,"srcset":"https:\/\/i0.wp.com\/www.24baires.com\/wp-content\/uploads\/2013\/02\/afsca-cordoba.jpg?resize=350%2C200 1x, https:\/\/i0.wp.com\/www.24baires.com\/wp-content\/uploads\/2013\/02\/afsca-cordoba.jpg?resize=525%2C300 1.5x"},"classes":[]},{"id":15193,"url":"https:\/\/www.24baires.com\/?p=15193","url_meta":{"origin":14043,"position":3},"title":"Bussi: \u00abDe la Sota sabe que est\u00e1 defendiendo medidas absurdas\u00bb","author":"AF","date":"09\/02\/2013","format":false,"excerpt":"Lorena Bussi, intendenta de Leones, C\u00f3rdoba, asegur\u00f3 que espera \u201cuna pronta respuesta favorable de la Justicia para que se termine esta medida arbitraria y caprichosa del gobernador De la Sota y vuelvan a funcionar las antenas de TDA en C\u00f3rdoba\u201d. Bussi confirm\u00f3 la presentaci\u00f3n por parte de ese municipio de\u2026","rel":"","context":"En \u00abMedios\u00bb","block_context":{"text":"Medios","link":"https:\/\/www.24baires.com\/?cat=54"},"img":{"alt_text":"bussi","src":"https:\/\/i0.wp.com\/www.24baires.com\/wp-content\/uploads\/2013\/02\/bussi.jpg?resize=350%2C200","width":350,"height":200},"classes":[]},{"id":15350,"url":"https:\/\/www.24baires.com\/?p=15350","url_meta":{"origin":14043,"position":4},"title":"La Justicia se expedir\u00e1 sobre la cautelar contra la clausura de antenas en C\u00f3rdoba","author":"AF","date":"11\/02\/2013","format":false,"excerpt":"La Justicia Federal de C\u00f3rdoba podr\u00eda expedirse esta semana sobre la medida cautelar promovida contra las clausuras de las antenas de transmisi\u00f3n de la Televisi\u00f3n Digital Abierta (TDA), dispuestas por el gobernador Jos\u00e9 Manuel de la Sota. As\u00ed lo manifest\u00f3 esta ma\u00f1ana el delegado local de la Autoridad Federal del\u2026","rel":"","context":"En \u00abMedios\u00bb","block_context":{"text":"Medios","link":"https:\/\/www.24baires.com\/?cat=54"},"img":{"alt_text":"","src":"","width":0,"height":0},"classes":[]},{"id":13924,"url":"https:\/\/www.24baires.com\/?p=13924","url_meta":{"origin":14043,"position":5},"title":"Intendentes cordobeses repudian la decisi\u00f3n de De la Sota de clausurar antenas de TDA","author":"AF","date":"29\/01\/2013","format":false,"excerpt":"Los 67 intendentes que integran la `Mesa de Intendentes y Presidentes de Comuna junto al Proyecto Nacional y Popular` manifestaron su \u201cen\u00e9rgico repudio\u201d a la decisi\u00f3n de Jos\u00e9 Manuel de la Sota de clausurar antenas de transmisi\u00f3n de TDA. El sector pidi\u00f3 al mandatario provincial, mediante un documento, que \u201ccambie\u2026","rel":"","context":"En \u00abMedios\u00bb","block_context":{"text":"Medios","link":"https:\/\/www.24baires.com\/?cat=54"},"img":{"alt_text":"","src":"","width":0,"height":0},"classes":[]}],"jetpack_sharing_enabled":true,"jetpack_likes_enabled":true,"_links":{"self":[{"href":"https:\/\/www.24baires.com\/index.php?rest_route=\/wp\/v2\/posts\/14043","targetHints":{"allow":["GET"]}}],"collection":[{"href":"https:\/\/www.24baires.com\/index.php?rest_route=\/wp\/v2\/posts"}],"about":[{"href":"https:\/\/www.24baires.com\/index.php?rest_route=\/wp\/v2\/types\/post"}],"author":[{"embeddable":true,"href":"https:\/\/www.24baires.com\/index.php?rest_route=\/wp\/v2\/users\/11"}],"replies":[{"embeddable":true,"href":"https:\/\/www.24baires.com\/index.php?rest_route=%2Fwp%2Fv2%2Fcomments&post=14043"}],"version-history":[{"count":3,"href":"https:\/\/www.24baires.com\/index.php?rest_route=\/wp\/v2\/posts\/14043\/revisions"}],"predecessor-version":[{"id":14048,"href":"https:\/\/www.24baires.com\/index.php?rest_route=\/wp\/v2\/posts\/14043\/revisions\/14048"}],"wp:attachment":[{"href":"https:\/\/www.24baires.com\/index.php?rest_route=%2Fwp%2Fv2%2Fmedia&parent=14043"}],"wp:term":[{"taxonomy":"category","embeddable":true,"href":"https:\/\/www.24baires.com\/index.php?rest_route=%2Fwp%2Fv2%2Fcategories&post=14043"},{"taxonomy":"post_tag","embeddable":true,"href":"https:\/\/www.24baires.com\/index.php?rest_route=%2Fwp%2Fv2%2Ftags&post=14043"}],"curies":[{"name":"wp","href":"https:\/\/api.w.org\/{rel}","templated":true}]}}