{"id":14042,"date":"2013-01-30T14:30:54","date_gmt":"2013-01-30T17:30:54","guid":{"rendered":"http:\/\/www.24baires.com\/?p=14042"},"modified":"2013-01-30T14:13:42","modified_gmt":"2013-01-30T17:13:42","slug":"en-el-pais-el-sistema-publico-de-salud-fue-desguazado-para-hacer-negocios","status":"publish","type":"post","link":"https:\/\/www.24baires.com\/?p=14042","title":{"rendered":"\u201cEn el pa\u00eds, el sistema p\u00fablico de salud fue desguazado para hacer negocios\u201d"},"content":{"rendered":"<p>Lo afirm\u00f3 la Presidenta de la Asociaci\u00f3n Sindical de Profesionales de la Salud de la Provincia de Buenos Aires (CICOP), Viviana Garc\u00eda, al asegurar que \u201cel sistema p\u00fablico de salud est\u00e1 sostenido por sus trabajadores, y no por pol\u00edticas p\u00fablicas reales, ya que fue desguazado intencionalmente para hacer negocios\u201d.<\/p>\n<p><!--more--><br \/>\nEn contacto con Radio La Plata 90.9, habl\u00f3 de las negociaciones paritarias, y se\u00f1al\u00f3 que \u201cno hemos tenido ninguna convocatoria de paritaria sectorial. Primero, pedimos la derogaci\u00f3n del impuesto a las ganancias, independientemente de ese 20%, pedimos asignaciones familiares sin tope y esta vez, s\u00ed pedimos un aumento salarial que tiene que estar en el bolsillo del trabajador y para el ingresante de planta de 36 horas\u201d.<br \/>\n\u201cTambi\u00e9n exigimos las bonificaciones que tenemos por el trabajo de planta o guardia, condiciones de trabajo digno que tiene que ver con mayor personal y rever el presupuesto 2013 ya que no establece partida para mayor personal profesional de salud y no prev\u00e9 el aumento salarial para dicho a\u00f1o\u201d, agreg\u00f3 la titular de CICOP.<br \/>\nConsultada sobre la posibilidad de una medida de fuerza, Garc\u00eda explic\u00f3 que \u201cesta semana todos los hospitales y centros de salud est\u00e1n realizando asambleas para traer el viernes al congreso de delegados y discutir todas las medidas que tomaremos en forma de consenso con las decisiones que el gremio tomara de ac\u00e1 en adelante\u201d.<br \/>\nPor \u00faltimo, dej\u00f3 en claro que \u201ctampoco hay partida determinada para continuidad de obras o realizaci\u00f3n de nuevas obras en todo el sistema sanitario. Las condiciones en las cuales estamos trabajando son estructuras viejas que pr\u00e1cticamente hay que tirarlas abajo\u201d.<br \/>\n\u201cExisten hospitales que ya quedan chicos por la demanda, hospitales donde no hay comodidad ni para el paciente ni para el trabajador. Pedimos tambi\u00e9n que se hagan cargo de la seguridad y violencia, la cual cada vez es mayor\u201d, concluy\u00f3.<\/p>\n<p>&nbsp;<\/p>\n<p>&nbsp;<\/p>\n<p>&nbsp;<\/p>\n<p>&nbsp;<\/p>\n<p>&nbsp;<\/p>\n<p>&nbsp;<\/p>\n<p>&nbsp;<\/p>\n<p>&nbsp;<\/p>\n<p>&nbsp;<\/p>\n<p>&nbsp;<\/p>\n<p>&nbsp;<\/p>\n<p>&nbsp;<\/p>\n<p>&nbsp;<\/p>\n<p>&nbsp;<\/p>\n<p>&nbsp;<\/p>\n<p>&nbsp;<\/p>\n<p>&nbsp;<\/p>\n<p>&nbsp;<\/p>\n<p>&nbsp;<\/p>\n<p>&nbsp;<\/p>\n<p>&nbsp;<\/p>\n<p>&nbsp;<\/p>\n<p>&nbsp;<\/p>\n<p>&nbsp;<\/p>\n<p>&nbsp;<\/p>\n<p>&nbsp;<\/p>\n<p>&nbsp;<\/p>\n<p>&nbsp;<\/p>\n","protected":false},"excerpt":{"rendered":"<p>Lo afirm\u00f3 la Presidenta de la Asociaci\u00f3n Sindical de Profesionales de la Salud de la Provincia de Buenos Aires (CICOP), Viviana Garc\u00eda, al asegurar que \u201cel sistema p\u00fablico de salud est\u00e1 sostenido por sus trabajadores, y no por pol\u00edticas p\u00fablicas reales, ya que fue desguazado intencionalmente para hacer negocios\u201d.<\/p>\n","protected":false},"author":4,"featured_media":0,"comment_status":"open","ping_status":"open","sticky":false,"template":"","format":"standard","meta":{"_jetpack_newsletter_access":"","_jetpack_dont_email_post_to_subs":false,"_jetpack_newsletter_tier_id":0,"_jetpack_memberships_contains_paywalled_content":false,"_jetpack_memberships_contains_paid_content":false,"footnotes":""},"categories":[1],"tags":[],"class_list":["post-14042","post","type-post","status-publish","format-standard","hentry","category-sociedad"],"jetpack_featured_media_url":"","jetpack_shortlink":"https:\/\/wp.me\/p2JWE0-3Eu","jetpack-related-posts":[{"id":113684,"url":"https:\/\/www.24baires.com\/?p=113684","url_meta":{"origin":14042,"position":0},"title":"Cicop pidi\u00f3 paritarias libres y que los aumentos salariales \u201csean coherentes con la inflaci\u00f3n\u201d","author":"GB","date":"06\/01\/2020","format":false,"excerpt":"El gremio que nuclea a m\u00e9dicos y profesionales de la salud bonaerenses insisti\u00f3 con el pedido de reuni\u00f3n al gobierno de Axel Kicillof. La Asociaci\u00f3n Sindical de Profesionales de la Salud de la provincia de Buenos Aires (Cicop) realiz\u00f3 un an\u00e1lisis de la situaci\u00f3n nacional y bonaerense en torno a\u2026","rel":"","context":"En \u00abProvincia\u00bb","block_context":{"text":"Provincia","link":"https:\/\/www.24baires.com\/?cat=40"},"img":{"alt_text":"","src":"https:\/\/i0.wp.com\/www.24baires.com\/wp-content\/uploads\/2019\/04\/cicop-salud.jpg?resize=350%2C200","width":350,"height":200,"srcset":"https:\/\/i0.wp.com\/www.24baires.com\/wp-content\/uploads\/2019\/04\/cicop-salud.jpg?resize=350%2C200 1x, https:\/\/i0.wp.com\/www.24baires.com\/wp-content\/uploads\/2019\/04\/cicop-salud.jpg?resize=525%2C300 1.5x"},"classes":[]},{"id":121231,"url":"https:\/\/www.24baires.com\/?p=121231","url_meta":{"origin":14042,"position":1},"title":"Provincia convoc\u00f3 a los gremios a discutir salarios","author":"GB","date":"15\/04\/2024","format":false,"excerpt":"Tras varios pedidos de paritarias de los sindicatos que nuclean a trabajadores estatales de la provincia de Buenos Aires, el gobierno de Axel Kicillof los convoc\u00f3 para reordenar y llegar a acuerdos acordes al n\u00famero de inflaci\u00f3n actual. El gobierno bonaerense, encabezado por Axel Kicillof, convoc\u00f3 a los sindicatos que\u2026","rel":"","context":"En \u00abProvincia\u00bb","block_context":{"text":"Provincia","link":"https:\/\/www.24baires.com\/?cat=40"},"img":{"alt_text":"","src":"https:\/\/i0.wp.com\/www.24baires.com\/wp-content\/uploads\/2024\/03\/paritarias-estatales.webp?resize=350%2C200","width":350,"height":200,"srcset":"https:\/\/i0.wp.com\/www.24baires.com\/wp-content\/uploads\/2024\/03\/paritarias-estatales.webp?resize=350%2C200 1x, https:\/\/i0.wp.com\/www.24baires.com\/wp-content\/uploads\/2024\/03\/paritarias-estatales.webp?resize=525%2C300 1.5x, https:\/\/i0.wp.com\/www.24baires.com\/wp-content\/uploads\/2024\/03\/paritarias-estatales.webp?resize=700%2C400 2x"},"classes":[]},{"id":90969,"url":"https:\/\/www.24baires.com\/?p=90969","url_meta":{"origin":14042,"position":2},"title":"Los m\u00e9dicos bonaerenses iniciaron un paro de 24 horas","author":"GB","date":"21\/12\/2016","format":false,"excerpt":"Lo definieron las autoridades de Cicop. Es por la \"demorad\u00edsima\" convocatoria a paritarias por parte de la Provincia. Denuncian incumplimiento del acuerdo paritario. Ma\u00f1ana habr\u00e1 una reuni\u00f3n con el Gobierno. Los m\u00e9dicos y profesionales de la salud nucleados en Cicop iniciaron hoy una medida de fuerza de 24 horas para\u2026","rel":"","context":"En \u00abPol\u00edtica\u00bb","block_context":{"text":"Pol\u00edtica","link":"https:\/\/www.24baires.com\/?cat=51"},"img":{"alt_text":"","src":"https:\/\/i0.wp.com\/www.24baires.com\/wp-content\/uploads\/2016\/12\/cicop.jpg?resize=350%2C200","width":350,"height":200,"srcset":"https:\/\/i0.wp.com\/www.24baires.com\/wp-content\/uploads\/2016\/12\/cicop.jpg?resize=350%2C200 1x, https:\/\/i0.wp.com\/www.24baires.com\/wp-content\/uploads\/2016\/12\/cicop.jpg?resize=525%2C300 1.5x"},"classes":[]},{"id":115410,"url":"https:\/\/www.24baires.com\/?p=115410","url_meta":{"origin":14042,"position":3},"title":"Cicop insiste con el pedido de paritarias y aumento salarial","author":"GB","date":"22\/06\/2020","format":false,"excerpt":"Los m\u00e9dicos y profesionales de la salud tambi\u00e9n reiteraron el rechazo al pago del medio aguinaldo en cuotas. La Asociaci\u00f3n Sindical de Profesionales de la Salud de la Provincia de Buenos Aires (Cicop) sali\u00f3 nuevamente con el reclamo al gobierno de Axel Kicillof para que se los convoque a paritarias\u2026","rel":"","context":"En \u00abProvincia\u00bb","block_context":{"text":"Provincia","link":"https:\/\/www.24baires.com\/?cat=40"},"img":{"alt_text":"","src":"https:\/\/i0.wp.com\/www.24baires.com\/wp-content\/uploads\/2020\/06\/cicop.jpg?resize=350%2C200","width":350,"height":200,"srcset":"https:\/\/i0.wp.com\/www.24baires.com\/wp-content\/uploads\/2020\/06\/cicop.jpg?resize=350%2C200 1x, https:\/\/i0.wp.com\/www.24baires.com\/wp-content\/uploads\/2020\/06\/cicop.jpg?resize=525%2C300 1.5x"},"classes":[]},{"id":102435,"url":"https:\/\/www.24baires.com\/?p=102435","url_meta":{"origin":14042,"position":4},"title":"M\u00e9dicos van a la Justicia para que Vidal los convoque a paritarias","author":"GB","date":"30\/05\/2018","format":false,"excerpt":"Cicop seguir\u00e1 los pasos de AJB y realizar\u00e1 una presentaci\u00f3n judicial para que el Gobierno abra la paritaria con el sector. Los m\u00e9dicos y profesionales de la salud bonaerenses anunciaron que recurrir\u00e1n a la Justicia para que el gobierno de Mar\u00eda Eugenia Vidal los convoque para discutir salarios. \"Hemos decidido\u2026","rel":"","context":"En \u00abProvincia\u00bb","block_context":{"text":"Provincia","link":"https:\/\/www.24baires.com\/?cat=40"},"img":{"alt_text":"","src":"https:\/\/i0.wp.com\/www.24baires.com\/wp-content\/uploads\/2016\/12\/cicop.jpg?resize=350%2C200","width":350,"height":200,"srcset":"https:\/\/i0.wp.com\/www.24baires.com\/wp-content\/uploads\/2016\/12\/cicop.jpg?resize=350%2C200 1x, https:\/\/i0.wp.com\/www.24baires.com\/wp-content\/uploads\/2016\/12\/cicop.jpg?resize=525%2C300 1.5x"},"classes":[]},{"id":100354,"url":"https:\/\/www.24baires.com\/?p=100354","url_meta":{"origin":14042,"position":5},"title":"M\u00e9dicos bonaerenses rechazan el aumento de 15% y exigen apertura de paritarias","author":"GB","date":"05\/02\/2018","format":false,"excerpt":"Desde Cicop reclamaron al gobierno de la provincia de Buenos Aires que inicie las negociaciones salariales. Criticaron al ministro de Salud, Andr\u00e9s Scarsi, y llamaron a realizar asambleas en los lugares de trabajo para resolver los pasos a seguir. Desde Cicop manifestaron que \u201cen la provincia de Buenos Aires, la\u2026","rel":"","context":"En \u00abProvincia\u00bb","block_context":{"text":"Provincia","link":"https:\/\/www.24baires.com\/?cat=40"},"img":{"alt_text":"","src":"https:\/\/i0.wp.com\/www.24baires.com\/wp-content\/uploads\/2016\/12\/cicop.jpg?resize=350%2C200","width":350,"height":200,"srcset":"https:\/\/i0.wp.com\/www.24baires.com\/wp-content\/uploads\/2016\/12\/cicop.jpg?resize=350%2C200 1x, https:\/\/i0.wp.com\/www.24baires.com\/wp-content\/uploads\/2016\/12\/cicop.jpg?resize=525%2C300 1.5x"},"classes":[]}],"jetpack_sharing_enabled":true,"jetpack_likes_enabled":true,"_links":{"self":[{"href":"https:\/\/www.24baires.com\/index.php?rest_route=\/wp\/v2\/posts\/14042","targetHints":{"allow":["GET"]}}],"collection":[{"href":"https:\/\/www.24baires.com\/index.php?rest_route=\/wp\/v2\/posts"}],"about":[{"href":"https:\/\/www.24baires.com\/index.php?rest_route=\/wp\/v2\/types\/post"}],"author":[{"embeddable":true,"href":"https:\/\/www.24baires.com\/index.php?rest_route=\/wp\/v2\/users\/4"}],"replies":[{"embeddable":true,"href":"https:\/\/www.24baires.com\/index.php?rest_route=%2Fwp%2Fv2%2Fcomments&post=14042"}],"version-history":[{"count":1,"href":"https:\/\/www.24baires.com\/index.php?rest_route=\/wp\/v2\/posts\/14042\/revisions"}],"predecessor-version":[{"id":14045,"href":"https:\/\/www.24baires.com\/index.php?rest_route=\/wp\/v2\/posts\/14042\/revisions\/14045"}],"wp:attachment":[{"href":"https:\/\/www.24baires.com\/index.php?rest_route=%2Fwp%2Fv2%2Fmedia&parent=14042"}],"wp:term":[{"taxonomy":"category","embeddable":true,"href":"https:\/\/www.24baires.com\/index.php?rest_route=%2Fwp%2Fv2%2Fcategories&post=14042"},{"taxonomy":"post_tag","embeddable":true,"href":"https:\/\/www.24baires.com\/index.php?rest_route=%2Fwp%2Fv2%2Ftags&post=14042"}],"curies":[{"name":"wp","href":"https:\/\/api.w.org\/{rel}","templated":true}]}}