{"id":14037,"date":"2013-01-30T14:01:58","date_gmt":"2013-01-30T17:01:58","guid":{"rendered":"http:\/\/www.24baires.com\/?p=14037"},"modified":"2013-01-30T14:51:01","modified_gmt":"2013-01-30T17:51:01","slug":"uno-de-los-duenos-de-la-discoteca-kiss-intento-suicidarse","status":"publish","type":"post","link":"https:\/\/www.24baires.com\/?p=14037","title":{"rendered":"Uno de los due\u00f1os de la discoteca Kiss intent\u00f3 suicidarse"},"content":{"rendered":"<p><img data-recalc-dims=\"1\" loading=\"lazy\" decoding=\"async\" class=\"alignleft size-full wp-image-14051\" alt=\"incendio porto alegre2\" src=\"https:\/\/i0.wp.com\/www.24baires.com\/wp-content\/uploads\/2013\/01\/incendio-porto-alegre2.jpg?resize=275%2C183\" width=\"275\" height=\"183\" \/>El empresario Elessandro Spohr, uno de los dos socios del establecimiento siniestrado, intent\u00f3 ahorcarse con una manguera en uno de los ba\u00f1os del hospital en el que es tratado por problemas respiratorios derivados del incendio.<!--more--><br \/>\nEn ese centro asistencial, el socio de Kiss es vigilado por polic\u00edas debido a que est\u00e1 bajo arresto.<\/p>\n<p>El intento de suicidio, del que hab\u00edan informado en las \u00faltimas horas de ayer sus m\u00e9dicos y abogados, fue confirmado hoy por Marcelo Arigony, uno de los comisarios de la Polic\u00eda Civil del estado de R\u00edo Grande do Sul, responsables por la investigaci\u00f3n de la tragedia.<\/p>\n<p>\u00abAhora se encuentra bien y fue esposado a la cama para evitar nuevos intentos\u00bb, asegur\u00f3 Arigony en declaraciones a la prensa.<\/p>\n<p>Spohr fue arrestado el lunes en Cruz Alta, adonde, seg\u00fan su abogado, hab\u00eda viajado para ser atendido en un hospital con s\u00edntomas de intoxicaci\u00f3n respiratoria por temor a permanecer en Santa Mar\u00eda.<\/p>\n<p>El otro propietario de la discoteca, Mauro Hoffmann, fue detenido tambi\u00e9n el lunes tras presentarse en la comisar\u00eda de Santa Mar\u00eda.<\/p>\n<p>&nbsp;<\/p>\n<p>&nbsp;<\/p>\n<p>&nbsp;<\/p>\n<p>&nbsp;<\/p>\n<p>&nbsp;<\/p>\n<p>&nbsp;<\/p>\n<p>&nbsp;<\/p>\n<p>&nbsp;<\/p>\n<p>&nbsp;<\/p>\n<p>&nbsp;<\/p>\n<p>&nbsp;<\/p>\n<p>&nbsp;<\/p>\n<p>&nbsp;<\/p>\n<p>&nbsp;<\/p>\n<p>&nbsp;<\/p>\n<p>&nbsp;<\/p>\n<p>&nbsp;<\/p>\n<p>&nbsp;<\/p>\n<p>&nbsp;<\/p>\n<p>&nbsp;<\/p>\n","protected":false},"excerpt":{"rendered":"<p>El empresario Elessandro Spohr, uno de los dos socios del establecimiento siniestrado, intent\u00f3 ahorcarse con una manguera en uno de los ba\u00f1os del hospital en el que es tratado por problemas respiratorios derivados del incendio.<\/p>\n","protected":false},"author":4,"featured_media":0,"comment_status":"open","ping_status":"open","sticky":false,"template":"","format":"standard","meta":{"_jetpack_newsletter_access":"","_jetpack_dont_email_post_to_subs":false,"_jetpack_newsletter_tier_id":0,"_jetpack_memberships_contains_paywalled_content":false,"_jetpack_memberships_contains_paid_content":false,"footnotes":""},"categories":[1],"tags":[],"class_list":["post-14037","post","type-post","status-publish","format-standard","hentry","category-sociedad"],"jetpack_featured_media_url":"","jetpack_shortlink":"https:\/\/wp.me\/p2JWE0-3Ep","jetpack-related-posts":[{"id":13955,"url":"https:\/\/www.24baires.com\/?p=13955","url_meta":{"origin":14037,"position":0},"title":"Embargan los bienes de los propietarios de Kiss, la discoteca de la tragedia en Brasil","author":"AF","date":"29\/01\/2013","format":false,"excerpt":"La justicia brasile\u00f1a orden\u00f3 el embargo de los bienes de los propietarios del boliche de la ciudad de Santa Mar\u00eda, en la que un incendio el domingo dej\u00f3 al menos 231 muertos y 118 heridos. La medida fue solicitada para garantizar el posible pago de indemnizaciones en caso de que\u2026","rel":"","context":"En \u00abSociedad\u00bb","block_context":{"text":"Sociedad","link":"https:\/\/www.24baires.com\/?cat=1"},"img":{"alt_text":"incendio porto alegre","src":"https:\/\/i0.wp.com\/www.24baires.com\/wp-content\/uploads\/2013\/01\/incendio-porto-alegre.jpg?resize=350%2C200","width":350,"height":200},"classes":[]},{"id":13984,"url":"https:\/\/www.24baires.com\/?p=13984","url_meta":{"origin":14037,"position":1},"title":"Son 75 las personas en estado cr\u00edtico tras la tragedia de Kiss","author":"AF","date":"29\/01\/2013","format":false,"excerpt":"As\u00ed lo informaron autoridades sanitarias brasile\u00f1as, en tanto el n\u00famero de muertes tras el incendio en el boliche de Santa Mar\u00eda fue establecido en 234 personas por la jefatura de investigaciones. En una conferencia de prensa divulgada por el diario O Globo, el ministro de Salud brasile\u00f1o, Alexandre Padilha, inform\u00f3\u2026","rel":"","context":"En \u00abSociedad\u00bb","block_context":{"text":"Sociedad","link":"https:\/\/www.24baires.com\/?cat=1"},"img":{"alt_text":"porto alegre cementerio","src":"https:\/\/i0.wp.com\/www.24baires.com\/wp-content\/uploads\/2013\/01\/porto-alegre-cementerio-300x199.jpg?resize=350%2C200","width":350,"height":200},"classes":[]},{"id":107933,"url":"https:\/\/www.24baires.com\/?p=107933","url_meta":{"origin":14037,"position":2},"title":"Caso Luc\u00eda Bernaola: pidieron que Federico Sasso sea trasladado a la c\u00e1rcel","author":"GB","date":"02\/05\/2019","format":false,"excerpt":"El abogado Maximiliano Orsini present\u00f3 un escrito ante la Justicia para que el joven cumpla su condena en una unidad carcelaria El abogado de Ver\u00f3nica Borelli, la madre de la adolescente que muri\u00f3 al ser atropellada en la costa, pidi\u00f3 ante la Justicia que Federico Sasso sea trasladado a una\u2026","rel":"","context":"En \u00abPol\u00edtica\u00bb","block_context":{"text":"Pol\u00edtica","link":"https:\/\/www.24baires.com\/?cat=51"},"img":{"alt_text":"","src":"https:\/\/i0.wp.com\/www.24baires.com\/wp-content\/uploads\/2019\/03\/JUICIO-LUC%C3%8DA-BERNAOLA-FEDERICO-SASSO-.jpg?resize=350%2C200","width":350,"height":200,"srcset":"https:\/\/i0.wp.com\/www.24baires.com\/wp-content\/uploads\/2019\/03\/JUICIO-LUC%C3%8DA-BERNAOLA-FEDERICO-SASSO-.jpg?resize=350%2C200 1x, https:\/\/i0.wp.com\/www.24baires.com\/wp-content\/uploads\/2019\/03\/JUICIO-LUC%C3%8DA-BERNAOLA-FEDERICO-SASSO-.jpg?resize=525%2C300 1.5x"},"classes":[]},{"id":107479,"url":"https:\/\/www.24baires.com\/?p=107479","url_meta":{"origin":14037,"position":3},"title":"Violaci\u00f3n en el camping: piden el arresto domiciliario para los tres acusados","author":"GB","date":"02\/04\/2019","format":false,"excerpt":"La defensa elev\u00f3 la solicitud luego de que la C\u00e1mara de Apelaciones decidiera revocar la excarcelaci\u00f3n de Lucas Pitman, Tom\u00e1s Jaime y Juan Cruz Villalba. El caso de la violaci\u00f3n de una adolescente en el camping \u201cEl Durazno\u201d, de Miramar, durante los festejo de A\u00f1o Nuevo, tuvo este lunes la\u2026","rel":"","context":"En \u00abJUDICIALES\u00bb","block_context":{"text":"JUDICIALES","link":"https:\/\/www.24baires.com\/?cat=68"},"img":{"alt_text":"","src":"https:\/\/i0.wp.com\/www.24baires.com\/wp-content\/uploads\/2019\/01\/camping-durazno-300x200.jpg?resize=350%2C200","width":350,"height":200},"classes":[]},{"id":107654,"url":"https:\/\/www.24baires.com\/?p=107654","url_meta":{"origin":14037,"position":4},"title":"Tras el arresto de Assange, Wikileaks liber\u00f3 todos sus archivos en la web","author":"AF","date":"13\/04\/2019","format":false,"excerpt":"El creador de la organizaci\u00f3n est\u00e1 en custodia de la Polic\u00eda Metropolitana de Londres, pero la obra de difusi\u00f3n sigue adelante sin \u00e9l. Julian Assange fue arrestado el 11 de abril pasado tras pasar nueve a\u00f1os encerrado en la embajada de Ecuador en Londres, pero Wikileaks no se detuvo: todos\u2026","rel":"","context":"En \u00abSociedad\u00bb","block_context":{"text":"Sociedad","link":"https:\/\/www.24baires.com\/?cat=1"},"img":{"alt_text":"","src":"https:\/\/i0.wp.com\/www.24baires.com\/wp-content\/uploads\/2013\/11\/assange.jpg?resize=350%2C200","width":350,"height":200},"classes":[]},{"id":121438,"url":"https:\/\/www.24baires.com\/?p=121438","url_meta":{"origin":14037,"position":5},"title":"Represi\u00f3n en el Congreso: 16 bonaerenses contin\u00faan detenidos y denuncian traslados a pabell\u00f3n com\u00fan","author":"GB","date":"18\/06\/2024","format":false,"excerpt":"Acusados de m\u00faltiples delitos sin m\u00e1s pruebas que tres publicaciones period\u00edsticas. Una docente, un vendedor ambulante, una empleada dom\u00e9stica y estudiantes, entre los privados de libertad por riesgo de fuga. Un total de 33 personas fueron detenidas por las fuerzas de la Polic\u00eda Federal Argentina (PFA) y la Polic\u00eda de\u2026","rel":"","context":"En \u00abPol\u00edtica\u00bb","block_context":{"text":"Pol\u00edtica","link":"https:\/\/www.24baires.com\/?cat=51"},"img":{"alt_text":"","src":"https:\/\/i0.wp.com\/www.24baires.com\/wp-content\/uploads\/2024\/06\/represion-congreso.webp?resize=350%2C200","width":350,"height":200,"srcset":"https:\/\/i0.wp.com\/www.24baires.com\/wp-content\/uploads\/2024\/06\/represion-congreso.webp?resize=350%2C200 1x, https:\/\/i0.wp.com\/www.24baires.com\/wp-content\/uploads\/2024\/06\/represion-congreso.webp?resize=525%2C300 1.5x, https:\/\/i0.wp.com\/www.24baires.com\/wp-content\/uploads\/2024\/06\/represion-congreso.webp?resize=700%2C400 2x"},"classes":[]}],"jetpack_sharing_enabled":true,"jetpack_likes_enabled":true,"_links":{"self":[{"href":"https:\/\/www.24baires.com\/index.php?rest_route=\/wp\/v2\/posts\/14037","targetHints":{"allow":["GET"]}}],"collection":[{"href":"https:\/\/www.24baires.com\/index.php?rest_route=\/wp\/v2\/posts"}],"about":[{"href":"https:\/\/www.24baires.com\/index.php?rest_route=\/wp\/v2\/types\/post"}],"author":[{"embeddable":true,"href":"https:\/\/www.24baires.com\/index.php?rest_route=\/wp\/v2\/users\/4"}],"replies":[{"embeddable":true,"href":"https:\/\/www.24baires.com\/index.php?rest_route=%2Fwp%2Fv2%2Fcomments&post=14037"}],"version-history":[{"count":3,"href":"https:\/\/www.24baires.com\/index.php?rest_route=\/wp\/v2\/posts\/14037\/revisions"}],"predecessor-version":[{"id":14039,"href":"https:\/\/www.24baires.com\/index.php?rest_route=\/wp\/v2\/posts\/14037\/revisions\/14039"}],"wp:attachment":[{"href":"https:\/\/www.24baires.com\/index.php?rest_route=%2Fwp%2Fv2%2Fmedia&parent=14037"}],"wp:term":[{"taxonomy":"category","embeddable":true,"href":"https:\/\/www.24baires.com\/index.php?rest_route=%2Fwp%2Fv2%2Fcategories&post=14037"},{"taxonomy":"post_tag","embeddable":true,"href":"https:\/\/www.24baires.com\/index.php?rest_route=%2Fwp%2Fv2%2Ftags&post=14037"}],"curies":[{"name":"wp","href":"https:\/\/api.w.org\/{rel}","templated":true}]}}