{"id":14028,"date":"2013-01-30T12:28:35","date_gmt":"2013-01-30T15:28:35","guid":{"rendered":"http:\/\/www.24baires.com\/?p=14028"},"modified":"2013-01-30T12:28:35","modified_gmt":"2013-01-30T15:28:35","slug":"comenzo-el-exodo-turistico-por-el-cambio-de-quincena","status":"publish","type":"post","link":"https:\/\/www.24baires.com\/?p=14028","title":{"rendered":"Comenz\u00f3 el \u00e9xodo tur\u00edstico por el cambio de quincena"},"content":{"rendered":"<p>La coincidencia con el recambio y el feriado promovieron una mayor demanda de pasajes de micros hacia el interior del territorio bonaerense y la Costa, inform\u00f3 la Comisi\u00f3n Nacional de Regulaci\u00f3n del Transporte.<!--more--><br \/>\nLa CNRT precis\u00f3 que a los 1.600 servicios que entran y salen de la terminal de Retiro en un d\u00eda normal, ayer martes \u00abse agregaron 400 servicios adicionales\u00bb, hoy \u00abse adicionaron 350 servicios y para el viernes primero de febrero se sumaron 450\u00bb.<\/p>\n<p>Asimismo, detall\u00f3 que \u00abel 20 por ciento\u00bb de los \u00f3mnibus \u00abse dirigen hacia el interior de la provincia de Buenos Aires, le sigue la Costa Atl\u00e1ntica con un 17 por ciento y el Litoral con un 16\u00bb, y en cuarto lugar \u00abel centro-norte del pa\u00eds con el 9 por ciento de las salidas\u00bb.<\/p>\n<p>En tanto, \u00abun 5 por ciento del total de los \u00f3mnibus corresponde a salidas internacionales\u00bb, la gran mayor\u00eda hacia \u00abParaguay con un 50 por ciento\u00bb y el resto a \u00abUruguay, Brasil, Bolivia, Per\u00fa y Chile\u00bb.<\/p>\n<p>&nbsp;<\/p>\n<p>&nbsp;<\/p>\n<p>&nbsp;<\/p>\n<p>&nbsp;<\/p>\n<p>&nbsp;<\/p>\n<p>&nbsp;<\/p>\n<p>&nbsp;<\/p>\n<p>&nbsp;<\/p>\n<p>&nbsp;<\/p>\n<p>&nbsp;<\/p>\n<p>&nbsp;<\/p>\n<p>&nbsp;<\/p>\n<p>&nbsp;<\/p>\n<p>&nbsp;<\/p>\n<p>&nbsp;<\/p>\n<p>&nbsp;<\/p>\n<p>&nbsp;<\/p>\n<p>&nbsp;<\/p>\n<p>&nbsp;<\/p>\n<p>&nbsp;<\/p>\n<p>&nbsp;<\/p>\n<p>&nbsp;<\/p>\n<p>&nbsp;<\/p>\n<p>&nbsp;<\/p>\n<p>&nbsp;<\/p>\n","protected":false},"excerpt":{"rendered":"<p>La coincidencia con el recambio y el feriado promovieron una mayor demanda de pasajes de micros hacia el interior del territorio bonaerense y la Costa, inform\u00f3 la Comisi\u00f3n Nacional de Regulaci\u00f3n del Transporte.<\/p>\n","protected":false},"author":4,"featured_media":0,"comment_status":"open","ping_status":"open","sticky":false,"template":"","format":"standard","meta":{"_jetpack_newsletter_access":"","_jetpack_dont_email_post_to_subs":false,"_jetpack_newsletter_tier_id":0,"_jetpack_memberships_contains_paywalled_content":false,"_jetpack_memberships_contains_paid_content":false,"footnotes":""},"categories":[1],"tags":[],"class_list":["post-14028","post","type-post","status-publish","format-standard","hentry","category-sociedad"],"jetpack_featured_media_url":"","jetpack_shortlink":"https:\/\/wp.me\/p2JWE0-3Eg","jetpack-related-posts":[{"id":12276,"url":"https:\/\/www.24baires.com\/?p=12276","url_meta":{"origin":14028,"position":0},"title":"Por el cambio de quincena suman micros para viajar desde Retiro a la Costa","author":"AF","date":"15\/01\/2013","format":false,"excerpt":"El cambio de turistas demand\u00f3 adicionar 360 \u00f3mnibus de larga distancia, que se suman a los 1600 que circulan a diario en la terminal. Seg\u00fan aseguraron desde la Comisi\u00f3n Nacional Reguladora de Transporte, el destino principal sigue siendo \u201cel interior de la provincia de Buenos Aires\u201d. En el d\u00eda de\u2026","rel":"","context":"En \u00abSociedad\u00bb","block_context":{"text":"Sociedad","link":"https:\/\/www.24baires.com\/?cat=1"},"img":{"alt_text":"","src":"","width":0,"height":0},"classes":[]},{"id":14132,"url":"https:\/\/www.24baires.com\/?p=14132","url_meta":{"origin":14028,"position":1},"title":"Gran movimiento en terminales y aeropuertos por el cambio de quincena","author":"AF","date":"31\/01\/2013","format":false,"excerpt":"El recambio y el feriado promovieron una mayor demanda de pasajes de micro hacia la Costa por lo que los servicios fueron reforzados, mientras en Aeroparque est\u00e1n casi agotados. Hay un intenso movimiento en rutas. La Comisi\u00f3n Nacional de Regulaci\u00f3n del Transporte (CNRT), precis\u00f3 que a los 1.600 servicios que\u2026","rel":"","context":"En \u00abSociedad\u00bb","block_context":{"text":"Sociedad","link":"https:\/\/www.24baires.com\/?cat=1"},"img":{"alt_text":"RETIRO","src":"https:\/\/i0.wp.com\/www.24baires.com\/wp-content\/uploads\/2013\/01\/RETIRO-300x264.jpg?resize=350%2C200","width":350,"height":200},"classes":[]},{"id":28093,"url":"https:\/\/www.24baires.com\/?p=28093","url_meta":{"origin":14028,"position":2},"title":"Miles de micros salen de Retiro en el inicio de las vacaciones de invierno","author":"AF","date":"12\/07\/2013","format":false,"excerpt":"Un total de 7.300 micros de larga distancia partir\u00e1n desde la estaci\u00f3n Terminal de Retiro durante este fin de semana, en el inicio de las vacaciones de invierno en la Ciudad de Buenos Aires. La Comisi\u00f3n Nacional de Regulaci\u00f3n de Transporte (CNRT) precis\u00f3 que est\u00e1 prevista la partida desde hoy\u2026","rel":"","context":"En \u00abSociedad\u00bb","block_context":{"text":"Sociedad","link":"https:\/\/www.24baires.com\/?cat=1"},"img":{"alt_text":"","src":"","width":0,"height":0},"classes":[]},{"id":15026,"url":"https:\/\/www.24baires.com\/?p=15026","url_meta":{"origin":14028,"position":3},"title":"Dos mil autos por hora transitan la Ruta 2 en direcci\u00f3n a la Costa","author":"AF","date":"08\/02\/2013","format":false,"excerpt":"La Agencia Nacional de Seguridad Vial inform\u00f3 que esta ma\u00f1ana en la ruta 2 hacia la Costa se registraba el paso de casi 2.000 veh\u00edculos por hora. Estiman que se movilizar\u00e1n m\u00e1s de dos millones de turistas. El organismo precis\u00f3 que \"por el peaje de Samboromb\u00f3n de la autov\u00eda 2\u2026","rel":"","context":"En \u00abSociedad\u00bb","block_context":{"text":"Sociedad","link":"https:\/\/www.24baires.com\/?cat=1"},"img":{"alt_text":"ruta","src":"https:\/\/i0.wp.com\/www.24baires.com\/wp-content\/uploads\/2013\/02\/ruta-300x200.jpg?resize=350%2C200","width":350,"height":200},"classes":[]},{"id":10057,"url":"https:\/\/www.24baires.com\/?p=10057","url_meta":{"origin":14028,"position":4},"title":"Navidad: este a\u00f1o crecieron 40% las partidas de micros de Retiro respecto a otros a\u00f1os","author":"Grupo Sierra","date":"21\/12\/2012","format":false,"excerpt":"Gran cantidad de turistas inici\u00f3 la salida hacia las diversas ciudades del interior pa\u00eds, para aprovechar el fin de semana largo, lo que se ve reflejado en el incremento de un 40% en los servicios habituales de \u00f3mnibus desde la terminal de Retiro. \u00a0La CNRT \u00a0 indic\u00f3 que para hoy\u2026","rel":"","context":"En \u00abSociedad\u00bb","block_context":{"text":"Sociedad","link":"https:\/\/www.24baires.com\/?cat=1"},"img":{"alt_text":"","src":"","width":0,"height":0},"classes":[]},{"id":120806,"url":"https:\/\/www.24baires.com\/?p=120806","url_meta":{"origin":14028,"position":5},"title":"Milei aumentar\u00e1 nuevamente el valor del combustible","author":"AF","date":"28\/12\/2023","format":false,"excerpt":"Por la desregulaci\u00f3n de Milei, el valor \"mayorista\" del barril pasar\u00e1 de 60 d\u00f3lares a 80, tal el precio del barril Brent. Estiman que en surtidores habr\u00eda otra suba del 30 por ciento. Como buena parte de los art\u00edculos que se incluyeron en el DNU y en la Ley \u00d3mnibus\u2026","rel":"","context":"En \u00abEconom\u00eda\u00bb","block_context":{"text":"Econom\u00eda","link":"https:\/\/www.24baires.com\/?cat=45"},"img":{"alt_text":"","src":"https:\/\/i0.wp.com\/www.24baires.com\/wp-content\/uploads\/2023\/12\/WhatsApp-Image-2023-12-28-at-21.08.54.jpeg?resize=350%2C200","width":350,"height":200,"srcset":"https:\/\/i0.wp.com\/www.24baires.com\/wp-content\/uploads\/2023\/12\/WhatsApp-Image-2023-12-28-at-21.08.54.jpeg?resize=350%2C200 1x, https:\/\/i0.wp.com\/www.24baires.com\/wp-content\/uploads\/2023\/12\/WhatsApp-Image-2023-12-28-at-21.08.54.jpeg?resize=525%2C300 1.5x, https:\/\/i0.wp.com\/www.24baires.com\/wp-content\/uploads\/2023\/12\/WhatsApp-Image-2023-12-28-at-21.08.54.jpeg?resize=700%2C400 2x"},"classes":[]}],"jetpack_sharing_enabled":true,"jetpack_likes_enabled":true,"_links":{"self":[{"href":"https:\/\/www.24baires.com\/index.php?rest_route=\/wp\/v2\/posts\/14028","targetHints":{"allow":["GET"]}}],"collection":[{"href":"https:\/\/www.24baires.com\/index.php?rest_route=\/wp\/v2\/posts"}],"about":[{"href":"https:\/\/www.24baires.com\/index.php?rest_route=\/wp\/v2\/types\/post"}],"author":[{"embeddable":true,"href":"https:\/\/www.24baires.com\/index.php?rest_route=\/wp\/v2\/users\/4"}],"replies":[{"embeddable":true,"href":"https:\/\/www.24baires.com\/index.php?rest_route=%2Fwp%2Fv2%2Fcomments&post=14028"}],"version-history":[{"count":2,"href":"https:\/\/www.24baires.com\/index.php?rest_route=\/wp\/v2\/posts\/14028\/revisions"}],"predecessor-version":[{"id":14030,"href":"https:\/\/www.24baires.com\/index.php?rest_route=\/wp\/v2\/posts\/14028\/revisions\/14030"}],"wp:attachment":[{"href":"https:\/\/www.24baires.com\/index.php?rest_route=%2Fwp%2Fv2%2Fmedia&parent=14028"}],"wp:term":[{"taxonomy":"category","embeddable":true,"href":"https:\/\/www.24baires.com\/index.php?rest_route=%2Fwp%2Fv2%2Fcategories&post=14028"},{"taxonomy":"post_tag","embeddable":true,"href":"https:\/\/www.24baires.com\/index.php?rest_route=%2Fwp%2Fv2%2Ftags&post=14028"}],"curies":[{"name":"wp","href":"https:\/\/api.w.org\/{rel}","templated":true}]}}