{"id":13992,"date":"2013-01-29T21:21:33","date_gmt":"2013-01-30T00:21:33","guid":{"rendered":"http:\/\/www.24baires.com\/?p=13992"},"modified":"2013-01-30T14:55:52","modified_gmt":"2013-01-30T17:55:52","slug":"de-vido-inicio-acciones-legales-para-revertir-la-quita-de-antenas-ejecutada-por-de-la-sota","status":"publish","type":"post","link":"https:\/\/www.24baires.com\/?p=13992","title":{"rendered":"De Vido inici\u00f3 acciones legales para revertir la quita de antenas ejecutada por De la Sota"},"content":{"rendered":"<p><img data-recalc-dims=\"1\" loading=\"lazy\" decoding=\"async\" class=\"alignleft size-medium wp-image-9092\" alt=\"de vido\" src=\"https:\/\/i0.wp.com\/www.24baires.com\/wp-content\/uploads\/2012\/12\/de-vido.jpg?resize=300%2C200\" width=\"300\" height=\"200\" srcset=\"https:\/\/i0.wp.com\/www.24baires.com\/wp-content\/uploads\/2012\/12\/de-vido.jpg?resize=300%2C200&amp;ssl=1 300w, https:\/\/i0.wp.com\/www.24baires.com\/wp-content\/uploads\/2012\/12\/de-vido.jpg?w=320&amp;ssl=1 320w\" sizes=\"auto, (max-width: 300px) 100vw, 300px\" \/>El Ministerio de Planificaci\u00f3n Federal confirm\u00f3 que en su car\u00e1cter de accionista mayoritario de la empresa ARSAT inici\u00f3 acciones legales contra la Provincia de C\u00f3rdoba, y adelant\u00f3 que continuar\u00e1 \u00abinstrumentando todas las medidas judiciales necesarias para revertir la injustificada y arbitraria clausura de las antenas de la Televisi\u00f3n Digital Abierta (TDA) por parte de la secretar\u00eda de Ambiente del Gobierno\u00bb cordob\u00e9s.<!--more--><br \/>\nSeg\u00fan destacaron desde la cartera a cargo de Julio De Vido, \u00abdicha medida fue tomada en base a excusas burocr\u00e1ticas sin ning\u00fan fundamento t\u00e9cnico\u00bb y \u00abcon el \u00fanico prop\u00f3sito de censurar a las m\u00e1s de 20 se\u00f1ales p\u00fablicas y privadas que all\u00ed se emiten de forma gratuita, como Encuentro, Pakapaka, TATETI, INCAA TV, TV P\u00fablica, TEC, DeporTV, Vivra, Suri TV, Arpeggio, CN23, C5N, Telesur, 360, Construir, CBA24 y Canal 10\u00bb, entre otras.<br \/>\nEn tanto, desde Planificaci\u00f3n recordaron que \u00abtodos los permisos ambientales fueron solicitados en tiempo y forma, de la misma manera que se hizo en las 63 localidades donde funciona la Televisi\u00f3n Digital, sin que a la fecha se haya registrado ning\u00fan reclamo, lo que demuestra la animosidad de la medida, ya que adem\u00e1s esta misma tecnolog\u00eda fue aprobada y se utiliza no s\u00f3lo en otras 20 provincias argentinas sino tambi\u00e9n en otros pa\u00edses como Jap\u00f3n o Brasil\u00bb.<br \/>\nAsimismo, destacaron que \u00ablos niveles de emisi\u00f3n de las antenas de televisi\u00f3n digital son 10 veces menores a las de la radio FM y 50 veces menores que las de la televisi\u00f3n anal\u00f3gica\u00bb.<br \/>\nTambi\u00e9n, se indic\u00f3 que \u00aba diferencia de lo que ocurre con la televisi\u00f3n anal\u00f3gica, en la que se instala una antena lo m\u00e1s potente posible para cubrir mayor espacio, al planificar el despliegue de la televisi\u00f3n digital se resolvi\u00f3 poner antenas m\u00e1s peque\u00f1as para reducir el impacto ambiental\u00bb.<br \/>\nEn ese marco, el Ministerio de Planificaci\u00f3n adelant\u00f3 que \u00abse continuar\u00e1n los reclamos, tanto por la v\u00eda administrativa como judicial, para que las autoridades provinciales reviertan esta arbitraria clausura\u00bb.<br \/>\nPero, adem\u00e1s, indicaron que \u00abtambi\u00e9n se demandar\u00e1 por da\u00f1os a la empresa EPEC por el incumplimiento del contrato de cesi\u00f3n del predio en el que funcionaba la antena de R\u00edo Cuarto, el cual fue rescindido unilateralmente, y se reclamar\u00e1 un resarcimiento de 20 millones de pesos por las inversiones realizadas\u00bb, seg\u00fan puntualiza un comunicado oficial.<\/p>\n<p>&nbsp;<\/p>\n<p>&nbsp;<\/p>\n<p>&nbsp;<\/p>\n<p>&nbsp;<\/p>\n<p>&nbsp;<\/p>\n<p>&nbsp;<\/p>\n<p>&nbsp;<\/p>\n<p>&nbsp;<\/p>\n<p>&nbsp;<\/p>\n<p>&nbsp;<\/p>\n<p>&nbsp;<\/p>\n<p>&nbsp;<\/p>\n<p>&nbsp;<\/p>\n<p>&nbsp;<\/p>\n<p>&nbsp;<\/p>\n<p>&nbsp;<\/p>\n<p>&nbsp;<\/p>\n<p>&nbsp;<\/p>\n<p>&nbsp;<\/p>\n<p>&nbsp;<\/p>\n<p>&nbsp;<\/p>\n<p>&nbsp;<\/p>\n<p>&nbsp;<\/p>\n<p>&nbsp;<\/p>\n<p>&nbsp;<\/p>\n","protected":false},"excerpt":{"rendered":"<p>El Ministerio de Planificaci\u00f3n Federal confirm\u00f3 que en su car\u00e1cter de accionista mayoritario de la empresa ARSAT inici\u00f3 acciones legales contra la Provincia de C\u00f3rdoba, y adelant\u00f3 que continuar\u00e1 \u00abinstrumentando todas las medidas judiciales necesarias para revertir la injustificada y arbitraria clausura de las antenas de la Televisi\u00f3n Digital Abierta (TDA) por parte de la secretar\u00eda de Ambiente del Gobierno\u00bb [&#8230;]<\/p>\n","protected":false},"author":4,"featured_media":0,"comment_status":"open","ping_status":"open","sticky":false,"template":"","format":"standard","meta":{"_jetpack_newsletter_access":"","_jetpack_dont_email_post_to_subs":false,"_jetpack_newsletter_tier_id":0,"_jetpack_memberships_contains_paywalled_content":false,"_jetpack_memberships_contains_paid_content":false,"footnotes":""},"categories":[54],"tags":[],"class_list":["post-13992","post","type-post","status-publish","format-standard","hentry","category-medios"],"jetpack_featured_media_url":"","jetpack_shortlink":"https:\/\/wp.me\/p2JWE0-3DG","jetpack-related-posts":[{"id":13551,"url":"https:\/\/www.24baires.com\/?p=13551","url_meta":{"origin":13992,"position":0},"title":"De la Sota clausur\u00f3 otra planta transmisora de Televisi\u00f3n Digital Abierta en C\u00f3rdoba","author":"Grupo Sierra","date":"25\/01\/2013","format":false,"excerpt":"El gobierno de la provincia de C\u00f3rdoba, que encabeza Jos\u00e9 Manuel de la Sota, orden\u00f3 al municipio de Leones el corte del servicio de Televisi\u00f3n Digital Abierta (TDA) en esa ciudad, luego de que en diciembre \u00faltimo adoptara id\u00e9ntica decisi\u00f3n en la localidad de R\u00edo Cuarto.\u00a0La nueva medida de De\u2026","rel":"","context":"En \u00abMedios\u00bb","block_context":{"text":"Medios","link":"https:\/\/www.24baires.com\/?cat=54"},"img":{"alt_text":"","src":"","width":0,"height":0},"classes":[]},{"id":14275,"url":"https:\/\/www.24baires.com\/?p=14275","url_meta":{"origin":13992,"position":1},"title":"Casi todos los canales nacionales coincidieron en la \u00abinconstitucionalidad\u00bb de la medida","author":"Grupo Sierra","date":"01\/02\/2013","format":false,"excerpt":"Lo hicieron a trav\u00e9s de una solicitada publicada en los principales matutinos nacionales, en la cual alertaron tambi\u00e9n sobre el \"grave ataque a la libertad de expresi\u00f3n\" que constituye la medida del Gobernador De la Sota de clausurar cinco antenas de la Televisi\u00f3n Abierta Digital en la Provincia de C\u00f3rdoba.\u2026","rel":"","context":"En \u00abMedios\u00bb","block_context":{"text":"Medios","link":"https:\/\/www.24baires.com\/?cat=54"},"img":{"alt_text":"","src":"","width":0,"height":0},"classes":[]},{"id":29720,"url":"https:\/\/www.24baires.com\/?p=29720","url_meta":{"origin":13992,"position":2},"title":"Este viernes comenzar\u00e1 a transmitir la TV Digital en Bah\u00eda Blanca","author":"AF","date":"08\/08\/2013","format":false,"excerpt":"Podr\u00eda comenzar a funcionar el viernes. En principio, el servicio contar\u00e1 con 16 canales, entre los cuales se encuentran la TV P\u00fablica, Depor TV, Encuentro, Paka-Paka y canales de noticias como C5N y CN23. Tras varios a\u00f1os de espera, durante la tarde de ayer comenz\u00f3 la instalaci\u00f3n de equipos para\u2026","rel":"","context":"En \u00abLocales\u00bb","block_context":{"text":"Locales","link":"https:\/\/www.24baires.com\/?cat=38"},"img":{"alt_text":"antena","src":"https:\/\/i0.wp.com\/www.24baires.com\/wp-content\/uploads\/2013\/08\/antena.jpg?resize=350%2C200","width":350,"height":200,"srcset":"https:\/\/i0.wp.com\/www.24baires.com\/wp-content\/uploads\/2013\/08\/antena.jpg?resize=350%2C200 1x, https:\/\/i0.wp.com\/www.24baires.com\/wp-content\/uploads\/2013\/08\/antena.jpg?resize=525%2C300 1.5x"},"classes":[]},{"id":14743,"url":"https:\/\/www.24baires.com\/?p=14743","url_meta":{"origin":13992,"position":3},"title":"Sabbatella: \u00abDe la Sota no tiene derecho a dejar a los cordobeses cautivos de la TV paga\u00bb","author":"AF","date":"05\/02\/2013","format":false,"excerpt":"El titular de la Afsca, Mart\u00edn Sabbatella, cuestion\u00f3 al gobernador cordob\u00e9s Jos\u00e9 Manuel de la Sota, ya que en el mismo predio en el que clausur\u00f3 una antena de Arsat, permite que funcione una antena de Cablevisi\u00f3n\u201d. Respecto de la decisi\u00f3n del mandatario provincial de clausurar cinco antenas de Televisi\u00f3n\u2026","rel":"","context":"En \u00abMedios\u00bb","block_context":{"text":"Medios","link":"https:\/\/www.24baires.com\/?cat=54"},"img":{"alt_text":"","src":"","width":0,"height":0},"classes":[]},{"id":15193,"url":"https:\/\/www.24baires.com\/?p=15193","url_meta":{"origin":13992,"position":4},"title":"Bussi: \u00abDe la Sota sabe que est\u00e1 defendiendo medidas absurdas\u00bb","author":"AF","date":"09\/02\/2013","format":false,"excerpt":"Lorena Bussi, intendenta de Leones, C\u00f3rdoba, asegur\u00f3 que espera \u201cuna pronta respuesta favorable de la Justicia para que se termine esta medida arbitraria y caprichosa del gobernador De la Sota y vuelvan a funcionar las antenas de TDA en C\u00f3rdoba\u201d. Bussi confirm\u00f3 la presentaci\u00f3n por parte de ese municipio de\u2026","rel":"","context":"En \u00abMedios\u00bb","block_context":{"text":"Medios","link":"https:\/\/www.24baires.com\/?cat=54"},"img":{"alt_text":"bussi","src":"https:\/\/i0.wp.com\/www.24baires.com\/wp-content\/uploads\/2013\/02\/bussi.jpg?resize=350%2C200","width":350,"height":200},"classes":[]},{"id":15076,"url":"https:\/\/www.24baires.com\/?p=15076","url_meta":{"origin":13992,"position":5},"title":"Auditor\u00eda ambiental de la UTN reafirma que las antenas de la TDA son inocuas a la salud","author":"Grupo Sierra","date":"08\/02\/2013","format":false,"excerpt":"Ante un pedido de la Defensor\u00eda del P\u00fablico, la Secretaria de Ambiente y Desarrollo Sustentable, la Defensor\u00eda del Pueblo de la Naci\u00f3n y el Consejo Asesor del Sistema Argentino de Televisi\u00f3n Digital Terrestre, aseguraron que no existen denuncias por contaminaci\u00f3n contra TDA. Adem\u00e1s, la Universidad Tecnol\u00f3gica Nacional y la Comisi\u00f3n\u2026","rel":"","context":"En \u00abMedios\u00bb","block_context":{"text":"Medios","link":"https:\/\/www.24baires.com\/?cat=54"},"img":{"alt_text":"TDA INFORMES","src":"https:\/\/i0.wp.com\/www.24baires.com\/wp-content\/uploads\/2013\/02\/TDA-INFORMES.jpg?resize=350%2C200","width":350,"height":200,"srcset":"https:\/\/i0.wp.com\/www.24baires.com\/wp-content\/uploads\/2013\/02\/TDA-INFORMES.jpg?resize=350%2C200 1x, https:\/\/i0.wp.com\/www.24baires.com\/wp-content\/uploads\/2013\/02\/TDA-INFORMES.jpg?resize=525%2C300 1.5x"},"classes":[]}],"jetpack_sharing_enabled":true,"jetpack_likes_enabled":true,"_links":{"self":[{"href":"https:\/\/www.24baires.com\/index.php?rest_route=\/wp\/v2\/posts\/13992","targetHints":{"allow":["GET"]}}],"collection":[{"href":"https:\/\/www.24baires.com\/index.php?rest_route=\/wp\/v2\/posts"}],"about":[{"href":"https:\/\/www.24baires.com\/index.php?rest_route=\/wp\/v2\/types\/post"}],"author":[{"embeddable":true,"href":"https:\/\/www.24baires.com\/index.php?rest_route=\/wp\/v2\/users\/4"}],"replies":[{"embeddable":true,"href":"https:\/\/www.24baires.com\/index.php?rest_route=%2Fwp%2Fv2%2Fcomments&post=13992"}],"version-history":[{"count":3,"href":"https:\/\/www.24baires.com\/index.php?rest_route=\/wp\/v2\/posts\/13992\/revisions"}],"predecessor-version":[{"id":13995,"href":"https:\/\/www.24baires.com\/index.php?rest_route=\/wp\/v2\/posts\/13992\/revisions\/13995"}],"wp:attachment":[{"href":"https:\/\/www.24baires.com\/index.php?rest_route=%2Fwp%2Fv2%2Fmedia&parent=13992"}],"wp:term":[{"taxonomy":"category","embeddable":true,"href":"https:\/\/www.24baires.com\/index.php?rest_route=%2Fwp%2Fv2%2Fcategories&post=13992"},{"taxonomy":"post_tag","embeddable":true,"href":"https:\/\/www.24baires.com\/index.php?rest_route=%2Fwp%2Fv2%2Ftags&post=13992"}],"curies":[{"name":"wp","href":"https:\/\/api.w.org\/{rel}","templated":true}]}}