{"id":1399,"date":"2012-10-08T11:25:43","date_gmt":"2012-10-08T14:25:43","guid":{"rendered":"http:\/\/www.24baires.com\/?p=1399"},"modified":"2012-10-08T11:29:04","modified_gmt":"2012-10-08T14:29:04","slug":"demoras-en-ruta-2-por-reclamo-de-quequen","status":"publish","type":"post","link":"https:\/\/www.24baires.com\/?p=1399","title":{"rendered":"Demoras en Ruta 2 por reclamo de autonomistas"},"content":{"rendered":"<p>Los autonomistas de Quequ\u00e9n y Huanguel\u00e9n\u00a0detienen a los veh\u00edculos que se dirigen desde la costa hacia la Ciudad Aut\u00f3noma de Buenos Aires, para entregarles volantes con los planteos. Se producen importantes demoras.<!--more--><br \/>\nA la ya anunciada movilizaci\u00f3n por la Creaci\u00f3n del Municipio de Quequ\u00e9n a llevarse a cabo en el d\u00eda de hoy, con participaci\u00f3n de veh\u00edculos particulares, camiones y micros, se ha sumado el pueblo de Huanguel\u00e9n.<\/p>\n<p>En Asamblea realizada el viernes, los autoconvocados necochenses recibieron con agrado la propuesta por parte de miembros de la Comisi\u00f3n Pro Autonom\u00eda de Huanguel\u00e9n, que manifestaron estar dispuestos a acompa\u00f1ar la movida de Quequ\u00e9n y trasladarse por m\u00e1s de 600 kil\u00f3metros en micros y veh\u00edculos particulares a la Ruta 2, a la altura de Dolores.<\/p>\n<p>En estos momentos, se detiene a los veh\u00edculos que se dirigen desde la costa hacia la Ciudad Aut\u00f3noma de Buenos Aires, para entregarles volantes con los planteos. \u201cAnte la falta de respuestas del Ejecutivo provincial y de la Legislatura, nos sentimos empujados a realizar estas movilizaciones\u201d, argumentan.<\/p>\n","protected":false},"excerpt":{"rendered":"<p>Los autonomistas de Quequ\u00e9n y Huanguel\u00e9n\u00a0detienen a los veh\u00edculos que se dirigen desde la costa hacia la Ciudad Aut\u00f3noma de Buenos Aires, para entregarles volantes con los planteos. Se producen importantes demoras.<\/p>\n","protected":false},"author":4,"featured_media":0,"comment_status":"open","ping_status":"open","sticky":false,"template":"","format":"standard","meta":{"_jetpack_newsletter_access":"","_jetpack_dont_email_post_to_subs":false,"_jetpack_newsletter_tier_id":0,"_jetpack_memberships_contains_paywalled_content":false,"_jetpack_memberships_contains_paid_content":false,"footnotes":""},"categories":[1],"tags":[],"class_list":["post-1399","post","type-post","status-publish","format-standard","hentry","category-sociedad"],"jetpack_featured_media_url":"","jetpack_shortlink":"https:\/\/wp.me\/p2JWE0-mz","jetpack-related-posts":[{"id":6794,"url":"https:\/\/www.24baires.com\/?p=6794","url_meta":{"origin":1399,"position":0},"title":"Demoras en ruta 2 por reclamo de autonomistas","author":"AF","date":"26\/11\/2012","format":false,"excerpt":"A la altura de Mar del Plata, vecinos de Quequ\u00e9n, Huanguel\u00e9n, Santa Clara del Mar, Bat\u00e1n y Otamendi reducen la velocidad de los veh\u00edculos y reparten volantes. Vecinos de las localidades de Quequ\u00e9n, Huanguel\u00e9n, Santa Clara del Mar, Bat\u00e1n, Otamendi, entre otros lugares reclaman sobre la ruta 2 a la\u2026","rel":"","context":"En \u00abMunicipios\u00bb","block_context":{"text":"Municipios","link":"https:\/\/www.24baires.com\/?cat=44"},"img":{"alt_text":"","src":"","width":0,"height":0},"classes":[]},{"id":1489,"url":"https:\/\/www.24baires.com\/?p=1489","url_meta":{"origin":1399,"position":1},"title":"Autonomistas de Quequ\u00e9n satisfechos por su reclamo en la Autov\u00eda 2","author":"AF","date":"09\/10\/2012","format":false,"excerpt":"Los autonomistas de Quequ\u00e9n volvieron a publicitar su reclamo para la creaci\u00f3n de un nuevo municipio y los principales receptores del pedido fueron todos los turistas que regresaban ayer de la Costa Atl\u00e1ntica, luego de pasar el fin de semana largo correspondiente al 12 de octubre. El grupo de manifestantes\u2026","rel":"","context":"En \u00abMunicipios\u00bb","block_context":{"text":"Municipios","link":"https:\/\/www.24baires.com\/?cat=44"},"img":{"alt_text":"","src":"https:\/\/i0.wp.com\/www.24baires.com\/wp-content\/uploads\/2012\/10\/autonomistasquequen.jpg?resize=350%2C200","width":350,"height":200},"classes":[]},{"id":10523,"url":"https:\/\/www.24baires.com\/?p=10523","url_meta":{"origin":1399,"position":2},"title":"Autonomistas volver\u00e1n a cortar la autopista 2 para intensificar sus reclamos","author":"AF","date":"27\/12\/2012","format":false,"excerpt":"Los movimientos autonomistas de la provincia de Buenos Aires realizar\u00e1n un corte de ruta el pr\u00f3ximo s\u00e1bado en la ruta 2 a 13 kil\u00f3metros del ingreso a Mar del Plata, a la altura del parque acu\u00e1tico, y prometen realizar manifestaciones a lo largo de todo el verano. La decisi\u00f3n adoptada\u2026","rel":"","context":"En \u00abSociedad\u00bb","block_context":{"text":"Sociedad","link":"https:\/\/www.24baires.com\/?cat=1"},"img":{"alt_text":"","src":"","width":0,"height":0},"classes":[]},{"id":4505,"url":"https:\/\/www.24baires.com\/?p=4505","url_meta":{"origin":1399,"position":3},"title":"El pr\u00f3ximo fin de semana largo los autonomistas volver\u00e1n a las rutas","author":"Grupo Sierra","date":"05\/11\/2012","format":false,"excerpt":"Aseguran que \u201cnadie\u201d los atiende en el Gobierno y que no avanzan los proyectos para crear nuevos distritos. La idea que se maneja por estas horas es producir un corte en la ruta 2 a la altura de Alpargatas, justo cuando se inicie el fin de semana largo de los\u2026","rel":"","context":"En \u00abPol\u00edtica\u00bb","block_context":{"text":"Pol\u00edtica","link":"https:\/\/www.24baires.com\/?cat=51"},"img":{"alt_text":"","src":"https:\/\/i0.wp.com\/www.24baires.com\/wp-content\/uploads\/2012\/11\/quequen-automistas-300x183.jpg?resize=350%2C200","width":350,"height":200},"classes":[]},{"id":7727,"url":"https:\/\/www.24baires.com\/?p=7727","url_meta":{"origin":1399,"position":4},"title":"Autonomistas de Huanguel\u00e9n esperan \u201cmeter presi\u00f3n\u201d con apoyo de Juli\u00e1n Dom\u00ednguez","author":"Grupo Sierra","date":"03\/12\/2012","format":false,"excerpt":"\u00a0 Vecinos de esa localidad perteneciente a Coronel Su\u00e1rez aseguraron que \u201cir\u00e1n a fondo\u201d si antes de fin de a\u00f1o no hay novedades con respecto a sus pedidos de autonom\u00eda. Esperan \u201cmeterle presi\u00f3n\u201d a la legislatura con el apoyo de Juli\u00e1n Dom\u00ednguez. El pedido de Huanguel\u00e9n tiene sus a\u00f1os, como\u2026","rel":"","context":"En \u00abMunicipios\u00bb","block_context":{"text":"Municipios","link":"https:\/\/www.24baires.com\/?cat=44"},"img":{"alt_text":"","src":"https:\/\/i0.wp.com\/www.24baires.com\/wp-content\/uploads\/2012\/12\/huanguelen-libre-2.jpg?resize=350%2C200","width":350,"height":200,"srcset":"https:\/\/i0.wp.com\/www.24baires.com\/wp-content\/uploads\/2012\/12\/huanguelen-libre-2.jpg?resize=350%2C200 1x, https:\/\/i0.wp.com\/www.24baires.com\/wp-content\/uploads\/2012\/12\/huanguelen-libre-2.jpg?resize=525%2C300 1.5x"},"classes":[]},{"id":6383,"url":"https:\/\/www.24baires.com\/?p=6383","url_meta":{"origin":1399,"position":5},"title":"Autonomistas volver\u00e1n a cortar rutas durante el pr\u00f3ximo fin de semana largo","author":"AF","date":"22\/11\/2012","format":false,"excerpt":"La Asociaci\u00f3n Nuevos Municipios, resolvi\u00f3 realizar un corte en Ruta N\u00ba 2, el pr\u00f3ximo viernes 23 a partir de las 18, a la altura de Alpargatas. La medida prevista para el fin de semana largo, es en reclamo por el avance de los proyectos para crear nuevas comunas y la\u2026","rel":"","context":"En \u00abSociedad\u00bb","block_context":{"text":"Sociedad","link":"https:\/\/www.24baires.com\/?cat=1"},"img":{"alt_text":"","src":"https:\/\/i0.wp.com\/www.24baires.com\/wp-content\/uploads\/2012\/11\/autonomistas-quequ%C3%A9n.jpg?resize=350%2C200","width":350,"height":200,"srcset":"https:\/\/i0.wp.com\/www.24baires.com\/wp-content\/uploads\/2012\/11\/autonomistas-quequ%C3%A9n.jpg?resize=350%2C200 1x, https:\/\/i0.wp.com\/www.24baires.com\/wp-content\/uploads\/2012\/11\/autonomistas-quequ%C3%A9n.jpg?resize=525%2C300 1.5x"},"classes":[]}],"jetpack_sharing_enabled":true,"jetpack_likes_enabled":true,"_links":{"self":[{"href":"https:\/\/www.24baires.com\/index.php?rest_route=\/wp\/v2\/posts\/1399","targetHints":{"allow":["GET"]}}],"collection":[{"href":"https:\/\/www.24baires.com\/index.php?rest_route=\/wp\/v2\/posts"}],"about":[{"href":"https:\/\/www.24baires.com\/index.php?rest_route=\/wp\/v2\/types\/post"}],"author":[{"embeddable":true,"href":"https:\/\/www.24baires.com\/index.php?rest_route=\/wp\/v2\/users\/4"}],"replies":[{"embeddable":true,"href":"https:\/\/www.24baires.com\/index.php?rest_route=%2Fwp%2Fv2%2Fcomments&post=1399"}],"version-history":[{"count":0,"href":"https:\/\/www.24baires.com\/index.php?rest_route=\/wp\/v2\/posts\/1399\/revisions"}],"wp:attachment":[{"href":"https:\/\/www.24baires.com\/index.php?rest_route=%2Fwp%2Fv2%2Fmedia&parent=1399"}],"wp:term":[{"taxonomy":"category","embeddable":true,"href":"https:\/\/www.24baires.com\/index.php?rest_route=%2Fwp%2Fv2%2Fcategories&post=1399"},{"taxonomy":"post_tag","embeddable":true,"href":"https:\/\/www.24baires.com\/index.php?rest_route=%2Fwp%2Fv2%2Ftags&post=1399"}],"curies":[{"name":"wp","href":"https:\/\/api.w.org\/{rel}","templated":true}]}}