{"id":13984,"date":"2013-01-29T20:25:11","date_gmt":"2013-01-29T23:25:11","guid":{"rendered":"http:\/\/www.24baires.com\/?p=13984"},"modified":"2013-01-29T20:17:32","modified_gmt":"2013-01-29T23:17:32","slug":"son-75-las-personas-en-estado-critico-tras-la-tragedia-de-kiss","status":"publish","type":"post","link":"https:\/\/www.24baires.com\/?p=13984","title":{"rendered":"Son 75 las personas en estado cr\u00edtico tras la tragedia de Kiss"},"content":{"rendered":"<p><img data-recalc-dims=\"1\" loading=\"lazy\" decoding=\"async\" class=\"alignleft size-medium wp-image-13985\" alt=\"porto alegre cementerio\" src=\"https:\/\/i0.wp.com\/www.24baires.com\/wp-content\/uploads\/2013\/01\/porto-alegre-cementerio.jpg?resize=300%2C199\" width=\"300\" height=\"199\" srcset=\"https:\/\/i0.wp.com\/www.24baires.com\/wp-content\/uploads\/2013\/01\/porto-alegre-cementerio.jpg?resize=300%2C199&amp;ssl=1 300w, https:\/\/i0.wp.com\/www.24baires.com\/wp-content\/uploads\/2013\/01\/porto-alegre-cementerio.jpg?w=320&amp;ssl=1 320w\" sizes=\"auto, (max-width: 300px) 100vw, 300px\" \/>As\u00ed lo informaron autoridades sanitarias brasile\u00f1as, en tanto el n\u00famero de muertes tras el incendio en el boliche de Santa Mar\u00eda fue establecido en 234 personas por la jefatura de investigaciones.<!--more--><\/p>\n<p>En una conferencia de prensa divulgada por el diario O Globo, el ministro de Salud brasile\u00f1o, Alexandre Padilha, inform\u00f3 que 27 pacientes reciben respiraci\u00f3n mec\u00e1nica, mientras que 75 est\u00e1n en estado cr\u00edtico.<\/p>\n<p>Del total de 118 internados desde el incendio, hace dos d\u00edas, 65 personas contin\u00faan hospitalizadas en Santa Mar\u00eda y otras 53, en unidades sanitarias de Porto Alegre.<\/p>\n<p>Seg\u00fan consigna la Agencia Brasile\u00f1a de Noticias EBC, 20 permanecen con quemaduras grav\u00edsimas, integrando el grupo de 75 personas que presentan un estado cr\u00edtico con riesgo de muerte.<\/p>\n<p>En tanto, seg\u00fan el diario Jornal do Brasil, los muertos ascienden a 234, ya que la jefa de la regional de Santa Mar\u00eda del Instituto General de Investigaciones do Rio Grande do Sul, Mar\u00eda Angela Zucchetto, hubo un error desde el principio en la lista divulgada por las autoridades, en la cual tres nombres no fueron considerados.<\/p>\n<p>\u00abNosotros no ten\u00edamos computadora, nada&#8230; todo fue hecho manualmente: contamos 234 cuerpos e identificamos a todos, pero en alg\u00fan momento de ese proceso, esos tres nombres no entraron en la lista oficial\u201d, cont\u00f3 Zucchetto.<\/p>\n<p>Una de las personas internadas en grave estado es Ingrid Goldani, estudiante de Enfermer\u00eda de la Universidad Federal de Santa Mar\u00eda, quien presenta una neumon\u00eda qu\u00edmica.<\/p>\n<p>Esta enfermedad respiratoria puede aparecer hasta 72 horas despu\u00e9s de la inhalaci\u00f3n de sustancias t\u00f3xicas producidas por dos compuestos qu\u00edmicos frecuentes en espumas sint\u00e9ticas usadas en revestimientos ac\u00fasticos o en pl\u00e1sticos de PVC de los ca\u00f1os.<\/p>\n<p>La neumon\u00eda qu\u00edmica puede desencadenar un tipo de asma no al\u00e9rgica que afecte para el resto de la vida al paciente, afirm\u00f3 el director de la Sociedad Paulista de Pneumolog\u00eda, Ubiratan de Paula Santos.<\/p>\n<p>El municipio de Santa Mar\u00eda admiti\u00f3 a trav\u00e9s del superintendente de Control municipal, Beloyannes de Pietro, que es insuficiente la fiscalizaci\u00f3n para la renovaci\u00f3n de habilitaciones de estabelecimentos comerciales en la ciudad, que tiene 12 agentes para renovar licencias de unas 20 mil empresas registradas.<\/p>\n<p>La licencia de funcionamiento de la discoteca Kiss estaba vencida desde agosto del a\u00f1o pasado.<\/p>\n<p>La justicia brasile\u00f1a orden\u00f3 el embargo de los bienes de los propietarios de la discoteca Kiss, informaron autoridades judiciales.<\/p>\n<p>La medida fue solicitada para garantizar el posible pago de indemnizaciones en caso de que los dos due\u00f1os del establecimiento, arrestados el lunes, sean considerados responsables por el incendio m\u00e1s tr\u00e1gico de Brasil en los \u00faltimos cincuenta a\u00f1os.<\/p>\n<p>\u00abEl prop\u00f3sito de la medida es garantizar el derecho de las personas a una futura indemnizaci\u00f3n de modo colectivo e igualitario, para todos los familiares de las v\u00edctimas de la tragedia\u00bb, afirm\u00f3 el defensor p\u00fablico general del estado brasile\u00f1o de R\u00edo Grande do Sul, Nilton Arnecke, consign\u00f3 la agencia EFE.<\/p>\n<p>La polic\u00eda arrest\u00f3 ayer a cuatro de las personas a las que investiga como posibles responsables por la tragedia, entre ellos los dos due\u00f1os de la discoteca y dos de los m\u00fasicos de la banda que actuaban en el momento en que comenz\u00f3 el incendio.<\/p>\n<p>Uno de los propietarios, Elissandro Spohr, fue arrestado en la vecina ciudad de Cruz Alta adonde, seg\u00fan su abogado, hab\u00eda viajado para ser atendido en un hospital con s\u00edntomas de intoxicaci\u00f3n respiratoria; el otro propietario, Mauro Hoffmann, qued\u00f3 detenido tras presentarse en la comisar\u00eda de Santa Mar\u00eda.<\/p>\n<p>En consonancia con el luto, las formaciones de samba de Santa Mar\u00eda decidieron suspender los desfiles de Carnaval en la ciudad por la que ayer decenas de miles de personas marcharon en memoria de las v\u00edctimas del incendio ocurrido el domingo en \u00abKiss\u00bb.<\/p>\n<p>&nbsp;<\/p>\n<p>&nbsp;<\/p>\n<p>&nbsp;<\/p>\n<p>&nbsp;<\/p>\n<p>&nbsp;<\/p>\n<p>&nbsp;<\/p>\n<p>&nbsp;<\/p>\n<p>&nbsp;<\/p>\n<p>&nbsp;<\/p>\n<p>&nbsp;<\/p>\n<p>&nbsp;<\/p>\n<p>&nbsp;<\/p>\n<p>&nbsp;<\/p>\n<p>&nbsp;<\/p>\n<p>&nbsp;<\/p>\n<p>&nbsp;<\/p>\n<p>&nbsp;<\/p>\n","protected":false},"excerpt":{"rendered":"<p>As\u00ed lo informaron autoridades sanitarias brasile\u00f1as, en tanto el n\u00famero de muertes tras el incendio en el boliche de Santa Mar\u00eda fue establecido en 234 personas por la jefatura de investigaciones.<\/p>\n","protected":false},"author":4,"featured_media":0,"comment_status":"open","ping_status":"open","sticky":false,"template":"","format":"standard","meta":{"_jetpack_newsletter_access":"","_jetpack_dont_email_post_to_subs":false,"_jetpack_newsletter_tier_id":0,"_jetpack_memberships_contains_paywalled_content":false,"_jetpack_memberships_contains_paid_content":false,"footnotes":""},"categories":[1],"tags":[],"class_list":["post-13984","post","type-post","status-publish","format-standard","hentry","category-sociedad"],"jetpack_featured_media_url":"","jetpack_shortlink":"https:\/\/wp.me\/p2JWE0-3Dy","jetpack-related-posts":[{"id":13684,"url":"https:\/\/www.24baires.com\/?p=13684","url_meta":{"origin":13984,"position":0},"title":"Tragedia en Porto Alegre: son 232 los j\u00f3venes muertos en la discoteca","author":"Grupo Sierra","date":"27\/01\/2013","format":false,"excerpt":"Las v\u00edctimas mortales por el incendio ocurrido hoy en un local nocturno de la ciudad brasile\u00f1a de Santa Mar\u00eda llegar\u00edan a 240, de acuerdo a las \u00faltimas estimaciones del Cuerpo de Bomberos al canal GloboNews. En tanto, la Agencia Brasile\u00f1a de Noticias EBC, informa que la Prefectura y Defensa Civil\u2026","rel":"","context":"En \u00ab\u00daltimo Momento\u00bb","block_context":{"text":"\u00daltimo Momento","link":"https:\/\/www.24baires.com\/?cat=55"},"img":{"alt_text":"","src":"","width":0,"height":0},"classes":[]},{"id":14265,"url":"https:\/\/www.24baires.com\/?p=14265","url_meta":{"origin":13984,"position":1},"title":"Suman 236 los muertos en la discoteca Kiss de Brasil","author":"AF","date":"01\/02\/2013","format":false,"excerpt":"La cifra de v\u00edctimas por el incendio de la discoteca Kiss, en Santa Mar\u00eda, se elev\u00f3 tras la muerte de un joven de 20 a\u00f1os que se encontraba internado a ra\u00edz de las graves quemaduras que sufri\u00f3 el domingo pasado, informaron fuentes oficiales. Se trata de Matheus Raschen, quien muri\u00f3\u2026","rel":"","context":"En \u00abSociedad\u00bb","block_context":{"text":"Sociedad","link":"https:\/\/www.24baires.com\/?cat=1"},"img":{"alt_text":"incendio porto alegre","src":"https:\/\/i0.wp.com\/www.24baires.com\/wp-content\/uploads\/2013\/02\/incendio-porto-alegre-300x238.jpg?resize=350%2C200","width":350,"height":200},"classes":[]},{"id":13858,"url":"https:\/\/www.24baires.com\/?p=13858","url_meta":{"origin":13984,"position":2},"title":"Ya hay tres detenidos por la tragedia de Porto Alegre","author":"AF","date":"28\/01\/2013","format":false,"excerpt":"Los detenidos son uno de los propietarios de la discoteca y dos de los m\u00fasicos que actuaron en la madrugada de ayer en la discoteca de la ciudad de Santa Mar\u00eda, donde se desat\u00f3 el incendio. En tanto desde Argentina parti\u00f3 este mediod\u00eda, hacia esa ciudad del sur brasile\u00f1o, un\u2026","rel":"","context":"En \u00abSociedad\u00bb","block_context":{"text":"Sociedad","link":"https:\/\/www.24baires.com\/?cat=1"},"img":{"alt_text":"velorio porto alegre","src":"https:\/\/i0.wp.com\/www.24baires.com\/wp-content\/uploads\/2013\/01\/velorio-porto-alegre.jpg?resize=350%2C200","width":350,"height":200},"classes":[]},{"id":13955,"url":"https:\/\/www.24baires.com\/?p=13955","url_meta":{"origin":13984,"position":3},"title":"Embargan los bienes de los propietarios de Kiss, la discoteca de la tragedia en Brasil","author":"AF","date":"29\/01\/2013","format":false,"excerpt":"La justicia brasile\u00f1a orden\u00f3 el embargo de los bienes de los propietarios del boliche de la ciudad de Santa Mar\u00eda, en la que un incendio el domingo dej\u00f3 al menos 231 muertos y 118 heridos. La medida fue solicitada para garantizar el posible pago de indemnizaciones en caso de que\u2026","rel":"","context":"En \u00abSociedad\u00bb","block_context":{"text":"Sociedad","link":"https:\/\/www.24baires.com\/?cat=1"},"img":{"alt_text":"incendio porto alegre","src":"https:\/\/i0.wp.com\/www.24baires.com\/wp-content\/uploads\/2013\/01\/incendio-porto-alegre.jpg?resize=350%2C200","width":350,"height":200},"classes":[]},{"id":91289,"url":"https:\/\/www.24baires.com\/?p=91289","url_meta":{"origin":13984,"position":4},"title":"Quilmes: detuvieron al novio de una joven que fue quemada","author":"AF","date":"03\/01\/2017","format":false,"excerpt":"La v\u00edctima de 20 a\u00f1os permanece internada en el hospital Alem\u00e1n ubicado en avenida Pueyrred\u00f3n al 1600 de \u00e9sta Capital Federal en \"estado cr\u00edtico\" ya que estaba con el 75 por ciento de su cuerpo afectado. Una joven de 20 a\u00f1os qued\u00f3 gravemente herida tras ser prendida fuego durante una\u2026","rel":"","context":"En \u00abLocales\u00bb","block_context":{"text":"Locales","link":"https:\/\/www.24baires.com\/?cat=38"},"img":{"alt_text":"","src":"https:\/\/i0.wp.com\/www.24baires.com\/wp-content\/uploads\/2014\/03\/polic%C3%ADa.jpg?resize=350%2C200","width":350,"height":200,"srcset":"https:\/\/i0.wp.com\/www.24baires.com\/wp-content\/uploads\/2014\/03\/polic%C3%ADa.jpg?resize=350%2C200 1x, https:\/\/i0.wp.com\/www.24baires.com\/wp-content\/uploads\/2014\/03\/polic%C3%ADa.jpg?resize=525%2C300 1.5x"},"classes":[]},{"id":90325,"url":"https:\/\/www.24baires.com\/?p=90325","url_meta":{"origin":13984,"position":5},"title":"Cay\u00f3 el avi\u00f3n en el que viajaba Chapecoense: 76 muertos","author":"AF","date":"29\/11\/2016","format":false,"excerpt":"El plantel se trasladaba para disputar este mi\u00e9rcoles la primera final de la Copa Sudamericana frente a Atl\u00e9tico Nacional. Hay cinco sobrevivientes. El avi\u00f3n que transportaba al club Chapecoense de Brasil, que deb\u00eda disputar este mi\u00e9rcoles la final de la Copa Sudamericana frente a Atl\u00e9tico Nacional, se estrell\u00f3 cerca de\u2026","rel":"","context":"En \u00abInternacionales\u00bb","block_context":{"text":"Internacionales","link":"https:\/\/www.24baires.com\/?cat=73"},"img":{"alt_text":"chapecoense","src":"https:\/\/i0.wp.com\/www.24baires.com\/wp-content\/uploads\/2016\/11\/chapecoense.jpg?resize=350%2C200","width":350,"height":200,"srcset":"https:\/\/i0.wp.com\/www.24baires.com\/wp-content\/uploads\/2016\/11\/chapecoense.jpg?resize=350%2C200 1x, https:\/\/i0.wp.com\/www.24baires.com\/wp-content\/uploads\/2016\/11\/chapecoense.jpg?resize=525%2C300 1.5x"},"classes":[]}],"jetpack_sharing_enabled":true,"jetpack_likes_enabled":true,"_links":{"self":[{"href":"https:\/\/www.24baires.com\/index.php?rest_route=\/wp\/v2\/posts\/13984","targetHints":{"allow":["GET"]}}],"collection":[{"href":"https:\/\/www.24baires.com\/index.php?rest_route=\/wp\/v2\/posts"}],"about":[{"href":"https:\/\/www.24baires.com\/index.php?rest_route=\/wp\/v2\/types\/post"}],"author":[{"embeddable":true,"href":"https:\/\/www.24baires.com\/index.php?rest_route=\/wp\/v2\/users\/4"}],"replies":[{"embeddable":true,"href":"https:\/\/www.24baires.com\/index.php?rest_route=%2Fwp%2Fv2%2Fcomments&post=13984"}],"version-history":[{"count":1,"href":"https:\/\/www.24baires.com\/index.php?rest_route=\/wp\/v2\/posts\/13984\/revisions"}],"predecessor-version":[{"id":13986,"href":"https:\/\/www.24baires.com\/index.php?rest_route=\/wp\/v2\/posts\/13984\/revisions\/13986"}],"wp:attachment":[{"href":"https:\/\/www.24baires.com\/index.php?rest_route=%2Fwp%2Fv2%2Fmedia&parent=13984"}],"wp:term":[{"taxonomy":"category","embeddable":true,"href":"https:\/\/www.24baires.com\/index.php?rest_route=%2Fwp%2Fv2%2Fcategories&post=13984"},{"taxonomy":"post_tag","embeddable":true,"href":"https:\/\/www.24baires.com\/index.php?rest_route=%2Fwp%2Fv2%2Ftags&post=13984"}],"curies":[{"name":"wp","href":"https:\/\/api.w.org\/{rel}","templated":true}]}}