{"id":13976,"date":"2013-01-29T09:16:10","date_gmt":"2013-01-29T12:16:10","guid":{"rendered":"http:\/\/www.24baires.com\/?p=13976"},"modified":"2013-01-29T19:58:08","modified_gmt":"2013-01-29T22:58:08","slug":"continuan-sumandose-emisoras-comunitarias-en-escuelas-del-pais","status":"publish","type":"post","link":"https:\/\/www.24baires.com\/?p=13976","title":{"rendered":"Contin\u00faan sum\u00e1ndose emisoras comunitarias en escuelas del pa\u00eds"},"content":{"rendered":"<p>Pertenecen a 8 institutos terciarios. En total, ya suman 155 las emisoras autorizadas en todo el pa\u00eds. La Autoridad Federal de Servicios de Comunicaci\u00f3n Audiovisual (AFSCA) aprob\u00f3 la entrega en convenio con el Ministerio de Educaci\u00f3n de la Naci\u00f3n y la Comisi\u00f3n Nacional de Comunicaciones.<!--more--><br \/>\nLa medida fue tomada en la \u00faltima reuni\u00f3n de Directorio del AFSCA que se realiz\u00f3 el jueves 24 de enero. Con el objetivo de ampliar la oferta de servicios de comunicaci\u00f3n de car\u00e1cter social y educativo, se otorgaron ocho autorizaciones a distintos terciarios: el IES Fort\u00edn de Makalle, Chaco; el Instituto Superior Rodolfo Walsh de Puerto Tirol, Chaco; el Instituto Terciario Dr. Ren\u00e9 Favaloro de J.J. Castelli, Chaco; el Instituto Superior de Formaci\u00f3n Docente Carcano de Monte Caseros, Corrientes; el Instituto Superior de Formaci\u00f3n Docente Gobernador Virasoro de Ituzaingo, Corrientes; el IFD de Campo Gallo, Santiago del Estero; la Escuela Normal Superior Rep. Del Ecuador de Frias, Santiago del Estero y el IES N\u00b0 6034 \u00abJuan Carlos D\u00e1valos\u00bb de Metan, Salta.<\/p>\n<p>Estas ocho nuevas radios se agregan a otras cinco aprobadas en la anterior reuni\u00f3n del Directorio del AFSCA. Se enmarcan en un convenio firmado entre el Ministerio de Educaci\u00f3n, la Comisi\u00f3n Nacional de Comunicaciones y el AFSCA para la instalaci\u00f3n de radios educativo \u2013 comunitarias en 50 terciarios que dicten carreras afines. Seg\u00fan este acuerdo, la cartera educativa equipa las radios y supervisa su funcionamiento, la CNC instala las antenas y controla las medidas de seguridad y el AFSCA facilita las autorizaciones y las capacitaciones.<\/p>\n<p>Adem\u00e1s, los tres organismos promueven el \u00abPrograma Nacional de Radios en Escuelas Secundarias\u00bb, que tiene como objetivo el emplazamiento de 200 emisoras escolares en Centros de Acci\u00f3n Juveniles (CAJ) con un esquema similar. Hasta el momento, gracias a esta iniciativa, 67 colegios secundarios de gesti\u00f3n estatal cuentan con una FM autorizada.<\/p>\n<p>Asimismo, 75 escuelas ya obtuvieron su autorizaci\u00f3n por fuera de estas iniciativas. En total, suman 155 las radios escolares autorizadas a lo largo y ancho del pa\u00eds, producto de una pol\u00edtica p\u00fablica articulada que busca promover, capacitar y equipar con nuevas tecnolog\u00edas servicios de radiodifusi\u00f3n sonora en el sistema escolar.<\/p>\n<p>La ley 26.522 de Servicios de Comunicaci\u00f3n Audiovisual habilit\u00f3 a escuelas, colegios y terciarios p\u00fablicos de todo el pa\u00eds a obtener, con un mecanismo directo, una autorizaci\u00f3n para operar una radio. La programaci\u00f3n de estas estaciones debe responder a un proyecto pedag\u00f3gico e institucional, que incluya como m\u00ednimo un 60% de producci\u00f3n propia. Es decir, contenidos elaborados desde y para la escuela y su comunidad.<\/p>\n<p>Con este mismo sentido de democratizar la comunicaci\u00f3n y extenderla a nuevos sectores, el Directorio del AFSCA aprob\u00f3 tambi\u00e9n el otorgamiento de tres nuevas licencias para organizaciones sociales y comunitarias, bajo el r\u00e9gimen especial previsto por el art\u00edculo 49 de la nueva ley. Se trata de la FM 89,9 de 30 de agosto, Buenos Aires; la 104,9 de La Paz, C\u00f3rdoba, solicitada por la Asociaci\u00f3n Civil Radio Comunitaria Las Chacras, y la 89,9Mhz de La Gallareta, Santa Fe, pedida por la Biblioteca Popular Tanino.<\/p>\n<p>&nbsp;<\/p>\n<p>&nbsp;<\/p>\n<p>&nbsp;<\/p>\n<p>&nbsp;<\/p>\n<p>&nbsp;<\/p>\n<p>&nbsp;<\/p>\n<p>&nbsp;<\/p>\n<p>&nbsp;<\/p>\n<p>&nbsp;<\/p>\n<p>&nbsp;<\/p>\n<p>&nbsp;<\/p>\n<p>&nbsp;<\/p>\n<p>&nbsp;<\/p>\n<p>&nbsp;<\/p>\n<p>&nbsp;<\/p>\n<p>&nbsp;<\/p>\n<p>&nbsp;<\/p>\n","protected":false},"excerpt":{"rendered":"<p>Pertenecen a 8 institutos terciarios. En total, ya suman 155 las emisoras autorizadas en todo el pa\u00eds. La Autoridad Federal de Servicios de Comunicaci\u00f3n Audiovisual (AFSCA) aprob\u00f3 la entrega en convenio con el Ministerio de Educaci\u00f3n de la Naci\u00f3n y la Comisi\u00f3n Nacional de Comunicaciones.<\/p>\n","protected":false},"author":4,"featured_media":0,"comment_status":"open","ping_status":"open","sticky":false,"template":"","format":"standard","meta":{"_jetpack_newsletter_access":"","_jetpack_dont_email_post_to_subs":false,"_jetpack_newsletter_tier_id":0,"_jetpack_memberships_contains_paywalled_content":false,"_jetpack_memberships_contains_paid_content":false,"footnotes":""},"categories":[1],"tags":[],"class_list":["post-13976","post","type-post","status-publish","format-standard","hentry","category-sociedad"],"jetpack_featured_media_url":"","jetpack_shortlink":"https:\/\/wp.me\/p2JWE0-3Dq","jetpack-related-posts":[{"id":64877,"url":"https:\/\/www.24baires.com\/?p=64877","url_meta":{"origin":13976,"position":0},"title":"Scioli anunci\u00f3 la creaci\u00f3n del Instituto de la Energ\u00eda para la capacitaci\u00f3n de los trabajadores","author":"GB","date":"25\/04\/2015","format":false,"excerpt":"El gobernador bonaerense Daniel Scioli, a trav\u00e9s de la Secretar\u00eda de Servicios P\u00fablicos, anunci\u00f3 la creaci\u00f3n del Instituto de la Energ\u00eda (IDE), un organismo que tendr\u00e1 a su cargo la formaci\u00f3n y capacitaci\u00f3n de los trabajadores para fortalecer el desarrollo del sector energ\u00e9tico, se inform\u00f3 oficialmente. El flamante IDE brindar\u00e1\u2026","rel":"","context":"En \u00abLocales\u00bb","block_context":{"text":"Locales","link":"https:\/\/www.24baires.com\/?cat=38"},"img":{"alt_text":"scioli 1","src":"https:\/\/i0.wp.com\/www.24baires.com\/wp-content\/uploads\/2015\/01\/scioli-1.jpg?resize=350%2C200","width":350,"height":200,"srcset":"https:\/\/i0.wp.com\/www.24baires.com\/wp-content\/uploads\/2015\/01\/scioli-1.jpg?resize=350%2C200 1x, https:\/\/i0.wp.com\/www.24baires.com\/wp-content\/uploads\/2015\/01\/scioli-1.jpg?resize=525%2C300 1.5x"},"classes":[]},{"id":104298,"url":"https:\/\/www.24baires.com\/?p=104298","url_meta":{"origin":13976,"position":1},"title":"Mar del Plata: tomaron en simult\u00e1neo todos los institutos educativos terciarios","author":"GB","date":"05\/09\/2018","format":false,"excerpt":"Los ocho establecimientos estar\u00e1n sin actividad hasta que las autoridades provinciales se comprometan a realizar las obras edilicias necesarias para poder tener clases Por primera vez, los ocho establecimientos terciarios que dependen del Gobierno de la provincia de Buenos Aires est\u00e1n tomados en simult\u00e1neo. La toma se da al mismo\u2026","rel":"","context":"En \u00abLocales\u00bb","block_context":{"text":"Locales","link":"https:\/\/www.24baires.com\/?cat=38"},"img":{"alt_text":"","src":"https:\/\/i0.wp.com\/www.24baires.com\/wp-content\/uploads\/2018\/09\/toma-tercearios.jpg?resize=350%2C200","width":350,"height":200,"srcset":"https:\/\/i0.wp.com\/www.24baires.com\/wp-content\/uploads\/2018\/09\/toma-tercearios.jpg?resize=350%2C200 1x, https:\/\/i0.wp.com\/www.24baires.com\/wp-content\/uploads\/2018\/09\/toma-tercearios.jpg?resize=525%2C300 1.5x"},"classes":[]},{"id":93755,"url":"https:\/\/www.24baires.com\/?p=93755","url_meta":{"origin":13976,"position":2},"title":"\u00abNo hay seguridad sin trabajo y estudio en las c\u00e1rceles\u00bb, asegur\u00f3 Vidal","author":"GB","date":"11\/04\/2017","format":false,"excerpt":"La Gobernadora bonaerense inaugur\u00f3 el ciclo lectivo en la Unidad Penitenciara 13 de Jun\u00edn y subray\u00f3 la necesidad de que los detenidos \"vuelvan a reinsertarse en la sociedad\". La acompa\u00f1aron Ferrari y el intendente Petrecca. La gobernadora Mar\u00eda Eugenia Vidal inaugur\u00f3 hoy el ciclo lectivo de la Unidad Penitenciaria N\u00b0\u2026","rel":"","context":"En \u00abProvincia\u00bb","block_context":{"text":"Provincia","link":"https:\/\/www.24baires.com\/?cat=40"},"img":{"alt_text":"","src":"https:\/\/i0.wp.com\/www.24baires.com\/wp-content\/uploads\/2017\/04\/vidal-penal.jpg?resize=350%2C200","width":350,"height":200,"srcset":"https:\/\/i0.wp.com\/www.24baires.com\/wp-content\/uploads\/2017\/04\/vidal-penal.jpg?resize=350%2C200 1x, https:\/\/i0.wp.com\/www.24baires.com\/wp-content\/uploads\/2017\/04\/vidal-penal.jpg?resize=525%2C300 1.5x"},"classes":[]},{"id":30293,"url":"https:\/\/www.24baires.com\/?p=30293","url_meta":{"origin":13976,"position":3},"title":"La regularizaci\u00f3n de la cuota de pantalla y la creaci\u00f3n del Registro de Publicidades fue aprobada","author":"GB","date":"16\/08\/2013","format":false,"excerpt":"El directorio de la Autoridad Federal de Servicios de Comunicaci\u00f3n Audiovisual aprob\u00f3 un nuevo sistema para el cumplimiento de la cuota de pantalla de producci\u00f3n nacional y la creaci\u00f3n del registro de publicidades, adem\u00e1s de adjudicar licencias y autorizar radios. En la reuni\u00f3n, encabezada por el presidente del directorio, Mart\u00edn\u2026","rel":"","context":"En \u00abMedios\u00bb","block_context":{"text":"Medios","link":"https:\/\/www.24baires.com\/?cat=54"},"img":{"alt_text":"","src":"","width":0,"height":0},"classes":[]},{"id":51466,"url":"https:\/\/www.24baires.com\/?p=51466","url_meta":{"origin":13976,"position":4},"title":"El Concejo de Lan\u00fas aprob\u00f3 el boleto universitario","author":"Grupo Sierra","date":"09\/08\/2014","format":false,"excerpt":"Se sancion\u00f3 por unanimidad la iniciativa que beneficiar\u00e1 a estudiantes universitarios y de institutos terciarios. Hubo cruces de la oposici\u00f3n con el concejal del FpV Montero. El Concejo Deliberante de Lan\u00fas aprob\u00f3 en la sesi\u00f3n de ayer, de forma un\u00e1nime, la creaci\u00f3n del boleto universitario, que beneficiar\u00e1 a estudiantes universitarios\u2026","rel":"","context":"En \u00abLocales\u00bb","block_context":{"text":"Locales","link":"https:\/\/www.24baires.com\/?cat=38"},"img":{"alt_text":"concejolanus","src":"https:\/\/i0.wp.com\/www.24baires.com\/wp-content\/uploads\/2012\/10\/concejolanus-300x187.jpg?resize=350%2C200","width":350,"height":200},"classes":[]},{"id":55493,"url":"https:\/\/www.24baires.com\/?p=55493","url_meta":{"origin":13976,"position":5},"title":"Presentan proyecto para crear un Instituto Tecnol\u00f3gico en Dolores","author":"AF","date":"16\/10\/2014","format":false,"excerpt":"El jefe comunal de Dolores, Camilo Etchevarren, present\u00f3 junto al master en Gesti\u00f3n de Ciudades Fabio Quetglas y al licenciado Fernando Tasc\u00f3n, el proyecto de creaci\u00f3n de un Instituto Tecnol\u00f3gico, orientado a formar recursos humanos. En la ocasi\u00f3n, el intendente expres\u00f3 que la iniciativa obedec\u00eda a que hay muchos j\u00f3venes\u2026","rel":"","context":"En \u00abLocales\u00bb","block_context":{"text":"Locales","link":"https:\/\/www.24baires.com\/?cat=38"},"img":{"alt_text":"","src":"","width":0,"height":0},"classes":[]}],"jetpack_sharing_enabled":true,"jetpack_likes_enabled":true,"_links":{"self":[{"href":"https:\/\/www.24baires.com\/index.php?rest_route=\/wp\/v2\/posts\/13976","targetHints":{"allow":["GET"]}}],"collection":[{"href":"https:\/\/www.24baires.com\/index.php?rest_route=\/wp\/v2\/posts"}],"about":[{"href":"https:\/\/www.24baires.com\/index.php?rest_route=\/wp\/v2\/types\/post"}],"author":[{"embeddable":true,"href":"https:\/\/www.24baires.com\/index.php?rest_route=\/wp\/v2\/users\/4"}],"replies":[{"embeddable":true,"href":"https:\/\/www.24baires.com\/index.php?rest_route=%2Fwp%2Fv2%2Fcomments&post=13976"}],"version-history":[{"count":3,"href":"https:\/\/www.24baires.com\/index.php?rest_route=\/wp\/v2\/posts\/13976\/revisions"}],"predecessor-version":[{"id":13978,"href":"https:\/\/www.24baires.com\/index.php?rest_route=\/wp\/v2\/posts\/13976\/revisions\/13978"}],"wp:attachment":[{"href":"https:\/\/www.24baires.com\/index.php?rest_route=%2Fwp%2Fv2%2Fmedia&parent=13976"}],"wp:term":[{"taxonomy":"category","embeddable":true,"href":"https:\/\/www.24baires.com\/index.php?rest_route=%2Fwp%2Fv2%2Fcategories&post=13976"},{"taxonomy":"post_tag","embeddable":true,"href":"https:\/\/www.24baires.com\/index.php?rest_route=%2Fwp%2Fv2%2Ftags&post=13976"}],"curies":[{"name":"wp","href":"https:\/\/api.w.org\/{rel}","templated":true}]}}