{"id":13966,"date":"2013-01-29T17:20:45","date_gmt":"2013-01-29T20:20:45","guid":{"rendered":"http:\/\/www.24baires.com\/?p=13966"},"modified":"2013-01-29T16:54:30","modified_gmt":"2013-01-29T19:54:30","slug":"el-senado-bonaerense-reconocera-a-mujeres-de-la-provincia-en-el-dia-de-la-mujer","status":"publish","type":"post","link":"https:\/\/www.24baires.com\/?p=13966","title":{"rendered":"Mujeres de la Provincia ser\u00e1n reconocidas por el Senado bonaerense"},"content":{"rendered":"<p>El Senado bonaerense distinguir\u00e1 el pr\u00f3ximo 8 de marzo el trabajo territorial que realizan mujeres de toda la provincia de Buenos Aires, en el marco de los homenajes por el D\u00eda Internacional de la Mujer.<!--more--><br \/>\nLa iniciativa incluye adem\u00e1s la puesta en marcha de un programa a trav\u00e9s del cual se recepcionar\u00e1n propuestas para su evaluaci\u00f3n en las distintas comisiones del cuerpo legislativo.<\/p>\n<p>De esa forma, las damas comprometidas con causas sociales y solidarias no solo tendr\u00e1n un merecido reconocimiento, sino que adem\u00e1s tendr\u00e1n la posibilidad de lograr un marco institucional y la promoci\u00f3n de sus emprendimientos.<\/p>\n<p>La distinci\u00f3n se realizar\u00e1 a mujeres de todos los distritos de la provincia de Buenos Aires que se hayan destacado en las \u00e1reas de Cultura, Educaci\u00f3n, Artes y Ciencias, Deportes, Acci\u00f3n Social y Actividad Empresarial.<\/p>\n<p>El acto tendr\u00e1 lugar el viernes 8 de Marzo de 2013 en el Sal\u00f3n Eva Per\u00f3n del Edificio Anexo de la Honorable C\u00e1mara de Senadores de la Provincia de Bs. As, calle 7 esquina 49.<\/p>\n<p>Las \u00e1reas que tendr\u00e1n su reconocimiento son: Acci\u00f3n Social (mujeres que se hayan destacado por su labor desinteresada en el bien de la comunidad); Cultura y Educaci\u00f3n (mujeres destacadas en cualquiera de los niveles de Educaci\u00f3n y\/o Cultura); Ciencia (Mujeres que se hayan destacado en cualquiera de las disciplinas en que se divide la Ciencia); Arte (Mujeres que se hayan destacado en cualquier manifestaci\u00f3n art\u00edstica); Empresariado (mujeres destacadas en cualquier actividad empresarial) y Deporte (mujeres destacadas en cualquier actividad deportiva).<\/p>\n<p>Las postulantes que quieran participar deber\u00e1n enviar su Curr\u00edculum Vitae (CV) al Edificio Anexo de la Honorable C\u00e1mara de Senadores, ubicado en la calle 7 esquina 49 de la ciudad de La Plata, con plazo final hasta el 8 de febrero del corriente.<\/p>\n<p>El mismo deber\u00e1 estar impreso en letra Arial tama\u00f1o 14, y deber\u00e1 contar con los datos personales de la postulante, direcci\u00f3n, tel\u00e9fono, celular, mail, c\u00f3digo postal y el nombre de la persona, Instituci\u00f3n u Organizaci\u00f3n que la postula. Si el CV es muy extenso, deber\u00e1 acompa\u00f1ar s\u00edntesis.<\/p>\n<p>Los proyectos en ejecuci\u00f3n o en v\u00edas de ejecuci\u00f3n que acompa\u00f1en los CV y contemplen la gesti\u00f3n y desempe\u00f1o de los mismos, ser\u00e1n evaluados para su posible promoci\u00f3n.<\/p>\n<p>&nbsp;<\/p>\n<p>&nbsp;<\/p>\n<p>&nbsp;<\/p>\n<p>&nbsp;<\/p>\n<p>&nbsp;<\/p>\n<p>&nbsp;<\/p>\n<p>&nbsp;<\/p>\n<p>&nbsp;<\/p>\n<p>&nbsp;<\/p>\n<p>&nbsp;<\/p>\n<p>&nbsp;<\/p>\n<p>&nbsp;<\/p>\n<p>&nbsp;<\/p>\n<p>&nbsp;<\/p>\n<p>&nbsp;<\/p>\n<p>&nbsp;<\/p>\n<p>&nbsp;<\/p>\n<p>&nbsp;<\/p>\n<p>&nbsp;<\/p>\n","protected":false},"excerpt":{"rendered":"<p>El Senado bonaerense distinguir\u00e1 el pr\u00f3ximo 8 de marzo el trabajo territorial que realizan mujeres de toda la provincia de Buenos Aires, en el marco de los homenajes por el D\u00eda Internacional de la Mujer.<\/p>\n","protected":false},"author":4,"featured_media":0,"comment_status":"open","ping_status":"open","sticky":false,"template":"","format":"standard","meta":{"_jetpack_newsletter_access":"","_jetpack_dont_email_post_to_subs":false,"_jetpack_newsletter_tier_id":0,"_jetpack_memberships_contains_paywalled_content":false,"_jetpack_memberships_contains_paid_content":false,"footnotes":""},"categories":[1],"tags":[],"class_list":["post-13966","post","type-post","status-publish","format-standard","hentry","category-sociedad"],"jetpack_featured_media_url":"","jetpack_shortlink":"https:\/\/wp.me\/p2JWE0-3Dg","jetpack-related-posts":[{"id":6027,"url":"https:\/\/www.24baires.com\/?p=6027","url_meta":{"origin":13966,"position":0},"title":"La Legislatura bonaerense realizar\u00e1 un Foro \u201cpara una agenda de G\u00e9nero\u00bb","author":"AF","date":"19\/11\/2012","format":false,"excerpt":"LA PLATA - Tendr\u00e1 lugar el pr\u00f3ximo mi\u00e9rcoles a partir de las 13.30 en el sal\u00f3n central \u201cEva Per\u00f3n del Edificio Anexo del Senado bonaerense, en el marco del \u201cD\u00eda internacional de la Eliminaci\u00f3n de la Violencia contra la Mujer\u201d. El Foro tiene por objetivo que la ciudadan\u00eda exponga sus\u2026","rel":"","context":"En \u00abSociedad\u00bb","block_context":{"text":"Sociedad","link":"https:\/\/www.24baires.com\/?cat=1"},"img":{"alt_text":"","src":"","width":0,"height":0},"classes":[]},{"id":7453,"url":"https:\/\/www.24baires.com\/?p=7453","url_meta":{"origin":13966,"position":1},"title":"Crearon en el Senado bonaerense la \u00abComisi\u00f3n Especial Banca de la Mujer\u00bb","author":"AF","date":"01\/12\/2012","format":false,"excerpt":"El Senado bonaerense aprob\u00f3 la creaci\u00f3n de una \u201cComisi\u00f3n Especial Banca de la Mujer\u201d a partir de una iniciativa impulsada por la senadora oficialista Patricia Segovia que intentar\u00e1, entre otros aspectos, promover medidas que garanticen la promoci\u00f3n y protecci\u00f3n de derechos de las mujeres en todos los \u00e1mbitos. La Banca\u2026","rel":"","context":"En \u00abSociedad\u00bb","block_context":{"text":"Sociedad","link":"https:\/\/www.24baires.com\/?cat=1"},"img":{"alt_text":"","src":"https:\/\/i0.wp.com\/www.24baires.com\/wp-content\/uploads\/2012\/12\/segovia-patricia.png?resize=350%2C200","width":350,"height":200},"classes":[]},{"id":105295,"url":"https:\/\/www.24baires.com\/?p=105295","url_meta":{"origin":13966,"position":2},"title":"Gremios bonaerenses acampan contra el Presupuesto","author":"GB","date":"06\/11\/2018","format":false,"excerpt":"Estatales, m\u00e9dicos y judiciales marchar\u00e1n a Gobernaci\u00f3n e instalar\u00e1n una carpa frente a la Legislatura. Tambi\u00e9n participar\u00e1n organizaciones sociales. Gremios bonaerenses y organizaciones sociales marchar\u00e1n a la Casa de Gobierno y empezar\u00e1n un acampe frente a la Legislatura para rechazar el proyecto de Presupuesto 2019, que la Gobernadora enviar\u00e1 al\u2026","rel":"","context":"En \u00abProvincia\u00bb","block_context":{"text":"Provincia","link":"https:\/\/www.24baires.com\/?cat=40"},"img":{"alt_text":"","src":"https:\/\/i0.wp.com\/www.24baires.com\/wp-content\/uploads\/2018\/03\/ate-docentes-300x200.jpg?resize=350%2C200","width":350,"height":200},"classes":[]},{"id":2536,"url":"https:\/\/www.24baires.com\/?p=2536","url_meta":{"origin":13966,"position":3},"title":"Ya es Ley la emergencia p\u00fablica por violencia de g\u00e9nero","author":"AF","date":"18\/10\/2012","format":false,"excerpt":"La C\u00e1mara alta aprob\u00f3 el proyecto que adhiere a la Ley Nacional 26.485 contra la violencia hacia las mujeres y faculta al Ejecutivo a reasignar las partidas presupuestarias necesarias. La emergencia se declara por el t\u00e9rmino de dos a\u00f1os con el objetivo de revertir el n\u00famero de v\u00edctimas en territorio\u2026","rel":"","context":"En \u00abSociedad\u00bb","block_context":{"text":"Sociedad","link":"https:\/\/www.24baires.com\/?cat=1"},"img":{"alt_text":"","src":"","width":0,"height":0},"classes":[]},{"id":121834,"url":"https:\/\/www.24baires.com\/?p=121834","url_meta":{"origin":13966,"position":4},"title":"El Senado aprob\u00f3 el RIGI bonaerense y modific\u00f3 la ley de jubilatoria de los trabajadores del BAPRO","author":"GB","date":"15\/11\/2024","format":false,"excerpt":"El Senado bonaerense aprob\u00f3 dos proyectos clave de Kicillof, con el apoyo de los libertarios dialoguistas: La reforma jubilatoria y el r\u00e9gimen de fomento a inversiones estrat\u00e9gicas. Este martes, el Senado de la Provincia de Buenos Aires aprob\u00f3 en sesi\u00f3n especial dos importantes proyectos impulsados por el gobernador Axel Kicillof:\u2026","rel":"","context":"En \u00abProvincia\u00bb","block_context":{"text":"Provincia","link":"https:\/\/www.24baires.com\/?cat=40"},"img":{"alt_text":"","src":"https:\/\/i0.wp.com\/www.24baires.com\/wp-content\/uploads\/2014\/08\/senado-bonaerense.jpg?resize=350%2C200","width":350,"height":200,"srcset":"https:\/\/i0.wp.com\/www.24baires.com\/wp-content\/uploads\/2014\/08\/senado-bonaerense.jpg?resize=350%2C200 1x, https:\/\/i0.wp.com\/www.24baires.com\/wp-content\/uploads\/2014\/08\/senado-bonaerense.jpg?resize=525%2C300 1.5x, https:\/\/i0.wp.com\/www.24baires.com\/wp-content\/uploads\/2014\/08\/senado-bonaerense.jpg?resize=700%2C400 2x"},"classes":[]},{"id":119579,"url":"https:\/\/www.24baires.com\/?p=119579","url_meta":{"origin":13966,"position":5},"title":"La mitad de las bonaerenses estuvieron o est\u00e1n en situaciones de violencia","author":"AF","date":"24\/11\/2022","format":false,"excerpt":"Seg\u00fan la Encuesta de Prevalencia de Violencia contra las Mujeres el 48,9% de las entrevistadas del Gran Buenos Aires (GBA) y el 44,7% del resto de la provincia que est\u00e1n o han estado en pareja experimentaron violencia dom\u00e9stica. La mitad de las bonaerenses que participaron de una encuesta oficial dijeron\u2026","rel":"","context":"En \u00abProvincia\u00bb","block_context":{"text":"Provincia","link":"https:\/\/www.24baires.com\/?cat=40"},"img":{"alt_text":"","src":"https:\/\/i0.wp.com\/www.24baires.com\/wp-content\/uploads\/2016\/04\/contra-violencia-de-genero.jpg?resize=350%2C200","width":350,"height":200,"srcset":"https:\/\/i0.wp.com\/www.24baires.com\/wp-content\/uploads\/2016\/04\/contra-violencia-de-genero.jpg?resize=350%2C200 1x, https:\/\/i0.wp.com\/www.24baires.com\/wp-content\/uploads\/2016\/04\/contra-violencia-de-genero.jpg?resize=525%2C300 1.5x, https:\/\/i0.wp.com\/www.24baires.com\/wp-content\/uploads\/2016\/04\/contra-violencia-de-genero.jpg?resize=700%2C400 2x"},"classes":[]}],"jetpack_sharing_enabled":true,"jetpack_likes_enabled":true,"_links":{"self":[{"href":"https:\/\/www.24baires.com\/index.php?rest_route=\/wp\/v2\/posts\/13966","targetHints":{"allow":["GET"]}}],"collection":[{"href":"https:\/\/www.24baires.com\/index.php?rest_route=\/wp\/v2\/posts"}],"about":[{"href":"https:\/\/www.24baires.com\/index.php?rest_route=\/wp\/v2\/types\/post"}],"author":[{"embeddable":true,"href":"https:\/\/www.24baires.com\/index.php?rest_route=\/wp\/v2\/users\/4"}],"replies":[{"embeddable":true,"href":"https:\/\/www.24baires.com\/index.php?rest_route=%2Fwp%2Fv2%2Fcomments&post=13966"}],"version-history":[{"count":2,"href":"https:\/\/www.24baires.com\/index.php?rest_route=\/wp\/v2\/posts\/13966\/revisions"}],"predecessor-version":[{"id":13968,"href":"https:\/\/www.24baires.com\/index.php?rest_route=\/wp\/v2\/posts\/13966\/revisions\/13968"}],"wp:attachment":[{"href":"https:\/\/www.24baires.com\/index.php?rest_route=%2Fwp%2Fv2%2Fmedia&parent=13966"}],"wp:term":[{"taxonomy":"category","embeddable":true,"href":"https:\/\/www.24baires.com\/index.php?rest_route=%2Fwp%2Fv2%2Fcategories&post=13966"},{"taxonomy":"post_tag","embeddable":true,"href":"https:\/\/www.24baires.com\/index.php?rest_route=%2Fwp%2Fv2%2Ftags&post=13966"}],"curies":[{"name":"wp","href":"https:\/\/api.w.org\/{rel}","templated":true}]}}