{"id":13962,"date":"2013-01-29T16:32:44","date_gmt":"2013-01-29T19:32:44","guid":{"rendered":"http:\/\/www.24baires.com\/?p=13962"},"modified":"2013-01-29T16:32:44","modified_gmt":"2013-01-29T19:32:44","slug":"cada-vez-mas-familias-optan-por-pasar-el-verano-en-la-ribera-de-quilmes","status":"publish","type":"post","link":"https:\/\/www.24baires.com\/?p=13962","title":{"rendered":"Cada vez m\u00e1s familias optan por pasar el verano en la ribera de Quilmes"},"content":{"rendered":"<p><img data-recalc-dims=\"1\" loading=\"lazy\" decoding=\"async\" class=\"aligncenter size-full wp-image-13963\" alt=\"r\u00edo\" src=\"https:\/\/i0.wp.com\/www.24baires.com\/wp-content\/uploads\/2013\/01\/r%C3%ADo.jpg?resize=560%2C373\" width=\"560\" height=\"373\" srcset=\"https:\/\/i0.wp.com\/www.24baires.com\/wp-content\/uploads\/2013\/01\/r%C3%ADo.jpg?w=560&amp;ssl=1 560w, https:\/\/i0.wp.com\/www.24baires.com\/wp-content\/uploads\/2013\/01\/r%C3%ADo.jpg?resize=300%2C199&amp;ssl=1 300w\" sizes=\"auto, (max-width: 560px) 100vw, 560px\" \/>Una peque\u00f1a heladerita, algunas lonas, sillas o carpas, ca\u00f1a de pescar, baldecitos y juguetes de playa para los chicos. Sin mucho m\u00e1s, el verano puede disfrutarse en la costa del R\u00edo de la Plata, en Quilmes. Miles de familias deciden vacacionar, y aliviar el sofocante calor, en la arcillosa ribera de la zona sur del Conurbano. No es una novedad, hist\u00f3ricamente el balneario fue centro de atracci\u00f3n tur\u00edstica para los que no viajan a ver el mar. Sin embargo, con el paso de los a\u00f1os, se convirti\u00f3 en la \u00fanica alternativa para muchas personas de bajos recursos, que soportan la falta de cuidado y la contaminaci\u00f3n del agua con tal de recrearse un poco.<!--more--><br \/>\nAlgunos vienen en veh\u00edculos particulares, autos y camionetas que terminan por ser el parador de turno. El reparo del sol, con m\u00fasica a alto volumen, sillas en ronda y toallas colgando desde las puertas. Otros llegan en colectivo, desde distintas zonas de la regi\u00f3n, cargados con sus bolsos, mochilas, canastas y heladeras. \u201cAc\u00e1 se puede respirar\u201d, dice Mario, que arrib\u00f3 en auto con su mujer y sus tres hijos desde Florencio Varela. Esa satisfacci\u00f3n, que por sencilla no deja de ser valiosa para este hombre y su familia. \u201cTomamos unos mates, comemos algo y disfrutamos del r\u00edo\u201d, explica Mario, mientras se\u00f1ala la costa.<br \/>\nA unos pocos metros del destacamento policial, ubicado en la intersecci\u00f3n de avenida Cervantes y avenida Espa\u00f1a, se observa una gran cantidad de acampes, con parillas e improvisados puestos donde se venden libremente art\u00edculos de pesca. Los aficionados que deseen conseguir una ca\u00f1ita y carnada para pasar el rato, tambi\u00e9n pueden hacerlo en la ribera de Quilmes. A la vera del r\u00edo, se arman rondas de mate o cerveza, mini-partidos de f\u00fatbol o recorridos en bicicleta. Por supuesto, est\u00e1n tambi\u00e9n los osados que se animan a sumergirse en el agua, as\u00ed como los que ingresan con cayac o a practicar kite-surf.<br \/>\nLos guardavidas cumplen un rol important\u00edsimo, porque en la mayor\u00eda de los sectores el agua est\u00e1 contaminada por la enorme cantidad de desechos que quedan en la costa y son arrastrados a las profundidades por la corriente. Esta situaci\u00f3n ambiental deber\u00eda ser motivo suficiente para prohibir que las personas que visitan la ribera se ba\u00f1en en las aguas turbias. Sin embargo, los controles son escasos y la actividad de los guardavidas se multiplica los fines de semana, as\u00ed como tambi\u00e9n los d\u00edas de mucho viento.<br \/>\nPor la noche, la actividad no afloja. Cuando cae el sol, la seguridad es un tema que preocupa a quienes recorren la zona. Aparecen m\u00e1s autos y motos, lo que origina un tr\u00e1nsito complicado y ocasiona ruidos molestos. Algunos bares y boliches, ubicados en la vereda frente a la costa, abren sus puertas y convocan a los j\u00f3venes. El movimiento supera la capacidad de control e infraestructura. Por la gran cantidad de personas que asisten diariamente, incluso desde otros distritos, sigue resultando poca la inversi\u00f3n del Municipio de Quilmes en la zona m\u00e1s tur\u00edstica de la ciudad.<\/p>\n","protected":false},"excerpt":{"rendered":"<p>Una peque\u00f1a heladerita, algunas lonas, sillas o carpas, ca\u00f1a de pescar, baldecitos y juguetes de playa para los chicos. Sin mucho m\u00e1s, el verano puede disfrutarse en la costa del R\u00edo de la Plata, en Quilmes. Miles de familias deciden vacacionar, y aliviar el sofocante calor, en la arcillosa ribera de la zona sur del Conurbano. No es una novedad, [&#8230;]<\/p>\n","protected":false},"author":4,"featured_media":0,"comment_status":"open","ping_status":"open","sticky":false,"template":"","format":"standard","meta":{"_jetpack_newsletter_access":"","_jetpack_dont_email_post_to_subs":false,"_jetpack_newsletter_tier_id":0,"_jetpack_memberships_contains_paywalled_content":false,"_jetpack_memberships_contains_paid_content":false,"footnotes":""},"categories":[1],"tags":[],"class_list":["post-13962","post","type-post","status-publish","format-standard","hentry","category-sociedad"],"jetpack_featured_media_url":"","jetpack_shortlink":"https:\/\/wp.me\/p2JWE0-3Dc","jetpack-related-posts":[{"id":12262,"url":"https:\/\/www.24baires.com\/?p=12262","url_meta":{"origin":13962,"position":0},"title":"En Quilmes se ba\u00f1an entre la basura para paliar las altas temperaturas","author":"AF","date":"15\/01\/2013","format":false,"excerpt":"Los vecinos que no pueden viajar para disfrutar de vacaciones, ni ir a una pileta para soportar el intenso calor, deben ba\u00f1arse en aguas contaminadas y llenas de basura. As\u00ed est\u00e1 hoy en d\u00eda la Ribera de Quilmes, que adem\u00e1s de presentar un aspecto desagradable para la vista se convirti\u00f3\u2026","rel":"","context":"En \u00abLocales\u00bb","block_context":{"text":"Locales","link":"https:\/\/www.24baires.com\/?cat=38"},"img":{"alt_text":"quilmes r\u00edo","src":"https:\/\/i0.wp.com\/www.24baires.com\/wp-content\/uploads\/2013\/01\/quilmes-r%C3%ADo.jpg?resize=350%2C200","width":350,"height":200,"srcset":"https:\/\/i0.wp.com\/www.24baires.com\/wp-content\/uploads\/2013\/01\/quilmes-r%C3%ADo.jpg?resize=350%2C200 1x, https:\/\/i0.wp.com\/www.24baires.com\/wp-content\/uploads\/2013\/01\/quilmes-r%C3%ADo.jpg?resize=525%2C300 1.5x"},"classes":[]},{"id":115579,"url":"https:\/\/www.24baires.com\/?p=115579","url_meta":{"origin":13962,"position":1},"title":"La Intendenta de Quilmes intim\u00f3 a Edesur por los cortes de luz","author":"GB","date":"08\/07\/2020","format":false,"excerpt":"La jefa comunal del Frente de Todos present\u00f3 una carta documento a la empresa el\u00e9ctrica Edesur. Fue en reclamo por los cortes de servicio de electricidad en diferentes zonas del partido en plena cuarentena por coronavirus. Desde la Comuna exigen el urgente restablecimiento del suministro en distintos barrios de Bernal\u2026","rel":"","context":"En \u00abMunicipios\u00bb","block_context":{"text":"Municipios","link":"https:\/\/www.24baires.com\/?cat=44"},"img":{"alt_text":"","src":"https:\/\/i0.wp.com\/www.24baires.com\/wp-content\/uploads\/2020\/07\/mayra-mendoza-300x188.jpg?resize=350%2C200","width":350,"height":200},"classes":[]},{"id":44633,"url":"https:\/\/www.24baires.com\/?p=44633","url_meta":{"origin":13962,"position":2},"title":"Peligro en Quilmes: temen que se incendien casillas construidas sobre basura","author":"Grupo Sierra","date":"24\/04\/2014","format":false,"excerpt":"Una amenaza que sufren cientos de vecinos que viven en la Ribera. Aseguran que la zona es una verdadera trampa mortal para construir. Una verdadera trampa mortal amenaza a cientos de vecinos carenciados de la Ribera de Quilmes, donde cada vez son m\u00e1s las familias que construyen sus casillas sobre\u2026","rel":"","context":"En \u00abLocales\u00bb","block_context":{"text":"Locales","link":"https:\/\/www.24baires.com\/?cat=38"},"img":{"alt_text":"villa quilmes basura","src":"https:\/\/i0.wp.com\/www.24baires.com\/wp-content\/uploads\/2014\/04\/villa-quilmes-basura.jpg?resize=350%2C200","width":350,"height":200,"srcset":"https:\/\/i0.wp.com\/www.24baires.com\/wp-content\/uploads\/2014\/04\/villa-quilmes-basura.jpg?resize=350%2C200 1x, https:\/\/i0.wp.com\/www.24baires.com\/wp-content\/uploads\/2014\/04\/villa-quilmes-basura.jpg?resize=525%2C300 1.5x"},"classes":[]},{"id":49683,"url":"https:\/\/www.24baires.com\/?p=49683","url_meta":{"origin":13962,"position":3},"title":"Quilmes: volcaron por esquivar delincuentes que les robaron igual","author":"AF","date":"11\/07\/2014","format":false,"excerpt":"Dos j\u00f3venes intentaron esquivar a delincuentes y dieron vuelta su veh\u00edculo. Pero los malvivientes aprovecharon la situaci\u00f3n para asaltar y golpear a las v\u00edctimas. Dos j\u00f3venes sal\u00edan de un boliche de la ribera de Quilmes cuando volcaron con su autom\u00f3vil por esquivar a delincuentes, que aprovecharon la situaci\u00f3n y rompieron\u2026","rel":"","context":"En \u00abLocales\u00bb","block_context":{"text":"Locales","link":"https:\/\/www.24baires.com\/?cat=38"},"img":{"alt_text":"vuelvo quilmes","src":"https:\/\/i0.wp.com\/www.24baires.com\/wp-content\/uploads\/2014\/07\/vuelvo-quilmes.jpg?resize=350%2C200","width":350,"height":200,"srcset":"https:\/\/i0.wp.com\/www.24baires.com\/wp-content\/uploads\/2014\/07\/vuelvo-quilmes.jpg?resize=350%2C200 1x, https:\/\/i0.wp.com\/www.24baires.com\/wp-content\/uploads\/2014\/07\/vuelvo-quilmes.jpg?resize=525%2C300 1.5x"},"classes":[]},{"id":4052,"url":"https:\/\/www.24baires.com\/?p=4052","url_meta":{"origin":13962,"position":4},"title":"Alertan que el rellenado de la ribera del R\u00edo de la Plata causa mayores inundaciones","author":"AF","date":"01\/11\/2012","format":false,"excerpt":"Los vecinos integrantes de la asamblea \u201cNo a la entrega de la costa de Avellaneda y Quilmes\u201d alertaron por el efecto que el rellenado de la zona donde se busca establecer el proyecto Nueva Costa del Plata, con residuos domiciliarios, escombros y ramas, tiene sobre la inundaci\u00f3n de distintas partes\u2026","rel":"","context":"En \u00abLocales\u00bb","block_context":{"text":"Locales","link":"https:\/\/www.24baires.com\/?cat=38"},"img":{"alt_text":"","src":"https:\/\/i0.wp.com\/www.24baires.com\/wp-content\/uploads\/2012\/11\/rellenado-300x225.jpg?resize=350%2C200","width":350,"height":200},"classes":[]},{"id":13348,"url":"https:\/\/www.24baires.com\/?p=13348","url_meta":{"origin":13962,"position":5},"title":"&#8216;Barba&#8217; Guti\u00e9rrez se reuni\u00f3 con Scioli y Arl\u00eda","author":"Grupo Sierra","date":"23\/01\/2013","format":false,"excerpt":"QUILMES.- El Intendente Francisco 'Barba' Guti\u00e9rez estuvo hoy con el Ministro de Infraestructura bonaerense, para darle detalles a las obras programadas en ese distrito. El intendente de Quilmes, Francisco Guti\u00e9rrez, se reuni\u00f3 esta ma\u00f1ana con el gobernador Daniel Scioli en la sede gubernamental de La Plata, con qui\u00e9n abord\u00f3 diversos\u2026","rel":"","context":"En \u00abMunicipios\u00bb","block_context":{"text":"Municipios","link":"https:\/\/www.24baires.com\/?cat=44"},"img":{"alt_text":"gutierrez barba","src":"https:\/\/i0.wp.com\/www.24baires.com\/wp-content\/uploads\/2013\/01\/gutierrez-barba.jpg?resize=350%2C200","width":350,"height":200,"srcset":"https:\/\/i0.wp.com\/www.24baires.com\/wp-content\/uploads\/2013\/01\/gutierrez-barba.jpg?resize=350%2C200 1x, https:\/\/i0.wp.com\/www.24baires.com\/wp-content\/uploads\/2013\/01\/gutierrez-barba.jpg?resize=525%2C300 1.5x"},"classes":[]}],"jetpack_sharing_enabled":true,"jetpack_likes_enabled":true,"_links":{"self":[{"href":"https:\/\/www.24baires.com\/index.php?rest_route=\/wp\/v2\/posts\/13962","targetHints":{"allow":["GET"]}}],"collection":[{"href":"https:\/\/www.24baires.com\/index.php?rest_route=\/wp\/v2\/posts"}],"about":[{"href":"https:\/\/www.24baires.com\/index.php?rest_route=\/wp\/v2\/types\/post"}],"author":[{"embeddable":true,"href":"https:\/\/www.24baires.com\/index.php?rest_route=\/wp\/v2\/users\/4"}],"replies":[{"embeddable":true,"href":"https:\/\/www.24baires.com\/index.php?rest_route=%2Fwp%2Fv2%2Fcomments&post=13962"}],"version-history":[{"count":2,"href":"https:\/\/www.24baires.com\/index.php?rest_route=\/wp\/v2\/posts\/13962\/revisions"}],"predecessor-version":[{"id":13965,"href":"https:\/\/www.24baires.com\/index.php?rest_route=\/wp\/v2\/posts\/13962\/revisions\/13965"}],"wp:attachment":[{"href":"https:\/\/www.24baires.com\/index.php?rest_route=%2Fwp%2Fv2%2Fmedia&parent=13962"}],"wp:term":[{"taxonomy":"category","embeddable":true,"href":"https:\/\/www.24baires.com\/index.php?rest_route=%2Fwp%2Fv2%2Fcategories&post=13962"},{"taxonomy":"post_tag","embeddable":true,"href":"https:\/\/www.24baires.com\/index.php?rest_route=%2Fwp%2Fv2%2Ftags&post=13962"}],"curies":[{"name":"wp","href":"https:\/\/api.w.org\/{rel}","templated":true}]}}