{"id":13955,"date":"2013-01-29T15:17:55","date_gmt":"2013-01-29T18:17:55","guid":{"rendered":"http:\/\/www.24baires.com\/?p=13955"},"modified":"2013-01-29T15:32:54","modified_gmt":"2013-01-29T18:32:54","slug":"embargan-los-bienes-de-los-propietarios-de-kiss-la-discoteca-de-la-tragedia-en-brasil","status":"publish","type":"post","link":"https:\/\/www.24baires.com\/?p=13955","title":{"rendered":"Embargan los bienes de los propietarios de Kiss, la discoteca de la tragedia en Brasil"},"content":{"rendered":"<p><img data-recalc-dims=\"1\" loading=\"lazy\" decoding=\"async\" class=\"alignleft size-full wp-image-13956\" alt=\"incendio porto alegre\" src=\"https:\/\/i0.wp.com\/www.24baires.com\/wp-content\/uploads\/2013\/01\/incendio-porto-alegre.jpg?resize=290%2C174\" width=\"290\" height=\"174\" \/>La justicia brasile\u00f1a orden\u00f3 el embargo de los bienes de los propietarios del boliche de la ciudad de Santa Mar\u00eda, en la que un incendio el domingo dej\u00f3 al menos 231 muertos y 118 heridos.<!--more--><br \/>\nLa medida fue solicitada para garantizar el posible pago de indemnizaciones en caso de que los dos due\u00f1os del establecimiento, arrestados el lunes, sean considerados como responsables por el incendio m\u00e1s tr\u00e1gico de Brasil en los \u00faltimos cincuenta a\u00f1os.<\/p>\n<p>\u00abEl prop\u00f3sito de la medida es garantizar el derecho de las personas a una futura indemnizaci\u00f3n, de modo colectivo e igualitario, para todos los familiares de las v\u00edctimas de la tragedia\u00bb, afirm\u00f3 el defensor p\u00fablico general del estado brasile\u00f1o de R\u00edo Grande do Sul, Nilton Arnecke, en declaraciones al portal brasile\u00f1o G1, que reproduce la agencia EFE.<\/p>\n<p>El embargo tanto de los bienes de la compa\u00f1\u00eda propietaria de la discoteca Kiss como de los dos socios de dicha empresa, solicitado por Arnecke, fue ordenado en la noche del lunes por el juez Afif Simoes Neto, del foro penal de Santa Mar\u00eda, ciudad del estado de R\u00edo Grande do Sul.<\/p>\n<p>La polic\u00eda arrest\u00f3 ayer a cuatro de las personas a las que investiga como posibles responsables por la tragedia, entre ellos los dos due\u00f1os de la discoteca y dos de los m\u00fasicos de la banda que se presentaba en el establecimiento en el momento en que comenz\u00f3 el incendio.<\/p>\n<p>Uno de los propietarios, Elissandro Spohr, fue arrestado en la vecina ciudad de Cruz Alta adonde, seg\u00fan su abogado, hab\u00eda viajado para ser atendido en un hospital con s\u00edntomas de intoxicaci\u00f3n respiratoria por temor a permanecer en Santa Mar\u00eda.<\/p>\n<p>El otro propietario, Mauro Hoffmann, fue detenido tras presentarse en la comisar\u00eda de Santa Mar\u00eda y luego de que la polic\u00eda fracasara en diferentes operaciones para localizarlo.<\/p>\n<p>Pese a que los bomberos aseguran que el establecimiento cumpl\u00eda las exigencias de seguridad por lo menos hasta la \u00faltima inspecci\u00f3n, la licencia de funcionamiento del establecimiento estaba vencida desde agosto del a\u00f1o pasado.<\/p>\n<p>&nbsp;<\/p>\n<p>&nbsp;<\/p>\n<p>&nbsp;<\/p>\n<p>&nbsp;<\/p>\n<p>&nbsp;<\/p>\n<p>&nbsp;<\/p>\n<p>&nbsp;<\/p>\n<p>&nbsp;<\/p>\n<p>&nbsp;<\/p>\n<p>&nbsp;<\/p>\n<p>&nbsp;<\/p>\n<p>&nbsp;<\/p>\n<p>&nbsp;<\/p>\n<p>&nbsp;<\/p>\n<p>&nbsp;<\/p>\n<p>&nbsp;<\/p>\n<p>&nbsp;<\/p>\n<p>&nbsp;<\/p>\n<p>&nbsp;<\/p>\n<p>&nbsp;<\/p>\n<p>&nbsp;<\/p>\n<p>&nbsp;<\/p>\n<p>&nbsp;<\/p>\n<p>&nbsp;<\/p>\n<p>&nbsp;<\/p>\n","protected":false},"excerpt":{"rendered":"<p>La justicia brasile\u00f1a orden\u00f3 el embargo de los bienes de los propietarios del boliche de la ciudad de Santa Mar\u00eda, en la que un incendio el domingo dej\u00f3 al menos 231 muertos y 118 heridos.<\/p>\n","protected":false},"author":4,"featured_media":0,"comment_status":"open","ping_status":"open","sticky":false,"template":"","format":"standard","meta":{"_jetpack_newsletter_access":"","_jetpack_dont_email_post_to_subs":false,"_jetpack_newsletter_tier_id":0,"_jetpack_memberships_contains_paywalled_content":false,"_jetpack_memberships_contains_paid_content":false,"footnotes":""},"categories":[1],"tags":[],"class_list":["post-13955","post","type-post","status-publish","format-standard","hentry","category-sociedad"],"jetpack_featured_media_url":"","jetpack_shortlink":"https:\/\/wp.me\/p2JWE0-3D5","jetpack-related-posts":[{"id":13984,"url":"https:\/\/www.24baires.com\/?p=13984","url_meta":{"origin":13955,"position":0},"title":"Son 75 las personas en estado cr\u00edtico tras la tragedia de Kiss","author":"AF","date":"29\/01\/2013","format":false,"excerpt":"As\u00ed lo informaron autoridades sanitarias brasile\u00f1as, en tanto el n\u00famero de muertes tras el incendio en el boliche de Santa Mar\u00eda fue establecido en 234 personas por la jefatura de investigaciones. En una conferencia de prensa divulgada por el diario O Globo, el ministro de Salud brasile\u00f1o, Alexandre Padilha, inform\u00f3\u2026","rel":"","context":"En \u00abSociedad\u00bb","block_context":{"text":"Sociedad","link":"https:\/\/www.24baires.com\/?cat=1"},"img":{"alt_text":"porto alegre cementerio","src":"https:\/\/i0.wp.com\/www.24baires.com\/wp-content\/uploads\/2013\/01\/porto-alegre-cementerio-300x199.jpg?resize=350%2C200","width":350,"height":200},"classes":[]},{"id":13858,"url":"https:\/\/www.24baires.com\/?p=13858","url_meta":{"origin":13955,"position":1},"title":"Ya hay tres detenidos por la tragedia de Porto Alegre","author":"AF","date":"28\/01\/2013","format":false,"excerpt":"Los detenidos son uno de los propietarios de la discoteca y dos de los m\u00fasicos que actuaron en la madrugada de ayer en la discoteca de la ciudad de Santa Mar\u00eda, donde se desat\u00f3 el incendio. En tanto desde Argentina parti\u00f3 este mediod\u00eda, hacia esa ciudad del sur brasile\u00f1o, un\u2026","rel":"","context":"En \u00abSociedad\u00bb","block_context":{"text":"Sociedad","link":"https:\/\/www.24baires.com\/?cat=1"},"img":{"alt_text":"velorio porto alegre","src":"https:\/\/i0.wp.com\/www.24baires.com\/wp-content\/uploads\/2013\/01\/velorio-porto-alegre.jpg?resize=350%2C200","width":350,"height":200},"classes":[]},{"id":14265,"url":"https:\/\/www.24baires.com\/?p=14265","url_meta":{"origin":13955,"position":2},"title":"Suman 236 los muertos en la discoteca Kiss de Brasil","author":"AF","date":"01\/02\/2013","format":false,"excerpt":"La cifra de v\u00edctimas por el incendio de la discoteca Kiss, en Santa Mar\u00eda, se elev\u00f3 tras la muerte de un joven de 20 a\u00f1os que se encontraba internado a ra\u00edz de las graves quemaduras que sufri\u00f3 el domingo pasado, informaron fuentes oficiales. Se trata de Matheus Raschen, quien muri\u00f3\u2026","rel":"","context":"En \u00abSociedad\u00bb","block_context":{"text":"Sociedad","link":"https:\/\/www.24baires.com\/?cat=1"},"img":{"alt_text":"incendio porto alegre","src":"https:\/\/i0.wp.com\/www.24baires.com\/wp-content\/uploads\/2013\/02\/incendio-porto-alegre-300x238.jpg?resize=350%2C200","width":350,"height":200},"classes":[]},{"id":13684,"url":"https:\/\/www.24baires.com\/?p=13684","url_meta":{"origin":13955,"position":3},"title":"Tragedia en Porto Alegre: son 232 los j\u00f3venes muertos en la discoteca","author":"Grupo Sierra","date":"27\/01\/2013","format":false,"excerpt":"Las v\u00edctimas mortales por el incendio ocurrido hoy en un local nocturno de la ciudad brasile\u00f1a de Santa Mar\u00eda llegar\u00edan a 240, de acuerdo a las \u00faltimas estimaciones del Cuerpo de Bomberos al canal GloboNews. En tanto, la Agencia Brasile\u00f1a de Noticias EBC, informa que la Prefectura y Defensa Civil\u2026","rel":"","context":"En \u00ab\u00daltimo Momento\u00bb","block_context":{"text":"\u00daltimo Momento","link":"https:\/\/www.24baires.com\/?cat=55"},"img":{"alt_text":"","src":"","width":0,"height":0},"classes":[]},{"id":108637,"url":"https:\/\/www.24baires.com\/?p=108637","url_meta":{"origin":13955,"position":4},"title":"El anuncio de la moneda com\u00fan para Brasil y Argentina fue inmediatamente desmentido","author":"AF","date":"07\/06\/2019","format":false,"excerpt":"El Banco Central brasile\u00f1o sali\u00f3 al cruce acerca de que exista el proyecto de la moneda \"peso real\". Mientras el Mercosur se debilita, varios dirigentes de la oposici\u00f3n subrayaron la \"irresponsabilidad\" de la propuesta en econom\u00edas tan asim\u00e9tricas como las de la Argentina y Brasil, y recordaron las distorsiones que\u2026","rel":"","context":"En \u00abPol\u00edtica\u00bb","block_context":{"text":"Pol\u00edtica","link":"https:\/\/www.24baires.com\/?cat=51"},"img":{"alt_text":"","src":"https:\/\/i0.wp.com\/www.24baires.com\/wp-content\/uploads\/2019\/06\/bolsonaro-macri-1.jpg?resize=350%2C200","width":350,"height":200,"srcset":"https:\/\/i0.wp.com\/www.24baires.com\/wp-content\/uploads\/2019\/06\/bolsonaro-macri-1.jpg?resize=350%2C200 1x, https:\/\/i0.wp.com\/www.24baires.com\/wp-content\/uploads\/2019\/06\/bolsonaro-macri-1.jpg?resize=525%2C300 1.5x"},"classes":[]},{"id":119488,"url":"https:\/\/www.24baires.com\/?p=119488","url_meta":{"origin":13955,"position":5},"title":"Fern\u00e1ndez visitar\u00e1 a Lula da Silva tras su triunfo electoral","author":"GB","date":"31\/10\/2022","format":false,"excerpt":"Los brasile\u00f1os llevaron a Lula al lugar en el que est\u00e1 hoy: es merecido y le hace mucho bien a la regi\u00f3n, porque es un l\u00edder regional muy importante\u201d, analiz\u00f3 Fern\u00e1ndez. El presidente Alberto Fern\u00e1ndez viajar\u00e1 este lunes a hacia Brasil para reunirse en San Pablo con el electo presidente\u2026","rel":"","context":"En \u00abPol\u00edtica\u00bb","block_context":{"text":"Pol\u00edtica","link":"https:\/\/www.24baires.com\/?cat=51"},"img":{"alt_text":"","src":"https:\/\/i0.wp.com\/www.24baires.com\/wp-content\/uploads\/2022\/10\/alberto-fernandez-y-lula-da-silva-1428972.jpg?resize=350%2C200","width":350,"height":200,"srcset":"https:\/\/i0.wp.com\/www.24baires.com\/wp-content\/uploads\/2022\/10\/alberto-fernandez-y-lula-da-silva-1428972.jpg?resize=350%2C200 1x, https:\/\/i0.wp.com\/www.24baires.com\/wp-content\/uploads\/2022\/10\/alberto-fernandez-y-lula-da-silva-1428972.jpg?resize=525%2C300 1.5x, https:\/\/i0.wp.com\/www.24baires.com\/wp-content\/uploads\/2022\/10\/alberto-fernandez-y-lula-da-silva-1428972.jpg?resize=700%2C400 2x"},"classes":[]}],"jetpack_sharing_enabled":true,"jetpack_likes_enabled":true,"_links":{"self":[{"href":"https:\/\/www.24baires.com\/index.php?rest_route=\/wp\/v2\/posts\/13955","targetHints":{"allow":["GET"]}}],"collection":[{"href":"https:\/\/www.24baires.com\/index.php?rest_route=\/wp\/v2\/posts"}],"about":[{"href":"https:\/\/www.24baires.com\/index.php?rest_route=\/wp\/v2\/types\/post"}],"author":[{"embeddable":true,"href":"https:\/\/www.24baires.com\/index.php?rest_route=\/wp\/v2\/users\/4"}],"replies":[{"embeddable":true,"href":"https:\/\/www.24baires.com\/index.php?rest_route=%2Fwp%2Fv2%2Fcomments&post=13955"}],"version-history":[{"count":1,"href":"https:\/\/www.24baires.com\/index.php?rest_route=\/wp\/v2\/posts\/13955\/revisions"}],"predecessor-version":[{"id":13957,"href":"https:\/\/www.24baires.com\/index.php?rest_route=\/wp\/v2\/posts\/13955\/revisions\/13957"}],"wp:attachment":[{"href":"https:\/\/www.24baires.com\/index.php?rest_route=%2Fwp%2Fv2%2Fmedia&parent=13955"}],"wp:term":[{"taxonomy":"category","embeddable":true,"href":"https:\/\/www.24baires.com\/index.php?rest_route=%2Fwp%2Fv2%2Fcategories&post=13955"},{"taxonomy":"post_tag","embeddable":true,"href":"https:\/\/www.24baires.com\/index.php?rest_route=%2Fwp%2Fv2%2Ftags&post=13955"}],"curies":[{"name":"wp","href":"https:\/\/api.w.org\/{rel}","templated":true}]}}