{"id":13952,"date":"2013-01-29T14:28:17","date_gmt":"2013-01-29T17:28:17","guid":{"rendered":"http:\/\/www.24baires.com\/?p=13952"},"modified":"2013-01-29T15:20:17","modified_gmt":"2013-01-29T18:20:17","slug":"es-positivo-que-se-haya-elevado-el-minimo-no-imponible-considero-yasky","status":"publish","type":"post","link":"https:\/\/www.24baires.com\/?p=13952","title":{"rendered":"\u00abEs positivo que se haya elevado el m\u00ednimo no imponible\u00bb, consider\u00f3 Yasky"},"content":{"rendered":"<p>El secretario general de la CTA celebr\u00f3 el anuncio realizado el pasado lunes por la Presidenta y destac\u00f3 el \u00abgran esfuerzo que se est\u00e1 haciendo para sostener el nivel de empleo\u00bb en la Argentina.<!--more--><\/p>\n<p>\u00abEra un anuncio muy esperado\u00bb destac\u00f3 el titular de la CTA en declaraciones luego de la reuni\u00f3n que mantuvo esta ma\u00f1ana la central sindical que encabeza con el director general de la OIT, Guy Ryder.<\/p>\n<p>El dirigente gremial agreg\u00f3 que \u00abtodos los argentinos somos conscientes de que se est\u00e1 haciendo un gran esfuerzo para sostener el nivel de empleo\u00bb porque \u00abcuando se subsidia a la industria no se le est\u00e1 haciendo un favor a los empresarios sino que se est\u00e1 dando la posibilidad de que nuestra industria pueda seguir existiendo\u00bb.<\/p>\n<p>\u00abSer\u00eda muy f\u00e1cil para bajar los precios hacer que entren productos de afuera, pero dejar\u00edamos un tendal de desocupados\u00bb, asegur\u00f3 Yasky.<\/p>\n<p>En ese sentido, el secretario general de la CTA dijo que \u00abes muy bueno que en un a\u00f1o como el pasado, la desocupaci\u00f3n haya bajado un poquito\u00bb.<\/p>\n<p>Y remarc\u00f3: \u00abLos trabajadores no nos tenemos que olvidar que cuando hay desocupaci\u00f3n masiva se termina la discusi\u00f3n salarial porque el empleador impone las condiciones; ya lo vivimos en los 90\u00bb.<\/p>\n<p>\u00abPara que haya discusi\u00f3n salarial tiene que haber empleo y para que haya empleo tiene que haber un Estado que tenga una fuerte presencia en la econom\u00eda\u00bb, asever\u00f3.<\/p>\n<p>En esa l\u00ednea, tambi\u00e9n advirti\u00f3 que \u00abtodos los que dicen que el Estado se debe retirar y dejar que los empresarios y la econom\u00eda se desenvuelva sola, lo que est\u00e1n diciendo es volver al capitalismo salvaje que nos destruy\u00f3 en los 90\u00bb.<\/p>\n<p>\u00abNo compremos espejitos de colores de los que nos quieren llevar a discutir cada seis meses salarios para que la historia termine con una inflaci\u00f3n que haga estallar el modelo y que nosotros paguemos los platos rotos de la devaluaci\u00f3n que muchos p\u00edcaros empresarios est\u00e1n pidiendo a gritos\u00bb, concluy\u00f3.<\/p>\n<p>Asimismo, Yasky asegur\u00f3 que \u00abtodos estos temas y el trabajo no registrado\u00bb fueron abordados esta ma\u00f1ana en la reuni\u00f3n que mantuvo la central sindical con el director general de la OIT, Guy Ryder.<\/p>\n<p>Tambi\u00e9n, el titular de la CTA dijo sobre el encuentro que \u00able informamos que el ministro de Trabajo (Carlos Tomada) asumi\u00f3 el compromiso de convocar a discutir reducci\u00f3n del trabajo no registrado\u00bb y que Ryder \u00abtom\u00f3 como algo muy positivo que se va a aprobar una ley para convertir en un delito penal la contrataci\u00f3n de trabajo infantil en la Argentina y la ley para empleadas de casa particulares\u00bb.<\/p>\n<p>&nbsp;<\/p>\n<p>&nbsp;<\/p>\n<p>&nbsp;<\/p>\n<p>&nbsp;<\/p>\n<p>&nbsp;<\/p>\n<p>&nbsp;<\/p>\n<p>&nbsp;<\/p>\n<p>&nbsp;<\/p>\n<p>&nbsp;<\/p>\n<p>&nbsp;<\/p>\n<p>&nbsp;<\/p>\n<p>&nbsp;<\/p>\n<p>&nbsp;<\/p>\n<p>&nbsp;<\/p>\n<p>&nbsp;<\/p>\n<p>&nbsp;<\/p>\n<p>&nbsp;<\/p>\n<p>&nbsp;<\/p>\n<p>&nbsp;<\/p>\n","protected":false},"excerpt":{"rendered":"<p>El secretario general de la CTA celebr\u00f3 el anuncio realizado el pasado lunes por la Presidenta y destac\u00f3 el \u00abgran esfuerzo que se est\u00e1 haciendo para sostener el nivel de empleo\u00bb en la Argentina.<\/p>\n","protected":false},"author":4,"featured_media":0,"comment_status":"open","ping_status":"open","sticky":false,"template":"","format":"standard","meta":{"_jetpack_newsletter_access":"","_jetpack_dont_email_post_to_subs":false,"_jetpack_newsletter_tier_id":0,"_jetpack_memberships_contains_paywalled_content":false,"_jetpack_memberships_contains_paid_content":false,"footnotes":""},"categories":[1],"tags":[],"class_list":["post-13952","post","type-post","status-publish","format-standard","hentry","category-sociedad"],"jetpack_featured_media_url":"","jetpack_shortlink":"https:\/\/wp.me\/p2JWE0-3D2","jetpack-related-posts":[{"id":107509,"url":"https:\/\/www.24baires.com\/?p=107509","url_meta":{"origin":13952,"position":0},"title":"Sin huelga, las principales centrales de trabajadores se movilizar\u00e1n este jueves","author":"AF","date":"03\/04\/2019","format":false,"excerpt":"La CGT, el Frente Sindical, las CTA y los movimientos sociales se manifestar\u00e1n en rechazo a las pol\u00edticas del gobierno de Mauricio Macri. \"Tenemos las mejores expectativas para la movilizaci\u00f3n, que creo ser\u00e1 important\u00edsima y va a poner el acento en la discusi\u00f3n de un modelo de pa\u00eds distinto al\u2026","rel":"","context":"En \u00abSociedad\u00bb","block_context":{"text":"Sociedad","link":"https:\/\/www.24baires.com\/?cat=1"},"img":{"alt_text":"","src":"https:\/\/i0.wp.com\/www.24baires.com\/wp-content\/uploads\/2019\/04\/cgt.jpg?resize=350%2C200","width":350,"height":200,"srcset":"https:\/\/i0.wp.com\/www.24baires.com\/wp-content\/uploads\/2019\/04\/cgt.jpg?resize=350%2C200 1x, https:\/\/i0.wp.com\/www.24baires.com\/wp-content\/uploads\/2019\/04\/cgt.jpg?resize=525%2C300 1.5x"},"classes":[]},{"id":104629,"url":"https:\/\/www.24baires.com\/?p=104629","url_meta":{"origin":13952,"position":1},"title":"Con una masiva movilizaci\u00f3n, arranc\u00f3 el paro de las CTA","author":"AF","date":"24\/09\/2018","format":false,"excerpt":"Durante el acto de cierre de la primera jornada de protesta organizada por las dos CTA, Camioneros y otros gremios adheridos a la CGT, que ma\u00f1ana concretar\u00e1 el cuarto paro general contra las pol\u00edticas econ\u00f3micas sociales de la alianza gobernante, Yasky sostuvo que \"como lo hicimos despu\u00e9s del golpe del\u2026","rel":"","context":"En \u00abSociedad\u00bb","block_context":{"text":"Sociedad","link":"https:\/\/www.24baires.com\/?cat=1"},"img":{"alt_text":"","src":"https:\/\/i0.wp.com\/www.24baires.com\/wp-content\/uploads\/2018\/09\/marcha.jpeg?resize=350%2C200","width":350,"height":200,"srcset":"https:\/\/i0.wp.com\/www.24baires.com\/wp-content\/uploads\/2018\/09\/marcha.jpeg?resize=350%2C200 1x, https:\/\/i0.wp.com\/www.24baires.com\/wp-content\/uploads\/2018\/09\/marcha.jpeg?resize=525%2C300 1.5x"},"classes":[]},{"id":107626,"url":"https:\/\/www.24baires.com\/?p=107626","url_meta":{"origin":13952,"position":2},"title":"Moyano llam\u00f3 a un paro general y cruz\u00f3 a la c\u00fapula de la CGT","author":"AF","date":"11\/04\/2019","format":false,"excerpt":"El l\u00edder de camioneros asegur\u00f3 que se llevar\u00e1 a cabo una huelga general para el 30 de abril. En este sentido, le reclam\u00f3 a la CGT que tome cartas en el asunto. \"No reaccionan\", se quej\u00f3 el dirigente. Los gremios disidentes a la CGT, encabezados por Hugo Moyano y las\u2026","rel":"","context":"En \u00abSociedad\u00bb","block_context":{"text":"Sociedad","link":"https:\/\/www.24baires.com\/?cat=1"},"img":{"alt_text":"","src":"https:\/\/i0.wp.com\/www.24baires.com\/wp-content\/uploads\/2018\/05\/moyano.jpg?resize=350%2C200","width":350,"height":200,"srcset":"https:\/\/i0.wp.com\/www.24baires.com\/wp-content\/uploads\/2018\/05\/moyano.jpg?resize=350%2C200 1x, https:\/\/i0.wp.com\/www.24baires.com\/wp-content\/uploads\/2018\/05\/moyano.jpg?resize=525%2C300 1.5x"},"classes":[]},{"id":101061,"url":"https:\/\/www.24baires.com\/?p=101061","url_meta":{"origin":13952,"position":3},"title":"Masiva protesta contra el desmantelamiento de los programas sociales","author":"AF","date":"14\/03\/2018","format":false,"excerpt":"Hoy marcharon contra la eliminaci\u00f3n de planes de empleo los cooperativistas. Ma\u00f1ana se moviliza la izquierda, a la sede del Ministerio de Trabajo y a la de Desarrollo Social. La Confederaci\u00f3n Nacional de Cooperativas de Trabajo, el Frente por el Trabajo y la Dignidad Milagro Sala y el Frente Barrial\u2026","rel":"","context":"En \u00abSociedad\u00bb","block_context":{"text":"Sociedad","link":"https:\/\/www.24baires.com\/?cat=1"},"img":{"alt_text":"","src":"https:\/\/i0.wp.com\/www.24baires.com\/wp-content\/uploads\/2018\/03\/marcha.jpg?resize=350%2C200","width":350,"height":200,"srcset":"https:\/\/i0.wp.com\/www.24baires.com\/wp-content\/uploads\/2018\/03\/marcha.jpg?resize=350%2C200 1x, https:\/\/i0.wp.com\/www.24baires.com\/wp-content\/uploads\/2018\/03\/marcha.jpg?resize=525%2C300 1.5x"},"classes":[]},{"id":114880,"url":"https:\/\/www.24baires.com\/?p=114880","url_meta":{"origin":13952,"position":4},"title":"Exigen que los comerciantes paguen s\u00f3lo el 50% de alquiler","author":"GB","date":"30\/04\/2020","format":false,"excerpt":"La Confederaci\u00f3n General Empresaria de la Rep\u00fablica Argentina (CGERA) solicita que los alquileres sean consensuados con los propietarios asumiendo la mitad cada una de las partes. La propuesta presentada incluye a todo inmueble comercial: local de venta minorista, propiedad industrial, oficinas, consultorios o dep\u00f3sito de mercader\u00eda, sea temporario o por\u2026","rel":"","context":"En \u00abSociedad\u00bb","block_context":{"text":"Sociedad","link":"https:\/\/www.24baires.com\/?cat=1"},"img":{"alt_text":"","src":"https:\/\/i0.wp.com\/www.24baires.com\/wp-content\/uploads\/2020\/04\/comercios.jpeg?resize=350%2C200","width":350,"height":200,"srcset":"https:\/\/i0.wp.com\/www.24baires.com\/wp-content\/uploads\/2020\/04\/comercios.jpeg?resize=350%2C200 1x, https:\/\/i0.wp.com\/www.24baires.com\/wp-content\/uploads\/2020\/04\/comercios.jpeg?resize=525%2C300 1.5x"},"classes":[]},{"id":101883,"url":"https:\/\/www.24baires.com\/?p=101883","url_meta":{"origin":13952,"position":5},"title":"La CTA-A anunci\u00f3 elecciones y un paro nacional para el pr\u00f3ximo 10 de mayo","author":"GB","date":"29\/04\/2018","format":false,"excerpt":"Luego de que se celebrara el Congreso Ordinario y Extraordinario de la CTA-Aut\u00f3noma, las principales resoluciones apuntaron llevar a cabo elecciones internas para agosto, as\u00ed como un paro nacional para el pr\u00f3ximo jueves 10 de mayo. \u201cRepudiar el ajuste, el techo a las paritarias, los despidos, la precarizaci\u00f3n laboral, la\u2026","rel":"","context":"En \u00abPol\u00edtica\u00bb","block_context":{"text":"Pol\u00edtica","link":"https:\/\/www.24baires.com\/?cat=51"},"img":{"alt_text":"","src":"https:\/\/i0.wp.com\/www.24baires.com\/wp-content\/uploads\/2018\/04\/cta.jpg?resize=350%2C200","width":350,"height":200,"srcset":"https:\/\/i0.wp.com\/www.24baires.com\/wp-content\/uploads\/2018\/04\/cta.jpg?resize=350%2C200 1x, https:\/\/i0.wp.com\/www.24baires.com\/wp-content\/uploads\/2018\/04\/cta.jpg?resize=525%2C300 1.5x"},"classes":[]}],"jetpack_sharing_enabled":true,"jetpack_likes_enabled":true,"_links":{"self":[{"href":"https:\/\/www.24baires.com\/index.php?rest_route=\/wp\/v2\/posts\/13952","targetHints":{"allow":["GET"]}}],"collection":[{"href":"https:\/\/www.24baires.com\/index.php?rest_route=\/wp\/v2\/posts"}],"about":[{"href":"https:\/\/www.24baires.com\/index.php?rest_route=\/wp\/v2\/types\/post"}],"author":[{"embeddable":true,"href":"https:\/\/www.24baires.com\/index.php?rest_route=\/wp\/v2\/users\/4"}],"replies":[{"embeddable":true,"href":"https:\/\/www.24baires.com\/index.php?rest_route=%2Fwp%2Fv2%2Fcomments&post=13952"}],"version-history":[{"count":2,"href":"https:\/\/www.24baires.com\/index.php?rest_route=\/wp\/v2\/posts\/13952\/revisions"}],"predecessor-version":[{"id":13954,"href":"https:\/\/www.24baires.com\/index.php?rest_route=\/wp\/v2\/posts\/13952\/revisions\/13954"}],"wp:attachment":[{"href":"https:\/\/www.24baires.com\/index.php?rest_route=%2Fwp%2Fv2%2Fmedia&parent=13952"}],"wp:term":[{"taxonomy":"category","embeddable":true,"href":"https:\/\/www.24baires.com\/index.php?rest_route=%2Fwp%2Fv2%2Fcategories&post=13952"},{"taxonomy":"post_tag","embeddable":true,"href":"https:\/\/www.24baires.com\/index.php?rest_route=%2Fwp%2Fv2%2Ftags&post=13952"}],"curies":[{"name":"wp","href":"https:\/\/api.w.org\/{rel}","templated":true}]}}