{"id":13946,"date":"2013-01-29T14:02:39","date_gmt":"2013-01-29T17:02:39","guid":{"rendered":"http:\/\/www.24baires.com\/?p=13946"},"modified":"2013-01-29T13:05:47","modified_gmt":"2013-01-29T16:05:47","slug":"julio-grondona-anticipo-que-dejara-la-afa-en-2015","status":"publish","type":"post","link":"https:\/\/www.24baires.com\/?p=13946","title":{"rendered":"Julio Grondona anticip\u00f3 que dejar\u00e1 la AFA en 2015"},"content":{"rendered":"<p><img data-recalc-dims=\"1\" loading=\"lazy\" decoding=\"async\" class=\"alignleft size-full wp-image-13947\" alt=\"grondona julio\" src=\"https:\/\/i0.wp.com\/www.24baires.com\/wp-content\/uploads\/2013\/01\/grondona-julio.jpg?resize=271%2C186\" width=\"271\" height=\"186\" \/>Julio Humberto Grondona dejar\u00e1 el sill\u00f3n de la AFA a los 85 a\u00f1os. Seg\u00fan anunci\u00f3 \u00e9l mismo, al finalizar su mandato ya no volver\u00e1 a presentarse como candidato y le dejar\u00e1 el lugar a \u201cdirigentes j\u00f3venes\u201d. As\u00ed, el f\u00fatbol argentino cambiar\u00e1 de presidente luego de 36 a\u00f1os.<!--more--><\/p>\n<p>\u00abTengo un cargo muy importante a nivel internacional y se perder\u00eda ese cupo para representar a Argentina y Latinoam\u00e9rica a nivel mundial\u00bb, dijo Grondona a Radio 10 en referencia al motivo por el cual todav\u00eda conserva su puesto en AFA a pesar de \u00abestar cansado\u00bb. En la FIFA, Don Julio es vicepresidente y uno de los responsables de administrar la entidad que rige el f\u00fatbol mundial.<\/p>\n<p>\u00abEl mandato es hasta 2015 y lo voy a cumplir. Despu\u00e9s vendr\u00e1n los m\u00e1s j\u00f3venes y la nueva camada de dirigentes a reemplazarme\u00bb, admiti\u00f3.<\/p>\n<p>Durante su mandato, la Selecci\u00f3n logr\u00f3 el Mundial de M\u00e9xico en el 86, adem\u00e1s de dos Juegos Ol\u00edmpicos y 5 t\u00edtulos Sub 20. Los juveniles, justo en el ocaso de su ciclo, est\u00e1n en el ojo de la tormenta luego de varios fracasos.<\/p>\n<p>&nbsp;<\/p>\n<p>&nbsp;<\/p>\n<p>&nbsp;<\/p>\n<p>&nbsp;<\/p>\n<p>&nbsp;<\/p>\n<p>&nbsp;<\/p>\n<p>&nbsp;<\/p>\n<p>&nbsp;<\/p>\n<p>&nbsp;<\/p>\n<p>&nbsp;<\/p>\n<p>&nbsp;<\/p>\n<p>&nbsp;<\/p>\n<p>&nbsp;<\/p>\n<p>&nbsp;<\/p>\n<p>&nbsp;<\/p>\n<p>&nbsp;<\/p>\n<p>&nbsp;<\/p>\n<p>&nbsp;<\/p>\n<p>&nbsp;<\/p>\n<p>&nbsp;<\/p>\n<p>&nbsp;<\/p>\n","protected":false},"excerpt":{"rendered":"<p>Julio Humberto Grondona dejar\u00e1 el sill\u00f3n de la AFA a los 85 a\u00f1os. Seg\u00fan anunci\u00f3 \u00e9l mismo, al finalizar su mandato ya no volver\u00e1 a presentarse como candidato y le dejar\u00e1 el lugar a \u201cdirigentes j\u00f3venes\u201d. As\u00ed, el f\u00fatbol argentino cambiar\u00e1 de presidente luego de 36 a\u00f1os.<\/p>\n","protected":false},"author":4,"featured_media":0,"comment_status":"open","ping_status":"open","sticky":false,"template":"","format":"standard","meta":{"_jetpack_newsletter_access":"","_jetpack_dont_email_post_to_subs":false,"_jetpack_newsletter_tier_id":0,"_jetpack_memberships_contains_paywalled_content":false,"_jetpack_memberships_contains_paid_content":false,"footnotes":""},"categories":[1],"tags":[],"class_list":["post-13946","post","type-post","status-publish","format-standard","hentry","category-sociedad"],"jetpack_featured_media_url":"","jetpack_shortlink":"https:\/\/wp.me\/p2JWE0-3CW","jetpack-related-posts":[{"id":50834,"url":"https:\/\/www.24baires.com\/?p=50834","url_meta":{"origin":13946,"position":0},"title":"Luis Segura ser\u00e1 el presidente de la AFA hasta la Asamblea de octubre","author":"GB","date":"30\/07\/2014","format":false,"excerpt":"Lo confirm\u00f3 Ernesto Cherquis Bialo, director de Medios y Comunicaci\u00f3n de la AFA. Asegur\u00f3 que se decidir\u00e1 qui\u00e9n presidir\u00e1 la entidad hasta 2015, cuando venc\u00eda el mandato de Grondona. \"Luis Segura ser\u00e1 el presidente de la AFA hasta la Asamblea del 2014, que ser\u00e1 en octubre, en ese momento el\u2026","rel":"","context":"En \u00abGeneral\u00bb","block_context":{"text":"General","link":"https:\/\/www.24baires.com\/?cat=67"},"img":{"alt_text":"segura","src":"https:\/\/i0.wp.com\/www.24baires.com\/wp-content\/uploads\/2014\/07\/segura-300x200.jpg?resize=350%2C200","width":350,"height":200},"classes":[]},{"id":50809,"url":"https:\/\/www.24baires.com\/?p=50809","url_meta":{"origin":13946,"position":1},"title":"Luego de una operaci\u00f3n card\u00edaca muri\u00f3 Julio Humberto Grondona","author":"Grupo Sierra","date":"30\/07\/2014","format":false,"excerpt":"El presidente de la AFA hab\u00eda sido internado esta madrugada en un sanatorio porte\u00f1o a causa de una afecci\u00f3n card\u00edaca que le produjo un aneurisma en la aorta. El presidente de la Asociaci\u00f3n del F\u00fatbol Argentino (AFA), Julio Humberto Grondona, falleci\u00f3 hoy a los 82 a\u00f1os a causa de una\u2026","rel":"","context":"En \u00abGeneral\u00bb","block_context":{"text":"General","link":"https:\/\/www.24baires.com\/?cat=67"},"img":{"alt_text":"grondona julio","src":"https:\/\/i0.wp.com\/www.24baires.com\/wp-content\/uploads\/2014\/07\/grondona-julio.jpg?resize=350%2C200","width":350,"height":200,"srcset":"https:\/\/i0.wp.com\/www.24baires.com\/wp-content\/uploads\/2014\/07\/grondona-julio.jpg?resize=350%2C200 1x, https:\/\/i0.wp.com\/www.24baires.com\/wp-content\/uploads\/2014\/07\/grondona-julio.jpg?resize=525%2C300 1.5x"},"classes":[]},{"id":75937,"url":"https:\/\/www.24baires.com\/?p=75937","url_meta":{"origin":13946,"position":2},"title":"\u00bfSegura o Tinelli? Hoy la AFA elige qui\u00e9n ser\u00e1 su nuevo presidente","author":"AF","date":"03\/12\/2015","format":false,"excerpt":"Las elecciones que se realizar\u00e1n hoy en AFA, a desarrollarse en el predio de Ezeiza desde las 19, ser\u00e1n un hecho hist\u00f3rico para el f\u00fatbol argentino, aunque se desarrolle fuera de un campo de juego, porque tanto el presidente en ejercicio, Luis Segura, como el otro aspirante al cargo, Marcelo\u2026","rel":"","context":"En \u00abDeportes\u00bb","block_context":{"text":"Deportes","link":"https:\/\/www.24baires.com\/?cat=12"},"img":{"alt_text":"segura tinelli","src":"https:\/\/i0.wp.com\/www.24baires.com\/wp-content\/uploads\/2015\/12\/segura-tinelli.jpg?resize=350%2C200","width":350,"height":200,"srcset":"https:\/\/i0.wp.com\/www.24baires.com\/wp-content\/uploads\/2015\/12\/segura-tinelli.jpg?resize=350%2C200 1x, https:\/\/i0.wp.com\/www.24baires.com\/wp-content\/uploads\/2015\/12\/segura-tinelli.jpg?resize=525%2C300 1.5x"},"classes":[]},{"id":41645,"url":"https:\/\/www.24baires.com\/?p=41645","url_meta":{"origin":13946,"position":3},"title":"Grondona: \u00abLa AFA no tuvo propuestas para organizar el Mundial de clubes\u00bb","author":"Grupo Sierra","date":"06\/03\/2014","format":false,"excerpt":"La entidad presidida por Julio Grondona neg\u00f3 la versi\u00f3n por la cual la FIFA haya abierto las sedes para este evento futbol\u00edstico y que la Argentina sea una de los postulantes para albergarlo. En la sede de la Asociaci\u00f3n del F\u00fatbol Argentino (AFA) desconocieron que la instituci\u00f3n fuera a presentar\u2026","rel":"","context":"En \u00abGeneral\u00bb","block_context":{"text":"General","link":"https:\/\/www.24baires.com\/?cat=67"},"img":{"alt_text":"grondona","src":"https:\/\/i0.wp.com\/www.24baires.com\/wp-content\/uploads\/2014\/03\/grondona.jpg?resize=350%2C200","width":350,"height":200,"srcset":"https:\/\/i0.wp.com\/www.24baires.com\/wp-content\/uploads\/2014\/03\/grondona.jpg?resize=350%2C200 1x, https:\/\/i0.wp.com\/www.24baires.com\/wp-content\/uploads\/2014\/03\/grondona.jpg?resize=525%2C300 1.5x"},"classes":[]},{"id":45957,"url":"https:\/\/www.24baires.com\/?p=45957","url_meta":{"origin":13946,"position":4},"title":"\u00abLa ausencia de T\u00e9vez es una cuesti\u00f3n \u00edntima de los jugadores\u201d, asegur\u00f3 Grondona","author":"AF","date":"14\/05\/2014","format":false,"excerpt":"El presidente de la AFA dijo adem\u00e1s que \u201cno es beneficioso que hayan muchos jugadores en el mismo puesto\u201d. El Apache qued\u00f3 afuera de la lista de 30 preseleccionados para el Mundial. Julio Grondona analiz\u00f3 las posibilidades del equipo albiceleste en al cita mundialista y dijo que \u201cpuede llegar tranquilamente\u2026","rel":"","context":"En \u00abSociedad\u00bb","block_context":{"text":"Sociedad","link":"https:\/\/www.24baires.com\/?cat=1"},"img":{"alt_text":"T\u00c9VEZ","src":"https:\/\/i0.wp.com\/www.24baires.com\/wp-content\/uploads\/2014\/05\/T%C3%89VEZ.jpg?resize=350%2C200","width":350,"height":200,"srcset":"https:\/\/i0.wp.com\/www.24baires.com\/wp-content\/uploads\/2014\/05\/T%C3%89VEZ.jpg?resize=350%2C200 1x, https:\/\/i0.wp.com\/www.24baires.com\/wp-content\/uploads\/2014\/05\/T%C3%89VEZ.jpg?resize=525%2C300 1.5x"},"classes":[]},{"id":50862,"url":"https:\/\/www.24baires.com\/?p=50862","url_meta":{"origin":13946,"position":5},"title":"Bilardo dej\u00f3 su puesto porque no tiene \u00abganas de seguir\u00bb","author":"Grupo Sierra","date":"30\/07\/2014","format":false,"excerpt":"Lo asegur\u00f3 tras el fallecimiento de Julio Grondona, presidente de la AFA. El entrenador campe\u00f3n en M\u00e9xico 1986 y subcampe\u00f3n en Italia 1990 ocupaba el cargo de coordinador de selecciones nacionales. Carlos Salvador Bilardo, coordinador de los seleccionados nacionales de f\u00fatbol, confirm\u00f3 que abandonar\u00e1 el cargo, a ra\u00edz de la\u2026","rel":"","context":"En \u00abGeneral\u00bb","block_context":{"text":"General","link":"https:\/\/www.24baires.com\/?cat=67"},"img":{"alt_text":"CARLOS-BILARDO","src":"https:\/\/i0.wp.com\/www.24baires.com\/wp-content\/uploads\/2014\/07\/CARLOS-BILARDO.jpg?resize=350%2C200","width":350,"height":200,"srcset":"https:\/\/i0.wp.com\/www.24baires.com\/wp-content\/uploads\/2014\/07\/CARLOS-BILARDO.jpg?resize=350%2C200 1x, https:\/\/i0.wp.com\/www.24baires.com\/wp-content\/uploads\/2014\/07\/CARLOS-BILARDO.jpg?resize=525%2C300 1.5x"},"classes":[]}],"jetpack_sharing_enabled":true,"jetpack_likes_enabled":true,"_links":{"self":[{"href":"https:\/\/www.24baires.com\/index.php?rest_route=\/wp\/v2\/posts\/13946","targetHints":{"allow":["GET"]}}],"collection":[{"href":"https:\/\/www.24baires.com\/index.php?rest_route=\/wp\/v2\/posts"}],"about":[{"href":"https:\/\/www.24baires.com\/index.php?rest_route=\/wp\/v2\/types\/post"}],"author":[{"embeddable":true,"href":"https:\/\/www.24baires.com\/index.php?rest_route=\/wp\/v2\/users\/4"}],"replies":[{"embeddable":true,"href":"https:\/\/www.24baires.com\/index.php?rest_route=%2Fwp%2Fv2%2Fcomments&post=13946"}],"version-history":[{"count":2,"href":"https:\/\/www.24baires.com\/index.php?rest_route=\/wp\/v2\/posts\/13946\/revisions"}],"predecessor-version":[{"id":13949,"href":"https:\/\/www.24baires.com\/index.php?rest_route=\/wp\/v2\/posts\/13946\/revisions\/13949"}],"wp:attachment":[{"href":"https:\/\/www.24baires.com\/index.php?rest_route=%2Fwp%2Fv2%2Fmedia&parent=13946"}],"wp:term":[{"taxonomy":"category","embeddable":true,"href":"https:\/\/www.24baires.com\/index.php?rest_route=%2Fwp%2Fv2%2Fcategories&post=13946"},{"taxonomy":"post_tag","embeddable":true,"href":"https:\/\/www.24baires.com\/index.php?rest_route=%2Fwp%2Fv2%2Ftags&post=13946"}],"curies":[{"name":"wp","href":"https:\/\/api.w.org\/{rel}","templated":true}]}}