{"id":13924,"date":"2013-01-29T11:48:51","date_gmt":"2013-01-29T14:48:51","guid":{"rendered":"http:\/\/www.24baires.com\/?p=13924"},"modified":"2013-01-29T11:48:51","modified_gmt":"2013-01-29T14:48:51","slug":"intendentes-cordobeses-repudian-la-decision-de-de-la-sota-de-clausurar-antenas-de-tda","status":"publish","type":"post","link":"https:\/\/www.24baires.com\/?p=13924","title":{"rendered":"Intendentes cordobeses repudian la decisi\u00f3n de De la Sota de clausurar antenas de TDA"},"content":{"rendered":"<p>Los 67 intendentes que integran la `Mesa de Intendentes y Presidentes de Comuna junto al Proyecto Nacional y Popular` manifestaron su \u201cen\u00e9rgico repudio\u201d a la decisi\u00f3n de Jos\u00e9 Manuel de la Sota de clausurar antenas de transmisi\u00f3n de TDA.<!--more--><br \/>\nEl sector pidi\u00f3 al mandatario provincial, mediante un documento, que \u201ccambie esta actitud, mida las consecuencias de su alocada ambici\u00f3n presidencial y entienda de una vez por todas que primero est\u00e1 el pueblo de C\u00f3rdoba y despu\u00e9s sus aspiraciones\u201d.<\/p>\n<p>La reacci\u00f3n lleg\u00f3 tras la tercera clausura de una antena de Televisi\u00f3n Digital Abierta (TDA) en C\u00f3rdoba.<\/p>\n<p>\u00abSabemos claramente que el argumento esgrimido por el gobierno provincial en el sentido de que las antenas no cumplen requisitos ambientales es falaz, y s\u00f3lo es una excusa para esconder la verdadera intenci\u00f3n del gobernador, que de manera ins\u00f3lita prefiere privilegiar a los grandes grupos medi\u00e1ticos concentrados en lugar de facilitar el libre acceso de los cordobeses m\u00e1s postergados a la televisi\u00f3n gratis\u201d, resalta el texto.<\/p>\n<p>A\u00f1ade que \u201cesta actitud no hace m\u00e1s que ratificar el claro inter\u00e9s de De la Sota en beneficiar a los due\u00f1os de los servicios de cable, que no por casualidad est\u00e1n \u00edntimamente ligados a empresas que pertenecen al Grupo Clar\u00edn, principal opositor pol\u00edtico del gobierno nacional\u201d.<\/p>\n<p>En otro de los p\u00e1rrafos los intendentes consideran \u201cincomprensible que nuestro gobernador desconozca la importancia del servicio de TDA; no s\u00f3lo porque est\u00e1 pensado y ejecutado para darle televisi\u00f3n a los m\u00e1s humildes de la sociedad, sino porque clausurar ese servicio es atacar gravemente a la libertad de expresi\u00f3n y el acceso a la informaci\u00f3n de miles y miles de comprovincianos\u201d.<\/p>\n<p>En ese contexto, se manifiestan \u201cmuy preocupados\u201d al preguntarse \u201chasta cu\u00e1ndo el gobernador va a seguir con este manifiesto ataque a todo aquello que promueva el gobierno nacional y popular\u201d.<\/p>\n<p>\u201cLas decisiones pol\u00edticas del gobernador de C\u00f3rdoba en su ambici\u00f3n por ser candidato a presidente est\u00e1n afectando gravemente los intereses de la provincia. No s\u00f3lo por esta absurda clausura de las antenas de televisi\u00f3n gratuita, sino adem\u00e1s por medidas anti populares, como la Tasa Vial, que ha impactado con alt\u00edsimas subas de costos operativos a los municipios, afectando las finanzas de todos los gobiernos locales\u201d, concluye el comunicado.<\/p>\n<p>&nbsp;<\/p>\n<p>&nbsp;<\/p>\n<p>&nbsp;<\/p>\n<p>&nbsp;<\/p>\n<p>&nbsp;<\/p>\n<p>&nbsp;<\/p>\n<p>&nbsp;<\/p>\n<p>&nbsp;<\/p>\n<p>&nbsp;<\/p>\n<p>&nbsp;<\/p>\n<p>&nbsp;<\/p>\n<p>&nbsp;<\/p>\n<p>&nbsp;<\/p>\n<p>&nbsp;<\/p>\n<p>&nbsp;<\/p>\n<p>&nbsp;<\/p>\n<p>&nbsp;<\/p>\n","protected":false},"excerpt":{"rendered":"<p>Los 67 intendentes que integran la `Mesa de Intendentes y Presidentes de Comuna junto al Proyecto Nacional y Popular` manifestaron su \u201cen\u00e9rgico repudio\u201d a la decisi\u00f3n de Jos\u00e9 Manuel de la Sota de clausurar antenas de transmisi\u00f3n de TDA.<\/p>\n","protected":false},"author":4,"featured_media":0,"comment_status":"open","ping_status":"open","sticky":false,"template":"","format":"standard","meta":{"_jetpack_newsletter_access":"","_jetpack_dont_email_post_to_subs":false,"_jetpack_newsletter_tier_id":0,"_jetpack_memberships_contains_paywalled_content":false,"_jetpack_memberships_contains_paid_content":false,"footnotes":""},"categories":[54],"tags":[],"class_list":["post-13924","post","type-post","status-publish","format-standard","hentry","category-medios"],"jetpack_featured_media_url":"","jetpack_shortlink":"https:\/\/wp.me\/p2JWE0-3CA","jetpack-related-posts":[{"id":14743,"url":"https:\/\/www.24baires.com\/?p=14743","url_meta":{"origin":13924,"position":0},"title":"Sabbatella: \u00abDe la Sota no tiene derecho a dejar a los cordobeses cautivos de la TV paga\u00bb","author":"AF","date":"05\/02\/2013","format":false,"excerpt":"El titular de la Afsca, Mart\u00edn Sabbatella, cuestion\u00f3 al gobernador cordob\u00e9s Jos\u00e9 Manuel de la Sota, ya que en el mismo predio en el que clausur\u00f3 una antena de Arsat, permite que funcione una antena de Cablevisi\u00f3n\u201d. Respecto de la decisi\u00f3n del mandatario provincial de clausurar cinco antenas de Televisi\u00f3n\u2026","rel":"","context":"En \u00abMedios\u00bb","block_context":{"text":"Medios","link":"https:\/\/www.24baires.com\/?cat=54"},"img":{"alt_text":"","src":"","width":0,"height":0},"classes":[]},{"id":15573,"url":"https:\/\/www.24baires.com\/?p=15573","url_meta":{"origin":13924,"position":1},"title":"\u00abDe la Sota se dio cuenta de que no iba a poder defender los actos de censura que cometi\u00f3\u00bb","author":"AF","date":"13\/02\/2013","format":false,"excerpt":"Lo afirm\u00f3 el titular de la Afsca, Mart\u00edn Sabbatella, al hacer referencia a la decisi\u00f3n del gobernador cordob\u00e9s de \"dejar sin efecto\" las clausuras de las antenas de la Televisi\u00f3n Digital Abierta (TDA) que hab\u00eda dispuesto en varios municipios de la provincia. \"El gobernador se dio cuenta de que no\u2026","rel":"","context":"En \u00abMedios\u00bb","block_context":{"text":"Medios","link":"https:\/\/www.24baires.com\/?cat=54"},"img":{"alt_text":"","src":"","width":0,"height":0},"classes":[]},{"id":15193,"url":"https:\/\/www.24baires.com\/?p=15193","url_meta":{"origin":13924,"position":2},"title":"Bussi: \u00abDe la Sota sabe que est\u00e1 defendiendo medidas absurdas\u00bb","author":"AF","date":"09\/02\/2013","format":false,"excerpt":"Lorena Bussi, intendenta de Leones, C\u00f3rdoba, asegur\u00f3 que espera \u201cuna pronta respuesta favorable de la Justicia para que se termine esta medida arbitraria y caprichosa del gobernador De la Sota y vuelvan a funcionar las antenas de TDA en C\u00f3rdoba\u201d. Bussi confirm\u00f3 la presentaci\u00f3n por parte de ese municipio de\u2026","rel":"","context":"En \u00abMedios\u00bb","block_context":{"text":"Medios","link":"https:\/\/www.24baires.com\/?cat=54"},"img":{"alt_text":"bussi","src":"https:\/\/i0.wp.com\/www.24baires.com\/wp-content\/uploads\/2013\/02\/bussi.jpg?resize=350%2C200","width":350,"height":200},"classes":[]},{"id":13839,"url":"https:\/\/www.24baires.com\/?p=13839","url_meta":{"origin":13924,"position":3},"title":"El Intendente de Villa Mar\u00eda qued\u00f3 pasmado con la clausura de la TV Digital por De la Sota","author":"Grupo Sierra","date":"28\/01\/2013","format":false,"excerpt":"Eduardo Accastello dijo estar \"azorado\" por la decisi\u00f3n del gobernador Jos\u00e9 Manuel de la Sota de disponer la clausura de la antena de TV Digital en esa localidad cordobesa.\u00a0En este sentido, el jefe comunal adelant\u00f3 que la Municipalidad acompa\u00f1ar\u00e1 una presentaci\u00f3n que realizar\u00e1 ma\u00f1ana ante la Justicia un grupo de\u2026","rel":"","context":"En \u00abMedios\u00bb","block_context":{"text":"Medios","link":"https:\/\/www.24baires.com\/?cat=54"},"img":{"alt_text":"","src":"","width":0,"height":0},"classes":[]},{"id":13551,"url":"https:\/\/www.24baires.com\/?p=13551","url_meta":{"origin":13924,"position":4},"title":"De la Sota clausur\u00f3 otra planta transmisora de Televisi\u00f3n Digital Abierta en C\u00f3rdoba","author":"Grupo Sierra","date":"25\/01\/2013","format":false,"excerpt":"El gobierno de la provincia de C\u00f3rdoba, que encabeza Jos\u00e9 Manuel de la Sota, orden\u00f3 al municipio de Leones el corte del servicio de Televisi\u00f3n Digital Abierta (TDA) en esa ciudad, luego de que en diciembre \u00faltimo adoptara id\u00e9ntica decisi\u00f3n en la localidad de R\u00edo Cuarto.\u00a0La nueva medida de De\u2026","rel":"","context":"En \u00abMedios\u00bb","block_context":{"text":"Medios","link":"https:\/\/www.24baires.com\/?cat=54"},"img":{"alt_text":"","src":"","width":0,"height":0},"classes":[]},{"id":15520,"url":"https:\/\/www.24baires.com\/?p=15520","url_meta":{"origin":13924,"position":5},"title":"Dejan sin efecto \u00abel cese preventivo\u00bb de antenas de TDA en C\u00f3rdoba","author":"AF","date":"13\/02\/2013","format":false,"excerpt":"El gobierno de C\u00f3rdoba resolvi\u00f3 este mi\u00e9rcoles \"dejar sin efecto el cese preventivo para la instalaci\u00f3n de antenas\" de la Televisi\u00f3n Digital Abierta en las localidades de Leones, Malague\u00f1o, Villa Mar\u00eda y Villa Dolores. En ese marco, a trav\u00e9s de una resoluci\u00f3n de la Secretar\u00eda de Ambiente, le otorg\u00f3 a\u2026","rel":"","context":"En \u00abMedios\u00bb","block_context":{"text":"Medios","link":"https:\/\/www.24baires.com\/?cat=54"},"img":{"alt_text":"de la sota","src":"https:\/\/i0.wp.com\/www.24baires.com\/wp-content\/uploads\/2013\/02\/de-la-sota.jpg?resize=350%2C200","width":350,"height":200,"srcset":"https:\/\/i0.wp.com\/www.24baires.com\/wp-content\/uploads\/2013\/02\/de-la-sota.jpg?resize=350%2C200 1x, https:\/\/i0.wp.com\/www.24baires.com\/wp-content\/uploads\/2013\/02\/de-la-sota.jpg?resize=525%2C300 1.5x"},"classes":[]}],"jetpack_sharing_enabled":true,"jetpack_likes_enabled":true,"_links":{"self":[{"href":"https:\/\/www.24baires.com\/index.php?rest_route=\/wp\/v2\/posts\/13924","targetHints":{"allow":["GET"]}}],"collection":[{"href":"https:\/\/www.24baires.com\/index.php?rest_route=\/wp\/v2\/posts"}],"about":[{"href":"https:\/\/www.24baires.com\/index.php?rest_route=\/wp\/v2\/types\/post"}],"author":[{"embeddable":true,"href":"https:\/\/www.24baires.com\/index.php?rest_route=\/wp\/v2\/users\/4"}],"replies":[{"embeddable":true,"href":"https:\/\/www.24baires.com\/index.php?rest_route=%2Fwp%2Fv2%2Fcomments&post=13924"}],"version-history":[{"count":2,"href":"https:\/\/www.24baires.com\/index.php?rest_route=\/wp\/v2\/posts\/13924\/revisions"}],"predecessor-version":[{"id":13926,"href":"https:\/\/www.24baires.com\/index.php?rest_route=\/wp\/v2\/posts\/13924\/revisions\/13926"}],"wp:attachment":[{"href":"https:\/\/www.24baires.com\/index.php?rest_route=%2Fwp%2Fv2%2Fmedia&parent=13924"}],"wp:term":[{"taxonomy":"category","embeddable":true,"href":"https:\/\/www.24baires.com\/index.php?rest_route=%2Fwp%2Fv2%2Fcategories&post=13924"},{"taxonomy":"post_tag","embeddable":true,"href":"https:\/\/www.24baires.com\/index.php?rest_route=%2Fwp%2Fv2%2Ftags&post=13924"}],"curies":[{"name":"wp","href":"https:\/\/api.w.org\/{rel}","templated":true}]}}