{"id":1391,"date":"2012-10-08T10:41:58","date_gmt":"2012-10-08T13:41:58","guid":{"rendered":"http:\/\/www.24baires.com\/?p=1391"},"modified":"2012-10-08T10:41:58","modified_gmt":"2012-10-08T13:41:58","slug":"anuncian-creacion-de-un-sector-industrial-en-copetonas","status":"publish","type":"post","link":"https:\/\/www.24baires.com\/?p=1391","title":{"rendered":"Anuncian creaci\u00f3n de un sector industrial en Copetonas"},"content":{"rendered":"<p><img data-recalc-dims=\"1\" loading=\"lazy\" decoding=\"async\" class=\"alignleft size-medium wp-image-1392\" title=\"andersenfernandezcopetonas\" src=\"https:\/\/i0.wp.com\/www.24baires.com\/wp-content\/uploads\/2012\/10\/andersenfernandezcopetonas.jpg?resize=300%2C216\" alt=\"\" width=\"300\" height=\"216\" srcset=\"https:\/\/i0.wp.com\/www.24baires.com\/wp-content\/uploads\/2012\/10\/andersenfernandezcopetonas.jpg?resize=300%2C216&amp;ssl=1 300w, https:\/\/i0.wp.com\/www.24baires.com\/wp-content\/uploads\/2012\/10\/andersenfernandezcopetonas.jpg?w=475&amp;ssl=1 475w\" sizes=\"auto, (max-width: 300px) 100vw, 300px\" \/>El Intendente de Tres Arroyos, Carlos S\u00e1nchez, presidi\u00f3 ayer domingo los actos oficiales por el centenario de la localidad: \u00abTenemos pr\u00e1cticamente terminadas las tramitaciones para crear un Parque Industrial en Copetonas. La semana pasada nos entregaron desde la Direcci\u00f3n Provincial de Desarrollo Industrial, el plano de las parcelas donde se radicar\u00edan las empresas\u00bb.<!--more--><br \/>\nLos actos oficiales por el Centenario de Copetonas incluyeron la inauguraci\u00f3n del Museo Regional, un desfile c\u00edvico, el almuerzo del aniversario y espect\u00e1culos musicales, entre otras propuestas, que tuvieron un gran respaldo de la comunidad. La ceremonia realizada en la localidad cont\u00f3 con la presencia de la diputada provincial Marcela Guido; el presidente del Concejo Deliberante, Ricardo Ravella; funcionarios, concejales, autoridades educativas, miembros de las fuerzas de seguridad, representantes de entidades intermedias y p\u00fablico en general, entre ellos muchos ex vecinos de Copetonas quienes viajaron especialmente para participar de los festejos, que culminar\u00e1n en la jornada de hoy.<\/p>\n<p>Durante su alocuci\u00f3n el jefe comunal se refiri\u00f3 a los or\u00edgenes de la localidad y manifest\u00f3 que \u00abla llegada del ferrocarril desde Bah\u00eda Blanca a Coronel Dorrego y la riqueza de estas tierras dieron lugar a la fundaci\u00f3n de Copetonas el 11 de octubre de 1912, luego de que Don Pedro N. Carrera y Manuel Candia donaran para tal fin 1300 hect\u00e1reas de su propiedad\u00bb.<\/p>\n<p>\u00abCopetonenses, es muy importante para los pueblos tener una clara conciencia de sus valores hist\u00f3ricos, porque el rumbo del futuro se afirma volviendo la mirada y el alma hacia nuestras costumbres familiares, cimentadas en la honorabilidad, la dignidad y la honradez\u00bb, destac\u00f3.<\/p>\n<p>S\u00e1nchez detall\u00f3 las principales obras desarrolladas en Copetonas durante su gesti\u00f3n, al se\u00f1alar que \u00abgestionamos y construimos algunas viviendas, logramos el gas por red, ampliamos la red de agua corriente y en poco tiempo m\u00e1s haremos algunas cuadras de cord\u00f3n cuneta\u00bb. \u00abLa obra principal y estrat\u00e9gica es la construcci\u00f3n de la ruta 72, con el acceso al Balneario Reta. Hoy estamos en condiciones de trabajar en estrategias que salen de lo tradicional, la actividad agr\u00edcola y ganadera, y se orientan al turismo y la industria\u00bb, complet\u00f3.<\/p>\n<p>Finalmente, remarc\u00f3 que \u00abdebemos pensar el Centenario de Copetonas como una oportunidad hist\u00f3rica de refundar nuestro pueblo desde lo que realmente somos, de reafirmar nuestros valores m\u00e1s profundos\u00bb.<\/p>\n<p>En el marco de las celebraciones, se produjo el reencuentro de dos copetonenses que combatieron en la Guerra de Malvinas, Blas Fern\u00e1ndez y Jos\u00e9 Andersen, quienes volvieron a verse despu\u00e9s de 30 a\u00f1os. Fern\u00e1ndez form\u00f3 parte de la tripulaci\u00f3n del Crucero General Belgrano, que fue hundido por los ingleses durante el conflicto b\u00e9lico, mientras que Andersen, quien reside en Ushuaia, particip\u00f3 del operativo que permiti\u00f3 rescatar a los sobrevivientes de la embarcaci\u00f3n.<\/p>\n","protected":false},"excerpt":{"rendered":"<p>El Intendente de Tres Arroyos, Carlos S\u00e1nchez, presidi\u00f3 ayer domingo los actos oficiales por el centenario de la localidad: \u00abTenemos pr\u00e1cticamente terminadas las tramitaciones para crear un Parque Industrial en Copetonas. La semana pasada nos entregaron desde la Direcci\u00f3n Provincial de Desarrollo Industrial, el plano de las parcelas donde se radicar\u00edan las empresas\u00bb.<\/p>\n","protected":false},"author":4,"featured_media":0,"comment_status":"open","ping_status":"open","sticky":false,"template":"","format":"standard","meta":{"_jetpack_newsletter_access":"","_jetpack_dont_email_post_to_subs":false,"_jetpack_newsletter_tier_id":0,"_jetpack_memberships_contains_paywalled_content":false,"_jetpack_memberships_contains_paid_content":false,"footnotes":""},"categories":[1],"tags":[],"class_list":["post-1391","post","type-post","status-publish","format-standard","hentry","category-sociedad"],"jetpack_featured_media_url":"","jetpack_shortlink":"https:\/\/wp.me\/p2JWE0-mr","jetpack-related-posts":[{"id":33423,"url":"https:\/\/www.24baires.com\/?p=33423","url_meta":{"origin":1391,"position":0},"title":"Realizan en Copetonas la Fiesta del Mate y la Torta Frita","author":"AF","date":"12\/10\/2013","format":false,"excerpt":"El director de Turismo de Tres Arroyos, Diego Fern\u00e1ndez, dijo que la misma \u201cnace de una b\u00fasqueda de identidad\u201d y mostrar \u201clo que es t\u00edpico del hombre de campo\u201d. Se realiza en la localidad de Copetonas, partido de Tres Arroyos, la I Fiesta Regional del Mate y la Torta Frita,\u2026","rel":"","context":"En \u00abLocales\u00bb","block_context":{"text":"Locales","link":"https:\/\/www.24baires.com\/?cat=38"},"img":{"alt_text":"Mate_en_calabaza","src":"https:\/\/i0.wp.com\/www.24baires.com\/wp-content\/uploads\/2012\/11\/Mate_en_calabaza-210x300.jpg?resize=350%2C200","width":350,"height":200},"classes":[]},{"id":31587,"url":"https:\/\/www.24baires.com\/?p=31587","url_meta":{"origin":1391,"position":1},"title":"Copetonas ser\u00e1 sede de la 1\u00aa Fiesta Regional del Mate y la Torta Frita","author":"AF","date":"10\/09\/2013","format":false,"excerpt":"El pr\u00f3ximo 12 de octubre se realizar\u00e1 en Copetonas, Partido de Tres Arroyos, la 1\u00ba Fiesta Regional del Mate y la Torta Frita. El evento comenzar\u00e1 a las 15 horas en el predio del Museo, donde se disfrutar\u00e1 de tortas fritas, mates y pe\u00f1as folkl\u00f3ricas, adem\u00e1s de expositores y artesanos.\u2026","rel":"","context":"En \u00abLocales\u00bb","block_context":{"text":"Locales","link":"https:\/\/www.24baires.com\/?cat=38"},"img":{"alt_text":"","src":"","width":0,"height":0},"classes":[]},{"id":59612,"url":"https:\/\/www.24baires.com\/?p=59612","url_meta":{"origin":1391,"position":2},"title":"Voladuras de techos, ca\u00eddas de \u00e1rboles y cables por tormenta en Claromec\u00f3","author":"Grupo Sierra","date":"05\/01\/2015","format":false,"excerpt":"TRES ARROYOS.- Una fuerte tormenta el\u00e9ctrica con intensas r\u00e1fagas de viento caus\u00f3 esta tarde voladuras de techos y \u00e1rboles, ca\u00eddas de cables y otros inconvenientes en algunas localidades del distrito. Las m\u00e1s afectadas fueron Claromec\u00f3 y Copetonas. En la Ruta 73 hubo ca\u00edda de \u00e1rboles y ramas en los montes\u2026","rel":"","context":"En \u00abLocales\u00bb","block_context":{"text":"Locales","link":"https:\/\/www.24baires.com\/?cat=38"},"img":{"alt_text":"claromeco","src":"https:\/\/i0.wp.com\/www.24baires.com\/wp-content\/uploads\/2015\/01\/claromeco.jpg?resize=350%2C200","width":350,"height":200,"srcset":"https:\/\/i0.wp.com\/www.24baires.com\/wp-content\/uploads\/2015\/01\/claromeco.jpg?resize=350%2C200 1x, https:\/\/i0.wp.com\/www.24baires.com\/wp-content\/uploads\/2015\/01\/claromeco.jpg?resize=525%2C300 1.5x"},"classes":[]},{"id":36811,"url":"https:\/\/www.24baires.com\/?p=36811","url_meta":{"origin":1391,"position":3},"title":"Tres Arroyos: crear\u00e1n el parque e\u00f3lico m\u00e1s grande del pa\u00eds","author":"Grupo Sierra","date":"14\/12\/2013","format":false,"excerpt":"La empresa china XENC NE Corporation invertir\u00e1 200 millones de d\u00f3lares para la puesta en marcha de un parque e\u00f3lico en la provincia, que generar\u00e1 100 megavatios de energ\u00eda. La inversi\u00f3n prevista en dos etapas apunta a instalar las Centrales E\u00f3licas, Pampa I y La Cascada, equipadas con 50 molinos\u2026","rel":"","context":"En \u00abLocales\u00bb","block_context":{"text":"Locales","link":"https:\/\/www.24baires.com\/?cat=38"},"img":{"alt_text":"e\u00f3lico","src":"https:\/\/i0.wp.com\/www.24baires.com\/wp-content\/uploads\/2013\/12\/e%C3%B3lico.jpg?resize=350%2C200","width":350,"height":200,"srcset":"https:\/\/i0.wp.com\/www.24baires.com\/wp-content\/uploads\/2013\/12\/e%C3%B3lico.jpg?resize=350%2C200 1x, https:\/\/i0.wp.com\/www.24baires.com\/wp-content\/uploads\/2013\/12\/e%C3%B3lico.jpg?resize=525%2C300 1.5x"},"classes":[]},{"id":55125,"url":"https:\/\/www.24baires.com\/?p=55125","url_meta":{"origin":1391,"position":4},"title":"Un muerto tras un impactante choque en Tres Arroyos","author":"Grupo Sierra","date":"09\/10\/2014","format":false,"excerpt":"Un hombre de 75 a\u00f1os falleci\u00f3 este jueves como consecuencia de una colisi\u00f3n frontal en la Ruta 3. Reynaldo Koch, de 75 a\u00f1os, muri\u00f3 esta ma\u00f1ana en un tremendo choque frontal que protagoniz\u00f3 en el kil\u00f3metro 525 de la ruta 3, entre el peaje de Tres Arroyos y el acceso\u2026","rel":"","context":"En \u00abPoliciales\u00bb","block_context":{"text":"Policiales","link":"https:\/\/www.24baires.com\/?cat=49"},"img":{"alt_text":"choque ruta 3 tres arroyos","src":"https:\/\/i0.wp.com\/www.24baires.com\/wp-content\/uploads\/2014\/10\/choque-ruta-3-tres-arroyos.jpg?resize=350%2C200","width":350,"height":200,"srcset":"https:\/\/i0.wp.com\/www.24baires.com\/wp-content\/uploads\/2014\/10\/choque-ruta-3-tres-arroyos.jpg?resize=350%2C200 1x, https:\/\/i0.wp.com\/www.24baires.com\/wp-content\/uploads\/2014\/10\/choque-ruta-3-tres-arroyos.jpg?resize=525%2C300 1.5x"},"classes":[]},{"id":53853,"url":"https:\/\/www.24baires.com\/?p=53853","url_meta":{"origin":1391,"position":5},"title":"Tres Arroyos: comienza a descender el agua en campos y caminos rurales","author":"AF","date":"18\/09\/2014","format":false,"excerpt":"El agua comienza a descender en el distrito de Tres Arroyos, uno de los municipios m\u00e1s afectados por el temporal ocurrido hace 20 d\u00edas que dej\u00f3 miles de hect\u00e1reas bajo el agua y caminos rurales anegados. En este sentido, el director de Vialidad Rural de esa comuna, H\u00e9ctor Poggi, sostuvo:\u2026","rel":"","context":"En \u00abLocales\u00bb","block_context":{"text":"Locales","link":"https:\/\/www.24baires.com\/?cat=38"},"img":{"alt_text":"rio inundado","src":"https:\/\/i0.wp.com\/www.24baires.com\/wp-content\/uploads\/2014\/08\/rio-inundado.jpg?resize=350%2C200","width":350,"height":200,"srcset":"https:\/\/i0.wp.com\/www.24baires.com\/wp-content\/uploads\/2014\/08\/rio-inundado.jpg?resize=350%2C200 1x, https:\/\/i0.wp.com\/www.24baires.com\/wp-content\/uploads\/2014\/08\/rio-inundado.jpg?resize=525%2C300 1.5x"},"classes":[]}],"jetpack_sharing_enabled":true,"jetpack_likes_enabled":true,"_links":{"self":[{"href":"https:\/\/www.24baires.com\/index.php?rest_route=\/wp\/v2\/posts\/1391","targetHints":{"allow":["GET"]}}],"collection":[{"href":"https:\/\/www.24baires.com\/index.php?rest_route=\/wp\/v2\/posts"}],"about":[{"href":"https:\/\/www.24baires.com\/index.php?rest_route=\/wp\/v2\/types\/post"}],"author":[{"embeddable":true,"href":"https:\/\/www.24baires.com\/index.php?rest_route=\/wp\/v2\/users\/4"}],"replies":[{"embeddable":true,"href":"https:\/\/www.24baires.com\/index.php?rest_route=%2Fwp%2Fv2%2Fcomments&post=1391"}],"version-history":[{"count":0,"href":"https:\/\/www.24baires.com\/index.php?rest_route=\/wp\/v2\/posts\/1391\/revisions"}],"wp:attachment":[{"href":"https:\/\/www.24baires.com\/index.php?rest_route=%2Fwp%2Fv2%2Fmedia&parent=1391"}],"wp:term":[{"taxonomy":"category","embeddable":true,"href":"https:\/\/www.24baires.com\/index.php?rest_route=%2Fwp%2Fv2%2Fcategories&post=1391"},{"taxonomy":"post_tag","embeddable":true,"href":"https:\/\/www.24baires.com\/index.php?rest_route=%2Fwp%2Fv2%2Ftags&post=1391"}],"curies":[{"name":"wp","href":"https:\/\/api.w.org\/{rel}","templated":true}]}}