{"id":13888,"date":"2013-01-28T21:55:13","date_gmt":"2013-01-29T00:55:13","guid":{"rendered":"http:\/\/www.24baires.com\/?p=13888"},"modified":"2013-01-28T21:55:13","modified_gmt":"2013-01-29T00:55:13","slug":"negocian-para-que-paul-mccartney-toque-en-el-estadio-unico-de-la-plata","status":"publish","type":"post","link":"https:\/\/www.24baires.com\/?p=13888","title":{"rendered":"Negocian para que Paul McCartney toque en el Estadio \u00danico de La Plata"},"content":{"rendered":"<p><strong><img data-recalc-dims=\"1\" loading=\"lazy\" decoding=\"async\" class=\"alignleft size-full wp-image-13891\" alt=\"Paul McCartney2\" src=\"https:\/\/i0.wp.com\/www.24baires.com\/wp-content\/uploads\/2013\/01\/Paul-McCartney2.jpg?resize=213%2C223\" width=\"213\" height=\"223\" \/>LA PLATA.-<\/strong> El ex Beatle Paul McCartney podr\u00eda llegar a presentarse nuevamente en la Argentina si llegan a buen puerto las negociaciones, que est\u00e1n muy adelantadas, para que brinde un concierto entre los d\u00edas 27 de abril y 5 de mayo en el estadio \u00fanico de la Ciudad de La Plata.<!--more--><\/p>\n<p>Esta ser\u00eda la 3ra visita a la Argentina de McCartney, quien este a\u00f1o publico su muy buen disco \u00abKisses in the Bottom\u00bb, y que esta trabajando en una nueva producci\u00f3n con los productores Mark Ronson y Ethan Johns.<\/p>\n<p>T\u00e9lam pudo saber que una de las m\u00e1s importantes productoras de eventos musicales de la Argentina reservo el Ciudad de la Plata para los d\u00edas que transcurren entre el 27 de abril y el 5 de mayo de 2013.<\/p>\n<p>Esto fue reconocido por organismos provinciales y municipales vinculados al cuidado del estadio, por productores art\u00edsticos y por dirigentes del Club Estudiantes de La Plata.<\/p>\n<p>Al parecer para esas fechas, Estudiantes de la Plata tiene varios partidos previstos por el Torneo local, por lo que la administraci\u00f3n del estadio ya trabaja con el club para que durante esos d\u00edas que se necesita el estadio para preparara el escenario, juegue en la cancha de Quilmes.<\/p>\n<p>Por el lado de Estudiantes, los dirigentes ya trabajan junto a AFA, Quilmes y los organismos bonaerenses de seguridad para acomodar el calendario y que le sea permitido jugar en el Centenario del municipio de la zona sur del conurbano.<\/p>\n<p>Estudiantes visitar\u00eda a All Boys el 28 de abril, recibir\u00eda a Uni\u00f3n en la cancha de Quilmes el 5 de mayo y viajar a Rafaela el 12 del mismo mes.<\/p>\n<p>Por el lado de las productoras, el anuncio tardara en realizarse, ya que la misma empresa esta abocada a la organizaci\u00f3n de otros conciertos y no quiere que el anticipo de este concierto importante opaque o afecte la venta de otros similares.<\/p>\n<p>Por lo que confiaron las partes, la confirmaci\u00f3n del concierto del ex Beatle y de la fecha, se conocer\u00e1 en el transcurso de los pr\u00f3ximos d\u00edas.<\/p>\n<p>&nbsp;<\/p>\n<p>&nbsp;<\/p>\n<p>&nbsp;<\/p>\n<p>&nbsp;<\/p>\n","protected":false},"excerpt":{"rendered":"<p>LA PLATA.- El ex Beatle Paul McCartney podr\u00eda llegar a presentarse nuevamente en la Argentina si llegan a buen puerto las negociaciones, que est\u00e1n muy adelantadas, para que brinde un concierto entre los d\u00edas 27 de abril y 5 de mayo en el estadio \u00fanico de la Ciudad de La Plata.<\/p>\n","protected":false},"author":11,"featured_media":0,"comment_status":"open","ping_status":"open","sticky":false,"template":"","format":"standard","meta":{"_jetpack_newsletter_access":"","_jetpack_dont_email_post_to_subs":false,"_jetpack_newsletter_tier_id":0,"_jetpack_memberships_contains_paywalled_content":false,"_jetpack_memberships_contains_paid_content":false,"footnotes":""},"categories":[1],"tags":[],"class_list":["post-13888","post","type-post","status-publish","format-standard","hentry","category-sociedad"],"jetpack_featured_media_url":"","jetpack_shortlink":"https:\/\/wp.me\/p2JWE0-3C0","jetpack-related-posts":[{"id":82782,"url":"https:\/\/www.24baires.com\/?p=82782","url_meta":{"origin":13888,"position":0},"title":"La Plata: 90% de reserva hotelera por el recital de Paul McCartney","author":"AF","date":"17\/05\/2016","format":false,"excerpt":"A ra\u00edz de los dos recitales que el reconocido m\u00fasico Paul McCartney realizar\u00e1 en el Estadio \u00danico esta semana, la Municipalidad de La Plata inform\u00f3 que ya se registra una cobertura del 90% en su capacidad hotelera. A trav\u00e9s de un relevamiento realizado por el Ente Municipal de Turismo (EMATUR)\u2026","rel":"","context":"En \u00abLocales\u00bb","block_context":{"text":"Locales","link":"https:\/\/www.24baires.com\/?cat=38"},"img":{"alt_text":"Paul-McCartney","src":"https:\/\/i0.wp.com\/www.24baires.com\/wp-content\/uploads\/2016\/05\/Paul-McCartney.jpg?resize=350%2C200","width":350,"height":200,"srcset":"https:\/\/i0.wp.com\/www.24baires.com\/wp-content\/uploads\/2016\/05\/Paul-McCartney.jpg?resize=350%2C200 1x, https:\/\/i0.wp.com\/www.24baires.com\/wp-content\/uploads\/2016\/05\/Paul-McCartney.jpg?resize=525%2C300 1.5x"},"classes":[]},{"id":82760,"url":"https:\/\/www.24baires.com\/?p=82760","url_meta":{"origin":13888,"position":1},"title":"Disponen operativo en la Autopista por el recital de Paul McCartney en La Plata","author":"AF","date":"16\/05\/2016","format":false,"excerpt":"Para los pr\u00f3ximos martes 17 y jueves 19 de mayo, Aubasa inform\u00f3 que montar\u00e1 un operativo especial para evitar la congesti\u00f3n y demoras en el acceso y el egreso a La Plata con motivo de los recitales de Pau McCartney en el Estadio Ciudad de La Plata. Seg\u00fan se inform\u00f3\u2026","rel":"","context":"En \u00abSociedad\u00bb","block_context":{"text":"Sociedad","link":"https:\/\/www.24baires.com\/?cat=1"},"img":{"alt_text":"regreso autopista","src":"https:\/\/i0.wp.com\/www.24baires.com\/wp-content\/uploads\/2013\/11\/regreso-autopista-300x200.jpg?resize=350%2C200","width":350,"height":200},"classes":[]},{"id":101218,"url":"https:\/\/www.24baires.com\/?p=101218","url_meta":{"origin":13888,"position":2},"title":"A tan solo 16 d\u00edas del show, suspenden el recital de La Renga en Mar del Plata","author":"GB","date":"22\/03\/2018","format":false,"excerpt":"Con m\u00e1s de 36 mil entradas vendidas del show previsto para el pr\u00f3ximo 7 de abril en el estadio Jos\u00e9 Mar\u00eda Minella, la productora de la banda de Matadero anunci\u00f3 su suspensi\u00f3n y que el show se realizar\u00e1 en la provincia de San Luis. C\u00f3mo y d\u00f3nde recuperar las entradas,\u2026","rel":"","context":"En \u00abEspectaculos\u00bb","block_context":{"text":"Espectaculos","link":"https:\/\/www.24baires.com\/?cat=41"},"img":{"alt_text":"","src":"https:\/\/i0.wp.com\/www.24baires.com\/wp-content\/uploads\/2018\/03\/recital-la-renga.jpg?resize=350%2C200","width":350,"height":200,"srcset":"https:\/\/i0.wp.com\/www.24baires.com\/wp-content\/uploads\/2018\/03\/recital-la-renga.jpg?resize=350%2C200 1x, https:\/\/i0.wp.com\/www.24baires.com\/wp-content\/uploads\/2018\/03\/recital-la-renga.jpg?resize=525%2C300 1.5x"},"classes":[]},{"id":61493,"url":"https:\/\/www.24baires.com\/?p=61493","url_meta":{"origin":13888,"position":3},"title":"Manu Chao vuelve al pa\u00eds con cuatro fechas confirmadas","author":"GB","date":"09\/02\/2015","format":false,"excerpt":"La nueva 'Ventura' de Manu vuelve a la Argentina: los organizadores de 300 producciones acaban de confirmar los d\u00edas y lugares para este nuevo tour que pasar\u00e1 por diferentes provincias del pa\u00eds. Manu Chao vuelve a la Argentina. Parece que estos pagos son el gusto del m\u00fasico y, luego de\u2026","rel":"","context":"En \u00abEspectaculos\u00bb","block_context":{"text":"Espectaculos","link":"https:\/\/www.24baires.com\/?cat=41"},"img":{"alt_text":"manu chao","src":"https:\/\/i0.wp.com\/www.24baires.com\/wp-content\/uploads\/2015\/02\/manu-chao.jpg?resize=350%2C200","width":350,"height":200,"srcset":"https:\/\/i0.wp.com\/www.24baires.com\/wp-content\/uploads\/2015\/02\/manu-chao.jpg?resize=350%2C200 1x, https:\/\/i0.wp.com\/www.24baires.com\/wp-content\/uploads\/2015\/02\/manu-chao.jpg?resize=525%2C300 1.5x"},"classes":[]},{"id":38958,"url":"https:\/\/www.24baires.com\/?p=38958","url_meta":{"origin":13888,"position":4},"title":"Metallica sum\u00f3 una nueva fecha para el 30 de marzo en La Plata","author":"GB","date":"21\/01\/2014","format":false,"excerpt":"El grupo estadounidense Metallica sumo un nuevo concierto en el Estadio Unico de La Plata para el 30 de marzo, que se suma al ya previsto del 29, que rapidamente agot\u00f3 las entradas. \"Metallica a pedido\" se titula el espect\u00e1culo que brindar\u00e1n en La Plata, en el que la banda\u2026","rel":"","context":"En \u00abEspectaculos\u00bb","block_context":{"text":"Espectaculos","link":"https:\/\/www.24baires.com\/?cat=41"},"img":{"alt_text":"metallica","src":"https:\/\/i0.wp.com\/www.24baires.com\/wp-content\/uploads\/2014\/01\/metallica.jpg?resize=350%2C200","width":350,"height":200,"srcset":"https:\/\/i0.wp.com\/www.24baires.com\/wp-content\/uploads\/2014\/01\/metallica.jpg?resize=350%2C200 1x, https:\/\/i0.wp.com\/www.24baires.com\/wp-content\/uploads\/2014\/01\/metallica.jpg?resize=525%2C300 1.5x"},"classes":[]},{"id":101582,"url":"https:\/\/www.24baires.com\/?p=101582","url_meta":{"origin":13888,"position":5},"title":"Garro reinaugur\u00f3 la pista de atletismo del Estadio \u00danico para los Juegos Bonaerenses 2018","author":"GB","date":"13\/04\/2018","format":false,"excerpt":"La pista ubicada en el predio deportivo de Av. 32 y 25 ya est\u00e1 lista para el lanzamiento de la edici\u00f3n 2018 de la competencia. En el marco del lanzamiento de los Juegos Bonaerenses 2018, el intendente de La Plata, Julio Garro particip\u00f3 hoy de la reinauguraci\u00f3n de la pista\u2026","rel":"","context":"En \u00abProvincia\u00bb","block_context":{"text":"Provincia","link":"https:\/\/www.24baires.com\/?cat=40"},"img":{"alt_text":"","src":"https:\/\/i0.wp.com\/www.24baires.com\/wp-content\/uploads\/2018\/04\/garro-pista-atletismo.jpg?resize=350%2C200","width":350,"height":200,"srcset":"https:\/\/i0.wp.com\/www.24baires.com\/wp-content\/uploads\/2018\/04\/garro-pista-atletismo.jpg?resize=350%2C200 1x, https:\/\/i0.wp.com\/www.24baires.com\/wp-content\/uploads\/2018\/04\/garro-pista-atletismo.jpg?resize=525%2C300 1.5x"},"classes":[]}],"jetpack_sharing_enabled":true,"jetpack_likes_enabled":true,"_links":{"self":[{"href":"https:\/\/www.24baires.com\/index.php?rest_route=\/wp\/v2\/posts\/13888","targetHints":{"allow":["GET"]}}],"collection":[{"href":"https:\/\/www.24baires.com\/index.php?rest_route=\/wp\/v2\/posts"}],"about":[{"href":"https:\/\/www.24baires.com\/index.php?rest_route=\/wp\/v2\/types\/post"}],"author":[{"embeddable":true,"href":"https:\/\/www.24baires.com\/index.php?rest_route=\/wp\/v2\/users\/11"}],"replies":[{"embeddable":true,"href":"https:\/\/www.24baires.com\/index.php?rest_route=%2Fwp%2Fv2%2Fcomments&post=13888"}],"version-history":[{"count":4,"href":"https:\/\/www.24baires.com\/index.php?rest_route=\/wp\/v2\/posts\/13888\/revisions"}],"predecessor-version":[{"id":13894,"href":"https:\/\/www.24baires.com\/index.php?rest_route=\/wp\/v2\/posts\/13888\/revisions\/13894"}],"wp:attachment":[{"href":"https:\/\/www.24baires.com\/index.php?rest_route=%2Fwp%2Fv2%2Fmedia&parent=13888"}],"wp:term":[{"taxonomy":"category","embeddable":true,"href":"https:\/\/www.24baires.com\/index.php?rest_route=%2Fwp%2Fv2%2Fcategories&post=13888"},{"taxonomy":"post_tag","embeddable":true,"href":"https:\/\/www.24baires.com\/index.php?rest_route=%2Fwp%2Fv2%2Ftags&post=13888"}],"curies":[{"name":"wp","href":"https:\/\/api.w.org\/{rel}","templated":true}]}}