{"id":13839,"date":"2013-01-28T14:56:37","date_gmt":"2013-01-28T17:56:37","guid":{"rendered":"http:\/\/www.24baires.com\/?p=13839"},"modified":"2013-01-28T14:56:37","modified_gmt":"2013-01-28T17:56:37","slug":"el-intendente-de-villa-maria-quedo-pasmado-con-la-clausura-de-la-tv-digital-por-de-la-sota","status":"publish","type":"post","link":"https:\/\/www.24baires.com\/?p=13839","title":{"rendered":"El Intendente de Villa Mar\u00eda qued\u00f3 pasmado con la clausura de la TV Digital por De la Sota"},"content":{"rendered":"<p>Eduardo Accastello dijo estar \u00abazorado\u00bb por la decisi\u00f3n del gobernador Jos\u00e9 Manuel de la Sota de disponer la clausura de la antena de TV Digital en esa localidad cordobesa.\u00a0En este sentido, el jefe comunal adelant\u00f3 que la Municipalidad acompa\u00f1ar\u00e1 una presentaci\u00f3n que realizar\u00e1 ma\u00f1ana ante la Justicia un grupo de usuarios para que se disponga una medida cautelar que permita dejar sin efecto la clausura dispuesta para la se\u00f1al de Televisi\u00f3n Digital Abierta, que funciona desde hace un a\u00f1o.<!--more--><\/p>\n<p>&nbsp;<\/p>\n<p>\u00abLa decisi\u00f3n de la gobernaci\u00f3n es improcedente y no se ajusta a derecho\u00bb, asever\u00f3 Accastello, quien asegur\u00f3 que la intendencia buscar\u00e1 \u00abpor todos los medios\u00bb que no se efectivice la suspensi\u00f3n del servicio de TDA en la localidad cordobesa de Villa Mar\u00eda, dado que -indic\u00f3- \u00abva en contra de la libertad de expresi\u00f3n y del derecho a la informaci\u00f3n de los usuarios\u00bb.<\/p>\n<p>En declaraciones formuladas a T\u00e9lam, el intendente consider\u00f3 que el procedimiento por el cual el gobierno provincial dispuso la clausura \u00abno se ajusta a derecho\u00bb y destac\u00f3 que el servicio de TDA signific\u00f3 un \u00abmuy alto beneficio para mucha gente, sobre todo jubilados, pensionados y trabajadores\u00bb que pudieron acceder gratuitamente a esta se\u00f1al de televisi\u00f3n.<\/p>\n<p>En este sentido, destac\u00f3 que la gobernaci\u00f3n cordobesa, \u00aben vez de notificar a las partes, notific\u00f3 al municipio\u00bb sobre su resoluci\u00f3n y sostuvo que \u00abevidentemente, se trata de una decisi\u00f3n pol\u00edtica\u00bb por parte del gobernador Jos\u00e9 Manuel de la Sota.<\/p>\n<p><strong>Incluso, el intendente neg\u00f3 que pueda alegarse una cuesti\u00f3n ambiental para determinar la clausura al se\u00f1alar que \u00abla antena est\u00e1 ubicada a 12 kil\u00f3metros de la ciudad, en la planta depuradora de l\u00edquidos cloacales, que pertenece a la cooperativa de trabajo 15 de Mayo\u00bb.<\/strong><\/p>\n<p>Por otro lado, Accastello consign\u00f3 que, adem\u00e1s de la presentaci\u00f3n que realizar\u00e1n ante la Justicia, los usuarios, acompa\u00f1ados por la intendencia, realizar\u00e1n tambi\u00e9n una presentaci\u00f3n ante el Concejo Deliberante pidiendo un pronunciamiento del cuerpo en relaci\u00f3n a la clausura dispuesta sobre la antena de Televisi\u00f3n Digital Abierta.<\/p>\n","protected":false},"excerpt":{"rendered":"<p>Eduardo Accastello dijo estar \u00abazorado\u00bb por la decisi\u00f3n del gobernador Jos\u00e9 Manuel de la Sota de disponer la clausura de la antena de TV Digital en esa localidad cordobesa.\u00a0En este sentido, el jefe comunal adelant\u00f3 que la Municipalidad acompa\u00f1ar\u00e1 una presentaci\u00f3n que realizar\u00e1 ma\u00f1ana ante la Justicia un grupo de usuarios para que se disponga una medida cautelar que permita [&#8230;]<\/p>\n","protected":false},"author":11,"featured_media":0,"comment_status":"open","ping_status":"open","sticky":false,"template":"","format":"standard","meta":{"_jetpack_newsletter_access":"","_jetpack_dont_email_post_to_subs":false,"_jetpack_newsletter_tier_id":0,"_jetpack_memberships_contains_paywalled_content":false,"_jetpack_memberships_contains_paid_content":false,"footnotes":""},"categories":[54],"tags":[],"class_list":["post-13839","post","type-post","status-publish","format-standard","hentry","category-medios"],"jetpack_featured_media_url":"","jetpack_shortlink":"https:\/\/wp.me\/p2JWE0-3Bd","jetpack-related-posts":[{"id":14275,"url":"https:\/\/www.24baires.com\/?p=14275","url_meta":{"origin":13839,"position":0},"title":"Casi todos los canales nacionales coincidieron en la \u00abinconstitucionalidad\u00bb de la medida","author":"Grupo Sierra","date":"01\/02\/2013","format":false,"excerpt":"Lo hicieron a trav\u00e9s de una solicitada publicada en los principales matutinos nacionales, en la cual alertaron tambi\u00e9n sobre el \"grave ataque a la libertad de expresi\u00f3n\" que constituye la medida del Gobernador De la Sota de clausurar cinco antenas de la Televisi\u00f3n Abierta Digital en la Provincia de C\u00f3rdoba.\u2026","rel":"","context":"En \u00abMedios\u00bb","block_context":{"text":"Medios","link":"https:\/\/www.24baires.com\/?cat=54"},"img":{"alt_text":"","src":"","width":0,"height":0},"classes":[]},{"id":14743,"url":"https:\/\/www.24baires.com\/?p=14743","url_meta":{"origin":13839,"position":1},"title":"Sabbatella: \u00abDe la Sota no tiene derecho a dejar a los cordobeses cautivos de la TV paga\u00bb","author":"AF","date":"05\/02\/2013","format":false,"excerpt":"El titular de la Afsca, Mart\u00edn Sabbatella, cuestion\u00f3 al gobernador cordob\u00e9s Jos\u00e9 Manuel de la Sota, ya que en el mismo predio en el que clausur\u00f3 una antena de Arsat, permite que funcione una antena de Cablevisi\u00f3n\u201d. Respecto de la decisi\u00f3n del mandatario provincial de clausurar cinco antenas de Televisi\u00f3n\u2026","rel":"","context":"En \u00abMedios\u00bb","block_context":{"text":"Medios","link":"https:\/\/www.24baires.com\/?cat=54"},"img":{"alt_text":"","src":"","width":0,"height":0},"classes":[]},{"id":15573,"url":"https:\/\/www.24baires.com\/?p=15573","url_meta":{"origin":13839,"position":2},"title":"\u00abDe la Sota se dio cuenta de que no iba a poder defender los actos de censura que cometi\u00f3\u00bb","author":"AF","date":"13\/02\/2013","format":false,"excerpt":"Lo afirm\u00f3 el titular de la Afsca, Mart\u00edn Sabbatella, al hacer referencia a la decisi\u00f3n del gobernador cordob\u00e9s de \"dejar sin efecto\" las clausuras de las antenas de la Televisi\u00f3n Digital Abierta (TDA) que hab\u00eda dispuesto en varios municipios de la provincia. \"El gobernador se dio cuenta de que no\u2026","rel":"","context":"En \u00abMedios\u00bb","block_context":{"text":"Medios","link":"https:\/\/www.24baires.com\/?cat=54"},"img":{"alt_text":"","src":"","width":0,"height":0},"classes":[]},{"id":15193,"url":"https:\/\/www.24baires.com\/?p=15193","url_meta":{"origin":13839,"position":3},"title":"Bussi: \u00abDe la Sota sabe que est\u00e1 defendiendo medidas absurdas\u00bb","author":"AF","date":"09\/02\/2013","format":false,"excerpt":"Lorena Bussi, intendenta de Leones, C\u00f3rdoba, asegur\u00f3 que espera \u201cuna pronta respuesta favorable de la Justicia para que se termine esta medida arbitraria y caprichosa del gobernador De la Sota y vuelvan a funcionar las antenas de TDA en C\u00f3rdoba\u201d. Bussi confirm\u00f3 la presentaci\u00f3n por parte de ese municipio de\u2026","rel":"","context":"En \u00abMedios\u00bb","block_context":{"text":"Medios","link":"https:\/\/www.24baires.com\/?cat=54"},"img":{"alt_text":"bussi","src":"https:\/\/i0.wp.com\/www.24baires.com\/wp-content\/uploads\/2013\/02\/bussi.jpg?resize=350%2C200","width":350,"height":200},"classes":[]},{"id":13924,"url":"https:\/\/www.24baires.com\/?p=13924","url_meta":{"origin":13839,"position":4},"title":"Intendentes cordobeses repudian la decisi\u00f3n de De la Sota de clausurar antenas de TDA","author":"AF","date":"29\/01\/2013","format":false,"excerpt":"Los 67 intendentes que integran la `Mesa de Intendentes y Presidentes de Comuna junto al Proyecto Nacional y Popular` manifestaron su \u201cen\u00e9rgico repudio\u201d a la decisi\u00f3n de Jos\u00e9 Manuel de la Sota de clausurar antenas de transmisi\u00f3n de TDA. El sector pidi\u00f3 al mandatario provincial, mediante un documento, que \u201ccambie\u2026","rel":"","context":"En \u00abMedios\u00bb","block_context":{"text":"Medios","link":"https:\/\/www.24baires.com\/?cat=54"},"img":{"alt_text":"","src":"","width":0,"height":0},"classes":[]},{"id":15520,"url":"https:\/\/www.24baires.com\/?p=15520","url_meta":{"origin":13839,"position":5},"title":"Dejan sin efecto \u00abel cese preventivo\u00bb de antenas de TDA en C\u00f3rdoba","author":"AF","date":"13\/02\/2013","format":false,"excerpt":"El gobierno de C\u00f3rdoba resolvi\u00f3 este mi\u00e9rcoles \"dejar sin efecto el cese preventivo para la instalaci\u00f3n de antenas\" de la Televisi\u00f3n Digital Abierta en las localidades de Leones, Malague\u00f1o, Villa Mar\u00eda y Villa Dolores. En ese marco, a trav\u00e9s de una resoluci\u00f3n de la Secretar\u00eda de Ambiente, le otorg\u00f3 a\u2026","rel":"","context":"En \u00abMedios\u00bb","block_context":{"text":"Medios","link":"https:\/\/www.24baires.com\/?cat=54"},"img":{"alt_text":"de la sota","src":"https:\/\/i0.wp.com\/www.24baires.com\/wp-content\/uploads\/2013\/02\/de-la-sota.jpg?resize=350%2C200","width":350,"height":200,"srcset":"https:\/\/i0.wp.com\/www.24baires.com\/wp-content\/uploads\/2013\/02\/de-la-sota.jpg?resize=350%2C200 1x, https:\/\/i0.wp.com\/www.24baires.com\/wp-content\/uploads\/2013\/02\/de-la-sota.jpg?resize=525%2C300 1.5x"},"classes":[]}],"jetpack_sharing_enabled":true,"jetpack_likes_enabled":true,"_links":{"self":[{"href":"https:\/\/www.24baires.com\/index.php?rest_route=\/wp\/v2\/posts\/13839","targetHints":{"allow":["GET"]}}],"collection":[{"href":"https:\/\/www.24baires.com\/index.php?rest_route=\/wp\/v2\/posts"}],"about":[{"href":"https:\/\/www.24baires.com\/index.php?rest_route=\/wp\/v2\/types\/post"}],"author":[{"embeddable":true,"href":"https:\/\/www.24baires.com\/index.php?rest_route=\/wp\/v2\/users\/11"}],"replies":[{"embeddable":true,"href":"https:\/\/www.24baires.com\/index.php?rest_route=%2Fwp%2Fv2%2Fcomments&post=13839"}],"version-history":[{"count":4,"href":"https:\/\/www.24baires.com\/index.php?rest_route=\/wp\/v2\/posts\/13839\/revisions"}],"predecessor-version":[{"id":13848,"href":"https:\/\/www.24baires.com\/index.php?rest_route=\/wp\/v2\/posts\/13839\/revisions\/13848"}],"wp:attachment":[{"href":"https:\/\/www.24baires.com\/index.php?rest_route=%2Fwp%2Fv2%2Fmedia&parent=13839"}],"wp:term":[{"taxonomy":"category","embeddable":true,"href":"https:\/\/www.24baires.com\/index.php?rest_route=%2Fwp%2Fv2%2Fcategories&post=13839"},{"taxonomy":"post_tag","embeddable":true,"href":"https:\/\/www.24baires.com\/index.php?rest_route=%2Fwp%2Fv2%2Ftags&post=13839"}],"curies":[{"name":"wp","href":"https:\/\/api.w.org\/{rel}","templated":true}]}}