{"id":1380,"date":"2012-10-08T09:28:31","date_gmt":"2012-10-08T12:28:31","guid":{"rendered":"http:\/\/www.24baires.com\/?p=1380"},"modified":"2012-10-08T09:32:57","modified_gmt":"2012-10-08T12:32:57","slug":"se-investigara-si-las-liquidaciones-fueron-adrede-o-por-ignorancia","status":"publish","type":"post","link":"https:\/\/www.24baires.com\/?p=1380","title":{"rendered":"\u00abSe investigar\u00e1 si las liquidaciones err\u00f3neas fueron adrede o por ignorancia\u00bb"},"content":{"rendered":"<p>El subsecretario general de la Presidencia, Gustavo L\u00f3pez, confirm\u00f3 que ma\u00f1ana martes \u00abva a haber una respuesta\u00bb del Gobierno a los reclamos de gendarmes y prefectos que protestan por rebajas salariales, y se\u00f1al\u00f3 que se investigar\u00e1 si las liquidaciones err\u00f3neas \u00abfueron adrede o por ignorancia\u00bb.<!--more--><br \/>\n\u00abAlguien hizo una muy mala liquidaci\u00f3n interpretando mal un decreto que tuvo en vilo al pa\u00eds ante una &#8216;entre comillas sublevaci\u00f3n&#8217; de Prefectura y Gendarmer\u00eda\u00bb, acot\u00f3 el funcionario.<br \/>\nTras recordar que \u00abpor disposici\u00f3n de la presidenta\u00bb Cristina Fern\u00e1ndez la cuesti\u00f3n la estaban \u00abmanejando exclusivamente\u00bb en la cartera de Seguridad y la jefatura de Gabinete, L\u00f3pez estim\u00f3 que el martes \u00abentre otras cosas se van a atender como se dijo los reclamos\u00bb.<br \/>\nAdem\u00e1s, se\u00f1al\u00f3 que \u00abla liquidaci\u00f3n de sueldos en las fuerzas de seguridad y en las fuerzas armadas la hace cada fuerza\u00bb por lo que sostuvo que \u00abse tiene que analizar si fue adrede o por ignorancia\u00bb que se liquid\u00f3 los salarios con rebajas al aplicar el decreto 1307 \u00abde manera err\u00f3nea\u00bb.<br \/>\nL\u00f3pez justific\u00f3 los \u00abpases a disponibilidad\u00bb que denunciaron los gendarmes y se\u00f1al\u00f3 que ello \u00abtienen que ver con lo que todo el arco pol\u00edtico dijo\u00bb en alusi\u00f3n a que levantaran la manifestaci\u00f3n.<br \/>\nY, sostuvo que tras la explicaci\u00f3n por las liquidaciones con rebajas que realiz\u00f3 el jefe de Gabinete Juan Manuel Abal Medina, los agentes \u00abdebieron haber dejado la protesta\u00bb. \u00abUna cosa es el gremio de la construcci\u00f3n parando una obra y otra cosa es gendarmes o prefectos que tienen el uso legal de las armas que sigan sublevados, por decirlo de alguna manera\u00bb, a\u00f1adi\u00f3.<br \/>\nL\u00f3pez confirm\u00f3, en di\u00e1logo con radio Am\u00e9rica, que \u00abva a haber una respuesta el d\u00eda martes, habr\u00e1 que esperar\u00bb.<br \/>\nEl subsecretario remarc\u00f3 que hay que \u00abanalizar la gravedad institucional de los hechos que ocurrieron porque esta gente se equivoc\u00f3 de cabo a rabo al hacer estas cuestiones, no puede ser\u00bb.<\/p>\n","protected":false},"excerpt":{"rendered":"<p>El subsecretario general de la Presidencia, Gustavo L\u00f3pez, confirm\u00f3 que ma\u00f1ana martes \u00abva a haber una respuesta\u00bb del Gobierno a los reclamos de gendarmes y prefectos que protestan por rebajas salariales, y se\u00f1al\u00f3 que se investigar\u00e1 si las liquidaciones err\u00f3neas \u00abfueron adrede o por ignorancia\u00bb.<\/p>\n","protected":false},"author":4,"featured_media":0,"comment_status":"open","ping_status":"open","sticky":false,"template":"","format":"standard","meta":{"_jetpack_newsletter_access":"","_jetpack_dont_email_post_to_subs":false,"_jetpack_newsletter_tier_id":0,"_jetpack_memberships_contains_paywalled_content":false,"_jetpack_memberships_contains_paid_content":false,"footnotes":""},"categories":[1],"tags":[],"class_list":["post-1380","post","type-post","status-publish","format-standard","hentry","category-sociedad"],"jetpack_featured_media_url":"","jetpack_shortlink":"https:\/\/wp.me\/p2JWE0-mg","jetpack-related-posts":[{"id":108639,"url":"https:\/\/www.24baires.com\/?p=108639","url_meta":{"origin":1380,"position":0},"title":"Docentes bonaerenses denuncian que Vidal no cumple la paritaria","author":"AF","date":"07\/06\/2019","format":false,"excerpt":"Los docentes bonaerenses agrupados en Suteba y en la FEB denunciaron el incumplimiento del acuerdo paritario por parte del gobierno de Mar\u00eda Eugenia Vidal por un descuento \"indiscriminado\" de los d\u00edas de paro. \"Considerando el car\u00e1cter alimentario que tiene el salario de los docentes, exigimos una urgente devoluci\u00f3n de los\u2026","rel":"","context":"En \u00abSociedad\u00bb","block_context":{"text":"Sociedad","link":"https:\/\/www.24baires.com\/?cat=1"},"img":{"alt_text":"","src":"https:\/\/i0.wp.com\/www.24baires.com\/wp-content\/uploads\/2018\/10\/baradel.jpg?resize=350%2C200","width":350,"height":200,"srcset":"https:\/\/i0.wp.com\/www.24baires.com\/wp-content\/uploads\/2018\/10\/baradel.jpg?resize=350%2C200 1x, https:\/\/i0.wp.com\/www.24baires.com\/wp-content\/uploads\/2018\/10\/baradel.jpg?resize=525%2C300 1.5x"},"classes":[]},{"id":119152,"url":"https:\/\/www.24baires.com\/?p=119152","url_meta":{"origin":1380,"position":1},"title":"El Banco Central espera sumar US$ 2.500 millones por la exportaci\u00f3n de soja","author":"AF","date":"27\/07\/2022","format":false,"excerpt":"\"Seguramente podamos obtener 2.500 millones de d\u00f3lares, muy posiblemente m\u00e1s. Creemos que esa es una cifra posible. Vamos a ver si el incentivo lleva a una venta mayor\u201d, afirm\u00f3 Miguel Pesce, quien enfatiz\u00f3 que la medida estar\u00e1 vigente hasta el 31 de agosto. El presidente del Banco Central (BCRA), Miguel\u2026","rel":"","context":"En \u00abEconom\u00eda\u00bb","block_context":{"text":"Econom\u00eda","link":"https:\/\/www.24baires.com\/?cat=45"},"img":{"alt_text":"","src":"https:\/\/i0.wp.com\/www.24baires.com\/wp-content\/uploads\/2022\/07\/soja.jpg?resize=350%2C200","width":350,"height":200,"srcset":"https:\/\/i0.wp.com\/www.24baires.com\/wp-content\/uploads\/2022\/07\/soja.jpg?resize=350%2C200 1x, https:\/\/i0.wp.com\/www.24baires.com\/wp-content\/uploads\/2022\/07\/soja.jpg?resize=525%2C300 1.5x, https:\/\/i0.wp.com\/www.24baires.com\/wp-content\/uploads\/2022\/07\/soja.jpg?resize=700%2C400 2x"},"classes":[]},{"id":21092,"url":"https:\/\/www.24baires.com\/?p=21092","url_meta":{"origin":1380,"position":2},"title":"Nueva advertencia: docentes amenazan con paro de 72 horas si no son convocados a discutir salarios","author":"Grupo Sierra","date":"15\/04\/2013","format":false,"excerpt":"El Frente Gremial Docente bonaerense alert\u00f3 hoy con \u201cponerle fecha\u201d al paro de 72 horas pendiente de la semana pasada, si el gobierno de Daniel Scioli no los convoca a discutir salarios \u201cesta semana o a principio de la pr\u00f3xima\u201d, luego de mantener una reuni\u00f3n con la directora general de\u2026","rel":"","context":"En \u00abProvincia\u00bb","block_context":{"text":"Provincia","link":"https:\/\/www.24baires.com\/?cat=40"},"img":{"alt_text":"","src":"","width":0,"height":0},"classes":[]},{"id":99200,"url":"https:\/\/www.24baires.com\/?p=99200","url_meta":{"origin":1380,"position":3},"title":"Imputaron a Graciela Oca\u00f1a por defraudaci\u00f3n al Estado","author":"GB","date":"05\/12\/2017","format":false,"excerpt":"La diputada electa por Cambiemos fue imputada por la fiscal federal Paloma Ochoa debido al perjuicio generado al Estado por el cobro de vacaciones no gozadas cuando fue funcionaria del PAMI en 2007. Cobr\u00f3 m\u00e1s de 50 mil pesos pese a no estar permitido por la ley de Contrato de\u2026","rel":"","context":"En \u00abPol\u00edtica\u00bb","block_context":{"text":"Pol\u00edtica","link":"https:\/\/www.24baires.com\/?cat=51"},"img":{"alt_text":"","src":"https:\/\/i0.wp.com\/www.24baires.com\/wp-content\/uploads\/2017\/12\/graciela-oca%C3%B1a.jpg?resize=350%2C200","width":350,"height":200,"srcset":"https:\/\/i0.wp.com\/www.24baires.com\/wp-content\/uploads\/2017\/12\/graciela-oca%C3%B1a.jpg?resize=350%2C200 1x, https:\/\/i0.wp.com\/www.24baires.com\/wp-content\/uploads\/2017\/12\/graciela-oca%C3%B1a.jpg?resize=525%2C300 1.5x"},"classes":[]},{"id":119291,"url":"https:\/\/www.24baires.com\/?p=119291","url_meta":{"origin":1380,"position":4},"title":"El Gobierno nacional anunci\u00f3 un nuevo \u00abd\u00f3lar soja\u00bb","author":"GB","date":"05\/09\/2022","format":false,"excerpt":"El ministro de Econom\u00eda anunci\u00f3 la implementaci\u00f3n de un d\u00f3lar a 200 pesos destinado a la liquidaci\u00f3n de la cosecha de soja. Gobierno de la naci\u00f3n anunci\u00f3 un nuevo tipo de cambio de 200 pesos por d\u00f3lar destinado a las transacciones internacionales de soja. Esta medida con la que se\u2026","rel":"","context":"En \u00abEconom\u00eda\u00bb","block_context":{"text":"Econom\u00eda","link":"https:\/\/www.24baires.com\/?cat=45"},"img":{"alt_text":"","src":"https:\/\/i0.wp.com\/www.24baires.com\/wp-content\/uploads\/2022\/09\/massa-dolar-sojapng.png?resize=350%2C200","width":350,"height":200,"srcset":"https:\/\/i0.wp.com\/www.24baires.com\/wp-content\/uploads\/2022\/09\/massa-dolar-sojapng.png?resize=350%2C200 1x, https:\/\/i0.wp.com\/www.24baires.com\/wp-content\/uploads\/2022\/09\/massa-dolar-sojapng.png?resize=525%2C300 1.5x, https:\/\/i0.wp.com\/www.24baires.com\/wp-content\/uploads\/2022\/09\/massa-dolar-sojapng.png?resize=700%2C400 2x"},"classes":[]},{"id":65150,"url":"https:\/\/www.24baires.com\/?p=65150","url_meta":{"origin":1380,"position":5},"title":"Docentes de Suteba de seis distritos convocan a un paro para cobrar sus sueldos","author":"AF","date":"30\/04\/2015","format":false,"excerpt":"Docentes bonaerenses alineados en Suteba seccionales Tigre, La Matanza, Ensenada, La Plata, Escobar y Berazategui convocaron a una huelga para este jueves en reclamo del pago de haberes adeudados por fallas en el sistema de liquidaci\u00f3n. En el marco del paro los docentes har\u00e1n una caravana al Obelisco, donde dar\u00e1n\u2026","rel":"","context":"En \u00abSociedad\u00bb","block_context":{"text":"Sociedad","link":"https:\/\/www.24baires.com\/?cat=1"},"img":{"alt_text":"suteba","src":"https:\/\/i0.wp.com\/www.24baires.com\/wp-content\/uploads\/2012\/10\/suteba.jpg?resize=350%2C200","width":350,"height":200,"srcset":"https:\/\/i0.wp.com\/www.24baires.com\/wp-content\/uploads\/2012\/10\/suteba.jpg?resize=350%2C200 1x, https:\/\/i0.wp.com\/www.24baires.com\/wp-content\/uploads\/2012\/10\/suteba.jpg?resize=525%2C300 1.5x"},"classes":[]}],"jetpack_sharing_enabled":true,"jetpack_likes_enabled":true,"_links":{"self":[{"href":"https:\/\/www.24baires.com\/index.php?rest_route=\/wp\/v2\/posts\/1380","targetHints":{"allow":["GET"]}}],"collection":[{"href":"https:\/\/www.24baires.com\/index.php?rest_route=\/wp\/v2\/posts"}],"about":[{"href":"https:\/\/www.24baires.com\/index.php?rest_route=\/wp\/v2\/types\/post"}],"author":[{"embeddable":true,"href":"https:\/\/www.24baires.com\/index.php?rest_route=\/wp\/v2\/users\/4"}],"replies":[{"embeddable":true,"href":"https:\/\/www.24baires.com\/index.php?rest_route=%2Fwp%2Fv2%2Fcomments&post=1380"}],"version-history":[{"count":0,"href":"https:\/\/www.24baires.com\/index.php?rest_route=\/wp\/v2\/posts\/1380\/revisions"}],"wp:attachment":[{"href":"https:\/\/www.24baires.com\/index.php?rest_route=%2Fwp%2Fv2%2Fmedia&parent=1380"}],"wp:term":[{"taxonomy":"category","embeddable":true,"href":"https:\/\/www.24baires.com\/index.php?rest_route=%2Fwp%2Fv2%2Fcategories&post=1380"},{"taxonomy":"post_tag","embeddable":true,"href":"https:\/\/www.24baires.com\/index.php?rest_route=%2Fwp%2Fv2%2Ftags&post=1380"}],"curies":[{"name":"wp","href":"https:\/\/api.w.org\/{rel}","templated":true}]}}