{"id":13766,"date":"2013-01-27T20:45:34","date_gmt":"2013-01-27T23:45:34","guid":{"rendered":"http:\/\/www.24baires.com\/?p=13766"},"modified":"2013-01-27T20:45:34","modified_gmt":"2013-01-27T23:45:34","slug":"ya-se-inicio-en-la-plata-la-construccion-de-250-viviendas-por-el-plan-procrear","status":"publish","type":"post","link":"https:\/\/www.24baires.com\/?p=13766","title":{"rendered":"Ya se inici\u00f3 en La Plata la construcci\u00f3n de 250 viviendas por el Plan Procrear"},"content":{"rendered":"<p>Unas 250 familias ya pudieron comenzar con la construcci\u00f3n de sus viviendas en La Plata, gracias a los cr\u00e9ditos otorgados por el Estado Nacional a trav\u00e9s del programa Procrear, informaron desde la Anses.<!--more--><\/p>\n<p>El programa de cr\u00e9ditos para la vivienda \u00fanica, lanzado por la presidente Cristina Fern\u00e1ndez de Kirchner, posibilit\u00f3 que unas 1100 familias hayan podido iniciar los tr\u00e1mites para obtener el cr\u00e9dito que otorga el Banco Hipotecario.<\/p>\n<p>Seg\u00fan inform\u00f3 a T\u00e9lam el Jefe de la UDAI de Anses en La Plata, Norberto G\u00f3mez, \u201cunas 250 ya pudieron comenzar con la construcci\u00f3n de su primer hogar, ya que les fue entregado correctamente el cr\u00e9dito\u201d.<\/p>\n<p>\u201cEste programa revolucionario va cumpliendo sue\u00f1os a lo largo y ancho de todo el pa\u00eds, y en La Plata ya posibilit\u00f3 la obtenci\u00f3n de cr\u00e9ditos por un monto de 70 millones de pesos\u201d, resalt\u00f3.<\/p>\n<p>G\u00f3mez inform\u00f3 que en total ya hubo 2500 personas que resultaron ganadores de los sorteos que se realizan mediante la Loter\u00eda Nacional.<\/p>\n<p>\u201cEl Director Ejecutivo de Anses, Diego Bossio y el viceministro de Econom\u00eda, Axel Kicillof encabezaron un nuevo sorteo que permiti\u00f3 que 9358 personas salieran beneficiadas de este maravilloso programa\u201d, remarc\u00f3.<\/p>\n<p>Finalmente, G\u00f3mez inform\u00f3 que contin\u00faa abierto el proceso de licitaci\u00f3n para la construcci\u00f3n de un complejo de 104 viviendas en la localidad platense de Arturo Segu\u00ed, en lotes nacionales para familias que no posean terrenos propios.<\/p>\n","protected":false},"excerpt":{"rendered":"<p>Unas 250 familias ya pudieron comenzar con la construcci\u00f3n de sus viviendas en La Plata, gracias a los cr\u00e9ditos otorgados por el Estado Nacional a trav\u00e9s del programa Procrear, informaron desde la Anses.<\/p>\n","protected":false},"author":11,"featured_media":0,"comment_status":"open","ping_status":"open","sticky":false,"template":"","format":"standard","meta":{"_jetpack_newsletter_access":"","_jetpack_dont_email_post_to_subs":false,"_jetpack_newsletter_tier_id":0,"_jetpack_memberships_contains_paywalled_content":false,"_jetpack_memberships_contains_paid_content":false,"footnotes":""},"categories":[1],"tags":[],"class_list":["post-13766","post","type-post","status-publish","format-standard","hentry","category-sociedad"],"jetpack_featured_media_url":"","jetpack_shortlink":"https:\/\/wp.me\/p2JWE0-3A2","jetpack-related-posts":[{"id":44030,"url":"https:\/\/www.24baires.com\/?p=44030","url_meta":{"origin":13766,"position":0},"title":"Procrear avanza: se construyen m\u00e1s de 37.000 viviendas en la provincia","author":"Grupo Sierra","date":"16\/04\/2014","format":false,"excerpt":"El Programa Cr\u00e9dito Argentino del Bicentenario para la Vivienda \u00danica Familiar (Procrear) permite a 37.291 bonaerenses realizar las obras construcci\u00f3n de su vivienda, seg\u00fan confirm\u00f3 el titular de Anses, Diego Bossio. En ese sentido, se destac\u00f3 que en la Provincia, del total de cr\u00e9ditos otorgados, unos 24.725 corresponden a cr\u00e9ditos\u2026","rel":"","context":"En \u00abEconom\u00eda\u00bb","block_context":{"text":"Econom\u00eda","link":"https:\/\/www.24baires.com\/?cat=45"},"img":{"alt_text":"procrear","src":"https:\/\/i0.wp.com\/www.24baires.com\/wp-content\/uploads\/2013\/05\/procrear.jpg?resize=350%2C200","width":350,"height":200},"classes":[]},{"id":48113,"url":"https:\/\/www.24baires.com\/?p=48113","url_meta":{"origin":13766,"position":1},"title":"Unas 7.800 familias salieron sorteadas para acceder a cr\u00e9ditos del plan Procrear en la Provincia","author":"GB","date":"16\/06\/2014","format":false,"excerpt":"El noveno sorteo, realizado en la Loter\u00eda Nacional, permitir\u00e1 a estas familias iniciar sus tr\u00e1mites ante el Banco Hipotecario y acceder a los cr\u00e9ditos de viviendas del plan. Un total de 7800 familias de siete ciudades de la provincia de Buenos Aires result\u00f3 beneficiada en el noveno sorteo organizado por\u2026","rel":"","context":"En \u00abSociedad\u00bb","block_context":{"text":"Sociedad","link":"https:\/\/www.24baires.com\/?cat=1"},"img":{"alt_text":"procrear","src":"https:\/\/i0.wp.com\/www.24baires.com\/wp-content\/uploads\/2013\/10\/procrear.jpg?resize=350%2C200","width":350,"height":200,"srcset":"https:\/\/i0.wp.com\/www.24baires.com\/wp-content\/uploads\/2013\/10\/procrear.jpg?resize=350%2C200 1x, https:\/\/i0.wp.com\/www.24baires.com\/wp-content\/uploads\/2013\/10\/procrear.jpg?resize=525%2C300 1.5x"},"classes":[]},{"id":55147,"url":"https:\/\/www.24baires.com\/?p=55147","url_meta":{"origin":13766,"position":2},"title":"Anses ser\u00e1 querellante en la causa del vecino que arras\u00f3 casas del ProCreAr","author":"AF","date":"10\/10\/2014","format":false,"excerpt":"LA PLATA - Lo anunci\u00f3 el propio titular del organismo, Diego Bossio. \u201cEs lamentable que ocurran este tipo de cuestiones que da\u00f1an el programa\". El hecho se origin\u00f3 cuando un vecino demoli\u00f3 las viviendas de dos parejas sorteadas en el plan en Etcheverry. Asimismo la ANSES inform\u00f3 que no reclamar\u00e1\u2026","rel":"","context":"En \u00abSociedad\u00bb","block_context":{"text":"Sociedad","link":"https:\/\/www.24baires.com\/?cat=1"},"img":{"alt_text":"topadora etcheverry","src":"https:\/\/i0.wp.com\/www.24baires.com\/wp-content\/uploads\/2014\/10\/topadora-etcheverry.jpg?resize=350%2C200","width":350,"height":200},"classes":[]},{"id":33813,"url":"https:\/\/www.24baires.com\/?p=33813","url_meta":{"origin":13766,"position":3},"title":"358 mil familias se inscribieron para el pr\u00f3ximo sorteo de Procrear","author":"Grupo Sierra","date":"19\/10\/2013","format":false,"excerpt":"La Administraci\u00f3n Nacional de la Seguridad Social (Anses) inform\u00f3 que m\u00e1s de 358 mil familias de todo el pa\u00eds participar\u00e1n del pr\u00f3ximo sorteo del programa de viviendas Pro.Cre.Ar Bicentenario, lo cual constituye un \"r\u00e9cord absoluto de inscriptos\". El director ejecutivo de la ANSES, Diego Bossio, destac\u00f3 el inter\u00e9s concitado y\u2026","rel":"","context":"En \u00abSociedad\u00bb","block_context":{"text":"Sociedad","link":"https:\/\/www.24baires.com\/?cat=1"},"img":{"alt_text":"","src":"","width":0,"height":0},"classes":[]},{"id":3344,"url":"https:\/\/www.24baires.com\/?p=3344","url_meta":{"origin":13766,"position":4},"title":"\u00abNo regalamos la plata a nadie. Estamos dando cr\u00e9dito a tasas razonables y la gente responde\u00bb","author":"Grupo Sierra","date":"26\/10\/2012","format":false,"excerpt":"El secretario de Pol\u00edtica Econ\u00f3mica, Axel Kicillof, \u00a0manifest\u00f3 su satisfacci\u00f3n de que sea el Estado el que ayude a \"viabilizar\" el sue\u00f1o de la construcci\u00f3n de la casa propia para miles de argentinos. \"Estamos felices con las marcha de este programa que es acelerad\u00edsimo, eficiente, transparente e incuestionable\", dijo Kicillof,\u2026","rel":"","context":"En \u00abEconom\u00eda\u00bb","block_context":{"text":"Econom\u00eda","link":"https:\/\/www.24baires.com\/?cat=45"},"img":{"alt_text":"","src":"https:\/\/i0.wp.com\/www.24baires.com\/wp-content\/uploads\/2012\/10\/Kicillof.jpg?resize=350%2C200","width":350,"height":200,"srcset":"https:\/\/i0.wp.com\/www.24baires.com\/wp-content\/uploads\/2012\/10\/Kicillof.jpg?resize=350%2C200 1x, https:\/\/i0.wp.com\/www.24baires.com\/wp-content\/uploads\/2012\/10\/Kicillof.jpg?resize=525%2C300 1.5x"},"classes":[]},{"id":32496,"url":"https:\/\/www.24baires.com\/?p=32496","url_meta":{"origin":13766,"position":5},"title":"\u00abQueremos que las familias tengan su vivienda\u00bb, asegur\u00f3 Diego Bossio","author":"AF","date":"26\/09\/2013","format":false,"excerpt":"El titular de la Anses, Diego Bossio, se manifest\u00f3 as\u00ed tras el lanzamiento de otras dos nuevas l\u00edneas de cr\u00e9dito del programa Procrear. Hay tiempo hasta el 20 de octubre para anotarse en el sitio web de Procrear. Bossio insisti\u00f3 en que \"est\u00e1n los recursos, los instrumentos financieros, tenemos que\u2026","rel":"","context":"En \u00abSociedad\u00bb","block_context":{"text":"Sociedad","link":"https:\/\/www.24baires.com\/?cat=1"},"img":{"alt_text":"bossio2","src":"https:\/\/i0.wp.com\/www.24baires.com\/wp-content\/uploads\/2013\/04\/bossio2.png?resize=350%2C200","width":350,"height":200},"classes":[]}],"jetpack_sharing_enabled":true,"jetpack_likes_enabled":true,"_links":{"self":[{"href":"https:\/\/www.24baires.com\/index.php?rest_route=\/wp\/v2\/posts\/13766","targetHints":{"allow":["GET"]}}],"collection":[{"href":"https:\/\/www.24baires.com\/index.php?rest_route=\/wp\/v2\/posts"}],"about":[{"href":"https:\/\/www.24baires.com\/index.php?rest_route=\/wp\/v2\/types\/post"}],"author":[{"embeddable":true,"href":"https:\/\/www.24baires.com\/index.php?rest_route=\/wp\/v2\/users\/11"}],"replies":[{"embeddable":true,"href":"https:\/\/www.24baires.com\/index.php?rest_route=%2Fwp%2Fv2%2Fcomments&post=13766"}],"version-history":[{"count":2,"href":"https:\/\/www.24baires.com\/index.php?rest_route=\/wp\/v2\/posts\/13766\/revisions"}],"predecessor-version":[{"id":13768,"href":"https:\/\/www.24baires.com\/index.php?rest_route=\/wp\/v2\/posts\/13766\/revisions\/13768"}],"wp:attachment":[{"href":"https:\/\/www.24baires.com\/index.php?rest_route=%2Fwp%2Fv2%2Fmedia&parent=13766"}],"wp:term":[{"taxonomy":"category","embeddable":true,"href":"https:\/\/www.24baires.com\/index.php?rest_route=%2Fwp%2Fv2%2Fcategories&post=13766"},{"taxonomy":"post_tag","embeddable":true,"href":"https:\/\/www.24baires.com\/index.php?rest_route=%2Fwp%2Fv2%2Ftags&post=13766"}],"curies":[{"name":"wp","href":"https:\/\/api.w.org\/{rel}","templated":true}]}}