{"id":13743,"date":"2013-01-27T19:48:07","date_gmt":"2013-01-27T22:48:07","guid":{"rendered":"http:\/\/www.24baires.com\/?p=13743"},"modified":"2013-01-27T19:48:07","modified_gmt":"2013-01-27T22:48:07","slug":"sabbatella-y-las-criticas-opositoras-al-bacua-da-verguenza-que-ni-siquiera-se-fijen-en-internet","status":"publish","type":"post","link":"https:\/\/www.24baires.com\/?p=13743","title":{"rendered":"Sabbatella y las cr\u00edticas opositoras al BACUA: \u00abDa verg\u00fcenza que ni siquiera se fijen en internet\u00bb"},"content":{"rendered":"<p style=\"text-align: center;\"><img data-recalc-dims=\"1\" loading=\"lazy\" decoding=\"async\" class=\"aligncenter  wp-image-9253\" alt=\"sabbatella post fallo\" src=\"https:\/\/i0.wp.com\/www.24baires.com\/wp-content\/uploads\/2012\/12\/sabbatella-post-fallo.jpg?resize=560%2C375\" width=\"560\" height=\"375\" \/><\/p>\n<p>El presidente de la AFSCA, Mart\u00edn Sabbatella, replic\u00f3 as\u00ed las cr\u00edticas opositoras sobre la posibilidad de que los canales puedan utilizar contenidos del <strong>Banco Audiovisual de Contenidos Universales Argentino (BACUA).<\/strong><!--more--><\/p>\n<p>\u00abEsos legisladores no tienen idea de lo que est\u00e1 hablando y cometen una equivocaci\u00f3n que resulta grav\u00edsima en boca de senadores y diputados, que es confundir lo p\u00fablico con lo gubernamental\u00bb, afirm\u00f3 en un comunicado.<\/p>\n<p>El jefe del bloque del radicalismo en Diputados, Ricardo Gil Lavedra, hab\u00eda dicho que la resoluci\u00f3n de la AFSCA \u00abrevela todo aquello que muchos temieron con la sanci\u00f3n de esta Ley, que es el reemplazo del monopolio privado por el monopolio gubernamental\u00bb.<\/p>\n<p>Por su parte, el senador radical Ernesto Sanz aleg\u00f3 que \u00abno es buscar la democratizaci\u00f3n de la palabra ni de los contenidos sino el de imponer los contenidos del Gobierno y generar un monopolio estatal para imponer todas las mentiras\u00bb.<\/p>\n<p>Sabbatella afirm\u00f3 que \u00abhablar de contenidos kirchneristas o de relato oficialista es una falta de respeto para los casi 100 jurados que intervinieron en la evaluaci\u00f3n de m\u00e1s de 2.000 propuestas audiovisuales de realizadores de todo el pa\u00eds\u00bb.<\/p>\n<p>\u00abEl BACUA es una base de contenidos audiovisuales de enorme calidad, y cuyas producciones han logrado reconocimientos en el mundo, como los EMMY a Dar\u00edo Grandinetti y Cristina Vanegas\u00bb, agreg\u00f3.<\/p>\n<p>A los ataques al BACUA se sum\u00f3 tambi\u00e9n el denarva\u00edsta Gustavo Ferrari quien generaliz\u00f3 diciendo que \u00abevidentemente cualquier resoluci\u00f3n del AFSCA genera sospechas\u00bb y afirm\u00f3 que \u00abdetr\u00e1s de la medida est\u00e1 el inter\u00e9s de controlar contenidos\u00bb.<\/p>\n<p>Frente a estas declaraciones, el titular de la AFSCA reflexion\u00f3: \u00abcreo que sencillamente no tienen ni idea de lo que est\u00e1n hablando; como voceros del poder corporativo, les mandaron a decir algo y ellos lo repiten sin miedo a hacer el rid\u00edculo, como lo est\u00e1n haciendo\u00bb.<\/p>\n<p>\u00abDa verg\u00fcenza que ni siquiera se fijaran en internet cu\u00e1les son los contenidos que cuestionan o a qu\u00e9 actores y directores est\u00e1n acusando\u00bb, agreg\u00f3.<\/p>\n<p>Por \u00faltimo, el titular del organismo de aplicaci\u00f3n de la ley de medios se refiri\u00f3 a los cuestionamientos de legisladores de la UCR porque critican una resoluci\u00f3n que<strong> \u00abfue aprobada por unanimidad en el directorio del AFSCA; es decir, con el voto del representante del radicalismo, Marcelo Stubrin\u00bb.<\/strong><\/p>\n<p>&nbsp;<\/p>\n<p>&nbsp;<\/p>\n<p>&nbsp;<\/p>\n<p>&nbsp;<\/p>\n<p>&nbsp;<\/p>\n<p>&nbsp;<\/p>\n<p>&nbsp;<\/p>\n<p>&nbsp;<\/p>\n","protected":false},"excerpt":{"rendered":"<p>El presidente de la AFSCA, Mart\u00edn Sabbatella, replic\u00f3 as\u00ed las cr\u00edticas opositoras sobre la posibilidad de que los canales puedan utilizar contenidos del Banco Audiovisual de Contenidos Universales Argentino (BACUA).<\/p>\n","protected":false},"author":11,"featured_media":0,"comment_status":"open","ping_status":"open","sticky":false,"template":"","format":"standard","meta":{"_jetpack_newsletter_access":"","_jetpack_dont_email_post_to_subs":false,"_jetpack_newsletter_tier_id":0,"_jetpack_memberships_contains_paywalled_content":false,"_jetpack_memberships_contains_paid_content":false,"footnotes":""},"categories":[54],"tags":[],"class_list":["post-13743","post","type-post","status-publish","format-standard","hentry","category-medios"],"jetpack_featured_media_url":"","jetpack_shortlink":"https:\/\/wp.me\/p2JWE0-3zF","jetpack-related-posts":[{"id":34797,"url":"https:\/\/www.24baires.com\/?p=34797","url_meta":{"origin":13743,"position":0},"title":"El Congreso nombr\u00f3 los directores de la Afsca","author":"GB","date":"07\/11\/2013","format":false,"excerpt":"La Comisi\u00f3n Bicameral de Seguimiento de la Comunicaci\u00f3n Audiovisual aprob\u00f3 hoy la designaci\u00f3n de los representantes del oficialismo y de la oposici\u00f3n en el directorio de la Autoridad Federal de Servicios de Comunicaci\u00f3n Audiovisual. La comisi\u00f3n, que preside la senadora Liliana Fellner, aval\u00f3 los nombramientos de Claudio Schifer, en representaci\u00f3n\u2026","rel":"","context":"En \u00abMedios\u00bb","block_context":{"text":"Medios","link":"https:\/\/www.24baires.com\/?cat=54"},"img":{"alt_text":"","src":"","width":0,"height":0},"classes":[]},{"id":104501,"url":"https:\/\/www.24baires.com\/?p=104501","url_meta":{"origin":13743,"position":1},"title":"El macrismo rechaz\u00f3 el proyecto de Emergencia Educativa en Mor\u00f3n","author":"GB","date":"16\/09\/2018","format":false,"excerpt":"La iniciativa hab\u00eda sido presentada por los bloques opositores frente a la crisis de infraestructura en las escuelas. \"La educaci\u00f3n no es prioridad para Tagliaferro\", denunciaron desde el kirchnerismo. Mientras se agudiza el conflicto salarial y edilicio en la provincia de Buenos Aires, Cambiemos vot\u00f3 en contra del proyecto presentado\u2026","rel":"","context":"En \u00abMunicipios\u00bb","block_context":{"text":"Municipios","link":"https:\/\/www.24baires.com\/?cat=44"},"img":{"alt_text":"","src":"https:\/\/i0.wp.com\/www.24baires.com\/wp-content\/uploads\/2018\/03\/tagliaferro.jpg?resize=350%2C200","width":350,"height":200,"srcset":"https:\/\/i0.wp.com\/www.24baires.com\/wp-content\/uploads\/2018\/03\/tagliaferro.jpg?resize=350%2C200 1x, https:\/\/i0.wp.com\/www.24baires.com\/wp-content\/uploads\/2018\/03\/tagliaferro.jpg?resize=525%2C300 1.5x"},"classes":[]},{"id":2333,"url":"https:\/\/www.24baires.com\/?p=2333","url_meta":{"origin":13743,"position":2},"title":"Se constituy\u00f3 la Comisi\u00f3n Bicameral de seguimiento de la Ley de Medios","author":"Grupo Sierra","date":"16\/10\/2012","format":false,"excerpt":"La Comisi\u00f3n Bicameral de seguimiento de la Ley de Comunicaci\u00f3n Audiovisual comenz\u00f3 a sesionar esta ma\u00f1ana donde se eligieron sus autoridades y qued\u00f3 formalmente constituida. \"Nosotros aspiramos fuertemente que los grupos econ\u00f3micos que son propietarios de licencias audiovisuales cumplan y se adecuen con la ley de medios\", dijo el flamante\u2026","rel":"","context":"En \u00abMedios\u00bb","block_context":{"text":"Medios","link":"https:\/\/www.24baires.com\/?cat=54"},"img":{"alt_text":"","src":"https:\/\/i0.wp.com\/www.24baires.com\/wp-content\/uploads\/2012\/10\/bicameral_medios_161012_3_ef_31165.jpg?resize=350%2C200","width":350,"height":200,"srcset":"https:\/\/i0.wp.com\/www.24baires.com\/wp-content\/uploads\/2012\/10\/bicameral_medios_161012_3_ef_31165.jpg?resize=350%2C200 1x, https:\/\/i0.wp.com\/www.24baires.com\/wp-content\/uploads\/2012\/10\/bicameral_medios_161012_3_ef_31165.jpg?resize=525%2C300 1.5x"},"classes":[]},{"id":3363,"url":"https:\/\/www.24baires.com\/?p=3363","url_meta":{"origin":13743,"position":3},"title":"Sabbatella se reuni\u00f3 con la C\u00e1mara de Cableoperadores Independientes","author":"Grupo Sierra","date":"26\/10\/2012","format":false,"excerpt":"El presidente de la Autoridad Federal de Servicios de Comunicaci\u00f3n Audiovisual, Mart\u00edn Sabbatella, mantuvo un encuentro con el presidente de la C\u00e1mara de Cableoperadores Independientes (CCI), Gabriel Bandiera, quien afirm\u00f3 que para los \"cableoperadores independientes es muy importante que se abran nuevas posibilidades de expresi\u00f3n y que se termine con\u2026","rel":"","context":"En \u00abMedios\u00bb","block_context":{"text":"Medios","link":"https:\/\/www.24baires.com\/?cat=54"},"img":{"alt_text":"","src":"","width":0,"height":0},"classes":[]},{"id":46502,"url":"https:\/\/www.24baires.com\/?p=46502","url_meta":{"origin":13743,"position":4},"title":"\u00abEstamos estudiando que no haya v\u00ednculo societario entre las unidades en que se dividi\u00f3 Clar\u00edn\u00bb","author":"AF","date":"22\/05\/2014","format":false,"excerpt":"El titular de la Autoridad Federal de Servicios de Comunicaci\u00f3n Audiovisual (Afsca), Mart\u00edn Sabbatella, asegur\u00f3 que el organismo estudia el plan de adecuaci\u00f3n presentado por el Grupo Clar\u00edn para verificar que \"no haya v\u00ednculo societario\" entre las diferentes unidades empresariales que debieron conformarse en cumplimiento de la Ley de Medios.\u2026","rel":"","context":"En \u00abMedios\u00bb","block_context":{"text":"Medios","link":"https:\/\/www.24baires.com\/?cat=54"},"img":{"alt_text":"sabbatella","src":"https:\/\/i0.wp.com\/www.24baires.com\/wp-content\/uploads\/2012\/09\/sabbatella.jpg?resize=350%2C200","width":350,"height":200,"srcset":"https:\/\/i0.wp.com\/www.24baires.com\/wp-content\/uploads\/2012\/09\/sabbatella.jpg?resize=350%2C200 1x, https:\/\/i0.wp.com\/www.24baires.com\/wp-content\/uploads\/2012\/09\/sabbatella.jpg?resize=525%2C300 1.5x"},"classes":[]},{"id":820,"url":"https:\/\/www.24baires.com\/?p=820","url_meta":{"origin":13743,"position":5},"title":"El gobierno \u00abno vino a estatizar, sino a hacer cumplir la ley\u00bb asegur\u00f3 Sabbatella","author":"Grupo Sierra","date":"02\/10\/2012","format":false,"excerpt":"El titular de la Autoridad Federal de Servicios de Comunicaci\u00f3n Audiovisual (AFSCA), Mart\u00edn Sabbatella, reiter\u00f3 que el gobierno \"no vino a estatizar, sino a hacer cumplir la ley\". El moronense se reuni\u00f3 con los titulares de ambas c\u00e1maras legislativas y el presidente del bloque de diputados del FpV.\u00a0 El Congreso\u2026","rel":"","context":"En \u00abMedios\u00bb","block_context":{"text":"Medios","link":"https:\/\/www.24baires.com\/?cat=54"},"img":{"alt_text":"","src":"https:\/\/i0.wp.com\/www.24baires.com\/wp-content\/uploads\/2012\/10\/sabbatella-congreso1.jpg?resize=350%2C200","width":350,"height":200,"srcset":"https:\/\/i0.wp.com\/www.24baires.com\/wp-content\/uploads\/2012\/10\/sabbatella-congreso1.jpg?resize=350%2C200 1x, https:\/\/i0.wp.com\/www.24baires.com\/wp-content\/uploads\/2012\/10\/sabbatella-congreso1.jpg?resize=525%2C300 1.5x"},"classes":[]}],"jetpack_sharing_enabled":true,"jetpack_likes_enabled":true,"_links":{"self":[{"href":"https:\/\/www.24baires.com\/index.php?rest_route=\/wp\/v2\/posts\/13743","targetHints":{"allow":["GET"]}}],"collection":[{"href":"https:\/\/www.24baires.com\/index.php?rest_route=\/wp\/v2\/posts"}],"about":[{"href":"https:\/\/www.24baires.com\/index.php?rest_route=\/wp\/v2\/types\/post"}],"author":[{"embeddable":true,"href":"https:\/\/www.24baires.com\/index.php?rest_route=\/wp\/v2\/users\/11"}],"replies":[{"embeddable":true,"href":"https:\/\/www.24baires.com\/index.php?rest_route=%2Fwp%2Fv2%2Fcomments&post=13743"}],"version-history":[{"count":4,"href":"https:\/\/www.24baires.com\/index.php?rest_route=\/wp\/v2\/posts\/13743\/revisions"}],"predecessor-version":[{"id":13752,"href":"https:\/\/www.24baires.com\/index.php?rest_route=\/wp\/v2\/posts\/13743\/revisions\/13752"}],"wp:attachment":[{"href":"https:\/\/www.24baires.com\/index.php?rest_route=%2Fwp%2Fv2%2Fmedia&parent=13743"}],"wp:term":[{"taxonomy":"category","embeddable":true,"href":"https:\/\/www.24baires.com\/index.php?rest_route=%2Fwp%2Fv2%2Fcategories&post=13743"},{"taxonomy":"post_tag","embeddable":true,"href":"https:\/\/www.24baires.com\/index.php?rest_route=%2Fwp%2Fv2%2Ftags&post=13743"}],"curies":[{"name":"wp","href":"https:\/\/api.w.org\/{rel}","templated":true}]}}