{"id":13551,"date":"2013-01-25T14:00:00","date_gmt":"2013-01-25T17:00:00","guid":{"rendered":"http:\/\/www.24baires.com\/?p=13551"},"modified":"2013-01-25T15:31:04","modified_gmt":"2013-01-25T18:31:04","slug":"de-la-sota-clausuro-otra-planta-transmisora-de-television-digital-abierta-en-cordoba","status":"publish","type":"post","link":"https:\/\/www.24baires.com\/?p=13551","title":{"rendered":"De la Sota clausur\u00f3 otra planta transmisora de Televisi\u00f3n Digital Abierta en C\u00f3rdoba"},"content":{"rendered":"<p>El gobierno de la provincia de C\u00f3rdoba, que encabeza Jos\u00e9 Manuel de la Sota, orden\u00f3 al municipio de Leones el corte del servicio de Televisi\u00f3n Digital Abierta (TDA) en esa ciudad, luego de que en diciembre \u00faltimo adoptara id\u00e9ntica decisi\u00f3n en la localidad de R\u00edo Cuarto.\u00a0La nueva medida de De la Sota provoc\u00f3 el inmediato rechazo de dirigentes locales, entre ellos el diputado nacional del Frente para la Victoria (FpV) por C\u00f3rdoba y ex intendente de Leones, Fabi\u00e1n Francioni, quien sostuvo que el mandatario <strong>\u00abes empleado del grupo Clar\u00edn y, por lo tanto, siempre perjudicar\u00e1 a los que menos tienen, haciendo que paguen 170 pesos mensuales de abono en Multicanal\u00bb.<\/strong><!--more--><\/p>\n<p>\u00abEs vergonzoso que nos est\u00e9 quitando los derechos que tenemos como argentinos para disfrutar de una televisi\u00f3n p\u00fablica y universal como la que nos brinda la Televisi\u00f3n Digital Abierta\u00bb, advirti\u00f3 el legislador nacional.<br \/>\nA trav\u00e9s de la Secretar\u00eda de Ambiente, el gobierno de la provincia de C\u00f3rdoba orden\u00f3 al municipio de Leones que corte el funcionamiento de la antena de Televisi\u00f3n Digital Abierta (TDA) instalada en Leones.<\/p>\n<p>La administraci\u00f3n de De la Sota hab\u00eda aplicado una medida similar en diciembre pasado sobre la antena de TDA que estaba instalada en la ciudad de R\u00edo Cuarto.<br \/>\nLa intendencia local fue notificada de esta resoluci\u00f3n de manera indirecta, a trav\u00e9s de una comunicaci\u00f3n de la empresa estatal federal ArSat.<br \/>\nLa causa de esta virtual clausura radica en el hecho de que el organismo ambiental de la provincia no convalid\u00f3 el estudio de impacto ambiental presentado por el municipio en 2011. En consecuencia, exigi\u00f3 que deje de prestarse el servicio de Televisi\u00f3n Digital en el sudeste cordob\u00e9s.<\/p>\n<p>Tras conocer la noticia, la concejal Lorena Bussi, a cargo transitoriamente del Departamento Ejecutivo, por licencia de Francioni, confirm\u00f3 la informaci\u00f3n a T\u00e9lam y mantuvo comunicaciones con los responsables de Arsat para determinar las acciones a seguir.<br \/>\nDijo que ayer se recibi\u00f3 la notificaci\u00f3n en la que se informa la resoluci\u00f3n respecto al cese del funcionamiento de la antena instalada y precis\u00f3 que el problema radicar\u00eda en el estudio de impacto ambiental que fue rechazado desde el gobierno de Jos\u00e9 Manuel De la Sota.<\/p>\n<p>Por su parte, Pablo Caferata, secretario de Gobierno de la Municipalidad de Leones, coment\u00f3 que de las 68 antenas que est\u00e1n instaladas en todo el pa\u00eds, las \u00fanicas dos que tienen problemas se encuentran en C\u00f3rdoba, tanto en R\u00edo Cuarto como en Leones\u00bb.<\/p>\n<p>\u00abLa \u00fanica diferencia es que la nuestra est\u00e1 en un terreno municipal fuera del ejido urbano, con un estudio de impacto ambiental presentado en las mismas condiciones que lo hicieron las ciudades donde se encuentran las dem\u00e1s estaciones, sostuvo el funcionario.<\/p>\n<p>La antena de televisi\u00f3n digital abierta funciona en Leones desde el 14 de diciembre del 2011 y se trat\u00f3 de una de las primeras estructuras que se instalaron en el territorio cordob\u00e9s en el marco del proyecto del gobierno nacional de llevar TV gratuita a todos los rincones del pa\u00eds.<\/p>\n<p>Se trata de una zona de influencia que alcanza dos departamentos, Uni\u00f3n y Marcos Ju\u00e1rez, donde se brinda el servicio a casi 100 mil habitantes.<br \/>\nTras algunos inconvenientes t\u00e9cnicos, finalmente se instal\u00f3 a 70 metros de altura, con un \u00e1rea de cobertura de 60 kil\u00f3metros a la redonda.<\/p>\n","protected":false},"excerpt":{"rendered":"<p>El gobierno de la provincia de C\u00f3rdoba, que encabeza Jos\u00e9 Manuel de la Sota, orden\u00f3 al municipio de Leones el corte del servicio de Televisi\u00f3n Digital Abierta (TDA) en esa ciudad, luego de que en diciembre \u00faltimo adoptara id\u00e9ntica decisi\u00f3n en la localidad de R\u00edo Cuarto.\u00a0La nueva medida de De la Sota provoc\u00f3 el inmediato rechazo de dirigentes locales, entre [&#8230;]<\/p>\n","protected":false},"author":11,"featured_media":0,"comment_status":"open","ping_status":"open","sticky":false,"template":"","format":"standard","meta":{"_jetpack_newsletter_access":"","_jetpack_dont_email_post_to_subs":false,"_jetpack_newsletter_tier_id":0,"_jetpack_memberships_contains_paywalled_content":false,"_jetpack_memberships_contains_paid_content":false,"footnotes":""},"categories":[54,51],"tags":[],"class_list":["post-13551","post","type-post","status-publish","format-standard","hentry","category-medios","category-politica"],"jetpack_featured_media_url":"","jetpack_shortlink":"https:\/\/wp.me\/p2JWE0-3wz","jetpack-related-posts":[{"id":15520,"url":"https:\/\/www.24baires.com\/?p=15520","url_meta":{"origin":13551,"position":0},"title":"Dejan sin efecto \u00abel cese preventivo\u00bb de antenas de TDA en C\u00f3rdoba","author":"AF","date":"13\/02\/2013","format":false,"excerpt":"El gobierno de C\u00f3rdoba resolvi\u00f3 este mi\u00e9rcoles \"dejar sin efecto el cese preventivo para la instalaci\u00f3n de antenas\" de la Televisi\u00f3n Digital Abierta en las localidades de Leones, Malague\u00f1o, Villa Mar\u00eda y Villa Dolores. En ese marco, a trav\u00e9s de una resoluci\u00f3n de la Secretar\u00eda de Ambiente, le otorg\u00f3 a\u2026","rel":"","context":"En \u00abMedios\u00bb","block_context":{"text":"Medios","link":"https:\/\/www.24baires.com\/?cat=54"},"img":{"alt_text":"de la sota","src":"https:\/\/i0.wp.com\/www.24baires.com\/wp-content\/uploads\/2013\/02\/de-la-sota.jpg?resize=350%2C200","width":350,"height":200,"srcset":"https:\/\/i0.wp.com\/www.24baires.com\/wp-content\/uploads\/2013\/02\/de-la-sota.jpg?resize=350%2C200 1x, https:\/\/i0.wp.com\/www.24baires.com\/wp-content\/uploads\/2013\/02\/de-la-sota.jpg?resize=525%2C300 1.5x"},"classes":[]},{"id":14275,"url":"https:\/\/www.24baires.com\/?p=14275","url_meta":{"origin":13551,"position":1},"title":"Casi todos los canales nacionales coincidieron en la \u00abinconstitucionalidad\u00bb de la medida","author":"Grupo Sierra","date":"01\/02\/2013","format":false,"excerpt":"Lo hicieron a trav\u00e9s de una solicitada publicada en los principales matutinos nacionales, en la cual alertaron tambi\u00e9n sobre el \"grave ataque a la libertad de expresi\u00f3n\" que constituye la medida del Gobernador De la Sota de clausurar cinco antenas de la Televisi\u00f3n Abierta Digital en la Provincia de C\u00f3rdoba.\u2026","rel":"","context":"En \u00abMedios\u00bb","block_context":{"text":"Medios","link":"https:\/\/www.24baires.com\/?cat=54"},"img":{"alt_text":"","src":"","width":0,"height":0},"classes":[]},{"id":15193,"url":"https:\/\/www.24baires.com\/?p=15193","url_meta":{"origin":13551,"position":2},"title":"Bussi: \u00abDe la Sota sabe que est\u00e1 defendiendo medidas absurdas\u00bb","author":"AF","date":"09\/02\/2013","format":false,"excerpt":"Lorena Bussi, intendenta de Leones, C\u00f3rdoba, asegur\u00f3 que espera \u201cuna pronta respuesta favorable de la Justicia para que se termine esta medida arbitraria y caprichosa del gobernador De la Sota y vuelvan a funcionar las antenas de TDA en C\u00f3rdoba\u201d. Bussi confirm\u00f3 la presentaci\u00f3n por parte de ese municipio de\u2026","rel":"","context":"En \u00abMedios\u00bb","block_context":{"text":"Medios","link":"https:\/\/www.24baires.com\/?cat=54"},"img":{"alt_text":"bussi","src":"https:\/\/i0.wp.com\/www.24baires.com\/wp-content\/uploads\/2013\/02\/bussi.jpg?resize=350%2C200","width":350,"height":200},"classes":[]},{"id":15573,"url":"https:\/\/www.24baires.com\/?p=15573","url_meta":{"origin":13551,"position":3},"title":"\u00abDe la Sota se dio cuenta de que no iba a poder defender los actos de censura que cometi\u00f3\u00bb","author":"AF","date":"13\/02\/2013","format":false,"excerpt":"Lo afirm\u00f3 el titular de la Afsca, Mart\u00edn Sabbatella, al hacer referencia a la decisi\u00f3n del gobernador cordob\u00e9s de \"dejar sin efecto\" las clausuras de las antenas de la Televisi\u00f3n Digital Abierta (TDA) que hab\u00eda dispuesto en varios municipios de la provincia. \"El gobernador se dio cuenta de que no\u2026","rel":"","context":"En \u00abMedios\u00bb","block_context":{"text":"Medios","link":"https:\/\/www.24baires.com\/?cat=54"},"img":{"alt_text":"","src":"","width":0,"height":0},"classes":[]},{"id":14743,"url":"https:\/\/www.24baires.com\/?p=14743","url_meta":{"origin":13551,"position":4},"title":"Sabbatella: \u00abDe la Sota no tiene derecho a dejar a los cordobeses cautivos de la TV paga\u00bb","author":"AF","date":"05\/02\/2013","format":false,"excerpt":"El titular de la Afsca, Mart\u00edn Sabbatella, cuestion\u00f3 al gobernador cordob\u00e9s Jos\u00e9 Manuel de la Sota, ya que en el mismo predio en el que clausur\u00f3 una antena de Arsat, permite que funcione una antena de Cablevisi\u00f3n\u201d. Respecto de la decisi\u00f3n del mandatario provincial de clausurar cinco antenas de Televisi\u00f3n\u2026","rel":"","context":"En \u00abMedios\u00bb","block_context":{"text":"Medios","link":"https:\/\/www.24baires.com\/?cat=54"},"img":{"alt_text":"","src":"","width":0,"height":0},"classes":[]},{"id":15350,"url":"https:\/\/www.24baires.com\/?p=15350","url_meta":{"origin":13551,"position":5},"title":"La Justicia se expedir\u00e1 sobre la cautelar contra la clausura de antenas en C\u00f3rdoba","author":"AF","date":"11\/02\/2013","format":false,"excerpt":"La Justicia Federal de C\u00f3rdoba podr\u00eda expedirse esta semana sobre la medida cautelar promovida contra las clausuras de las antenas de transmisi\u00f3n de la Televisi\u00f3n Digital Abierta (TDA), dispuestas por el gobernador Jos\u00e9 Manuel de la Sota. As\u00ed lo manifest\u00f3 esta ma\u00f1ana el delegado local de la Autoridad Federal del\u2026","rel":"","context":"En \u00abMedios\u00bb","block_context":{"text":"Medios","link":"https:\/\/www.24baires.com\/?cat=54"},"img":{"alt_text":"","src":"","width":0,"height":0},"classes":[]}],"jetpack_sharing_enabled":true,"jetpack_likes_enabled":true,"_links":{"self":[{"href":"https:\/\/www.24baires.com\/index.php?rest_route=\/wp\/v2\/posts\/13551","targetHints":{"allow":["GET"]}}],"collection":[{"href":"https:\/\/www.24baires.com\/index.php?rest_route=\/wp\/v2\/posts"}],"about":[{"href":"https:\/\/www.24baires.com\/index.php?rest_route=\/wp\/v2\/types\/post"}],"author":[{"embeddable":true,"href":"https:\/\/www.24baires.com\/index.php?rest_route=\/wp\/v2\/users\/11"}],"replies":[{"embeddable":true,"href":"https:\/\/www.24baires.com\/index.php?rest_route=%2Fwp%2Fv2%2Fcomments&post=13551"}],"version-history":[{"count":3,"href":"https:\/\/www.24baires.com\/index.php?rest_route=\/wp\/v2\/posts\/13551\/revisions"}],"predecessor-version":[{"id":13557,"href":"https:\/\/www.24baires.com\/index.php?rest_route=\/wp\/v2\/posts\/13551\/revisions\/13557"}],"wp:attachment":[{"href":"https:\/\/www.24baires.com\/index.php?rest_route=%2Fwp%2Fv2%2Fmedia&parent=13551"}],"wp:term":[{"taxonomy":"category","embeddable":true,"href":"https:\/\/www.24baires.com\/index.php?rest_route=%2Fwp%2Fv2%2Fcategories&post=13551"},{"taxonomy":"post_tag","embeddable":true,"href":"https:\/\/www.24baires.com\/index.php?rest_route=%2Fwp%2Fv2%2Ftags&post=13551"}],"curies":[{"name":"wp","href":"https:\/\/api.w.org\/{rel}","templated":true}]}}