{"id":13540,"date":"2013-01-25T16:00:24","date_gmt":"2013-01-25T19:00:24","guid":{"rendered":"http:\/\/www.24baires.com\/?p=13540"},"modified":"2013-01-25T15:12:26","modified_gmt":"2013-01-25T18:12:26","slug":"coto-despidio-a-una-empleada-por-sus-opiniones-en-facebook","status":"publish","type":"post","link":"https:\/\/www.24baires.com\/?p=13540","title":{"rendered":"Coto despidi\u00f3 a una empleada \u00abpor sus opiniones en Facebook\u00bb"},"content":{"rendered":"<p>La empresa de supermercados Coto se infiltr\u00f3 en el facebook de una empleada y la despidi\u00f3 porque la trabajadora denunciaba en la red social, los abusos patronales que la firma comet\u00eda contra ella y sus compa\u00f1eros de trabajo.<!--more--><\/p>\n<p>Este despido se suma a otros y a innumerables pr\u00e1cticas de maltrato laboral y persecuci\u00f3n sindical que existen en esa empresa, conocida en el pa\u00eds por su persecuci\u00f3n a todo trabajador y trabajadora que tenga actividad sindical, o simplemente, manifieste cualquier tipo de adhesi\u00f3n por ideas contrarias a las implantadas a fuerza de golpizas, despidos y amenazas por parte de los punteros de los recaudadores del sindicato, que en muchos casos operan bajo la figura de \u00abdelegados\u00bb.<\/p>\n<p>Las desventuras de la trabajadora comenz\u00f3 cuando a fines de 2012, la supervisora de la sucursal donde trabajaba -aunque sab\u00eda que tiene una hija en edad escolar- resolvi\u00f3 otorgarle de forma arbitraria las vacaciones en pleno mes de noviembre, esta forma habitual de maltrato que sufren las mujeres que trabajan en esa firma, contrasta con el trato que recibe muchas veces el personal con menos antig\u00fcedad y sin carga de familia, porque es una forma de mantener dividido al personal. Recurri\u00f3 a sus \u00abdelegados\u00bb que responden al Sindicato de Empleados de Comercio de Capital Federal, que conduce el empresario Armando Oriente Cavalieri, estos le dijeron que intervendr\u00edan.<\/p>\n<p>Nunca lo hicieron. Por su lado, comenz\u00f3 a buscar informaci\u00f3n, quer\u00eda saber si eso que le obligaron a firmar era legal, el sentido com\u00fan le indicaba que una trabajadora con hijos debiera tener alg\u00fan tipo de prioridad por sobre el personal sin hijos y con menos antig\u00fcedad. Ten\u00eda raz\u00f3n.<\/p>\n<p>El convenio colectivo y la ley de contrato de trabajo son claros en este punto: \u201cEl personal que tenga hijos en la escuela primaria, tendr\u00e1 preferencia con relaci\u00f3n al resto, para que el otorgamiento de las vacaciones tenga lugar durante la \u00e9poca de receso de las clases\u201d. Textual del Art. 75 del CCT 130\/75 de empleados de comercio.<\/p>\n<p>Indignada por la situaci\u00f3n injusta, public\u00f3 este dato en su perfil de Facebook y lo comparti\u00f3 con sus compa\u00f1eros de trabajo, a partir de all\u00ed, ese espacio que hasta entonces era el medio de intercambio de momentos de esparcimiento, se convirti\u00f3 en un sitio de debate donde los trabajadores comenzaron a conocer derechos elementales del contrato de trabajo que la empresa Coto jam\u00e1s respeta.<\/p>\n<p>Desde entonces, la asamblea sindical que jam\u00e1s tuvieron porque son inexistentes en la empresa Coto, encontr\u00f3 su \u00e1mbito de deliberaci\u00f3n en la red social. Advertida de este problema, y con datos e identidades, la empresa comenz\u00f3 a indagar en los perfiles de su personal, hasta que logr\u00f3 constatar quien era la persona convocante del debate.<\/p>\n<p>Los delegados -ya desenmascarados- tambi\u00e9n se vieron en un problema y un d\u00eda se acercaron al puesto de trabajo, \u201cvinieron a apretarme, me dijeron que tuviera cuidado lo que publicaba en facebook y que me \u201cfijara\u201d a quienes ten\u00eda de amigo me dijeron esos traidores\u201d. Luego la visit\u00f3 la directora de recursos humanos de la empresa y le reiter\u00f3 su queja por los comentarios del facebook. Lo mismo hizo luego la psic\u00f3loga que env\u00edo la empresa para revisar su \u00abmalestar\u00bb.<\/p>\n<p>A pesar de la persecuci\u00f3n y todo el c\u00f3ctel de violencia laboral que la empresa descarg\u00f3 sobre ella, pudo resistir los embates cada vez m\u00e1s agresivos y en esa resistencia y el \u201cciberactivismo\u201d que ide\u00f3 fue provocando un proceso de concientizaci\u00f3n entre sus compa\u00f1eros, in\u00e9dito hasta entonces en estas geograf\u00edas empresariales dedicadas a tiempo completo y con recursos infinitos a \u00abprevenirlos\u00bb. Ya existiendo, a corromperlos, \u00abasociarlos\u00bb o, al menos, neutralizarlos. Fracasando en estos intentos, se han dedicado a \u00abdifamarla\u00bb, \u00abperseguirla\u00bb y finalmente \u00abdespedirla\u00bb a\u00fan sin poder siquiera \u00abdibujarle\u00bb una causa.<\/p>\n<p>El s\u00e1bado 12 de enero, la jefa y el gerente del local, c\u00e9lebre en youtube y entre la gerencia de Coto por su sobresaliente conducta maltratadora, le informaron que la trasladaban de sucursal, los delegados Gonzalo y Eduardo alias \u201cEl cuervo\u201d advertidos por la gerencia se borraron y ya no le respondieron los mensajes. La ausencia del Sindicato de Empleados de Comercio de Capital Federal no s\u00f3lo es palpable por este abandono del ejercicio de representaci\u00f3n sindical en el lugar de trabajo sino de cualquier otra forma de representaci\u00f3n m\u00e1s all\u00e1 de aquella que pueda garantizarles solvencia econ\u00f3mica.<\/p>\n<p>Intent\u00f3 llamar a la linea de Gloria Coto -una linea directa con la esposa del due\u00f1o que la empresa implement\u00f3 para detectar el activismo gremial- para conocer los detalles de su situaci\u00f3n en la nueva sucursal, le dijeron que fuera a trabajar tranquila. Al mismo tiempo que le enviaban el telegrama de despido.<\/p>\n<p>&nbsp;<\/p>\n<p>&nbsp;<\/p>\n<p>&nbsp;<\/p>\n<p>&nbsp;<\/p>\n<p>&nbsp;<\/p>\n<p>&nbsp;<\/p>\n<p>&nbsp;<\/p>\n<p>&nbsp;<\/p>\n<p>&nbsp;<\/p>\n<p>&nbsp;<\/p>\n<p>&nbsp;<\/p>\n<p>&nbsp;<\/p>\n<p>&nbsp;<\/p>\n<p>&nbsp;<\/p>\n<p>&nbsp;<\/p>\n<p>&nbsp;<\/p>\n<p>&nbsp;<\/p>\n<p>&nbsp;<\/p>\n<p>&nbsp;<\/p>\n","protected":false},"excerpt":{"rendered":"<p>La empresa de supermercados Coto se infiltr\u00f3 en el facebook de una empleada y la despidi\u00f3 porque la trabajadora denunciaba en la red social, los abusos patronales que la firma comet\u00eda contra ella y sus compa\u00f1eros de trabajo.<\/p>\n","protected":false},"author":4,"featured_media":0,"comment_status":"open","ping_status":"open","sticky":false,"template":"","format":"standard","meta":{"_jetpack_newsletter_access":"","_jetpack_dont_email_post_to_subs":false,"_jetpack_newsletter_tier_id":0,"_jetpack_memberships_contains_paywalled_content":false,"_jetpack_memberships_contains_paid_content":false,"footnotes":""},"categories":[1],"tags":[],"class_list":["post-13540","post","type-post","status-publish","format-standard","hentry","category-sociedad"],"jetpack_featured_media_url":"","jetpack_shortlink":"https:\/\/wp.me\/p2JWE0-3wo","jetpack-related-posts":[{"id":89754,"url":"https:\/\/www.24baires.com\/?p=89754","url_meta":{"origin":13540,"position":0},"title":"Trabajadores de Carrefour denuncian despidos y persecuci\u00f3n","author":"GB","date":"11\/11\/2016","format":false,"excerpt":"Camioneros denunciaron que fueron cesanteados 12 trabajadores del centro de distribuci\u00f3n de la sucursal de Esteban Echeverr\u00eda. Tambi\u00e9n adviertieron sobre acoso laboral y amenazas. Trabajadores de la sucursal que el hipermercado Carrefour tiene en Esteban Echeverr\u00eda denunciaron que la empresa despidi\u00f3 sin justificaci\u00f3n a 12 empleados del centro de distribuci\u00f3n,\u2026","rel":"","context":"En \u00abSociedad\u00bb","block_context":{"text":"Sociedad","link":"https:\/\/www.24baires.com\/?cat=1"},"img":{"alt_text":"Carrefour","src":"https:\/\/i0.wp.com\/www.24baires.com\/wp-content\/uploads\/2014\/03\/Carrefour.jpg?resize=350%2C200","width":350,"height":200,"srcset":"https:\/\/i0.wp.com\/www.24baires.com\/wp-content\/uploads\/2014\/03\/Carrefour.jpg?resize=350%2C200 1x, https:\/\/i0.wp.com\/www.24baires.com\/wp-content\/uploads\/2014\/03\/Carrefour.jpg?resize=525%2C300 1.5x"},"classes":[]},{"id":107974,"url":"https:\/\/www.24baires.com\/?p=107974","url_meta":{"origin":13540,"position":1},"title":"La f\u00e1brica de alimentos Alijor despidi\u00f3 una decena de trabajadores y amenaz\u00f3 con cerrar","author":"GB","date":"05\/05\/2019","format":false,"excerpt":"GAR\u00cdN-Adem\u00e1s, la empresa se niega a pagar indemnizaciones. El Consejo Directivo del STIA Filial Buenos Aires ya hab\u00eda denunciado penalmente al personal superior de Alijor S. A por una causa caratulada como \"hostigamiento\". La alimenticia Alijor con planta en Gar\u00edn de la provincia de Buenos Aires, se sum\u00f3 a la\u2026","rel":"","context":"En \u00abMunicipios\u00bb","block_context":{"text":"Municipios","link":"https:\/\/www.24baires.com\/?cat=44"},"img":{"alt_text":"","src":"https:\/\/i0.wp.com\/www.24baires.com\/wp-content\/uploads\/2019\/05\/ALIJOR-GARIN.jpg?resize=350%2C200","width":350,"height":200,"srcset":"https:\/\/i0.wp.com\/www.24baires.com\/wp-content\/uploads\/2019\/05\/ALIJOR-GARIN.jpg?resize=350%2C200 1x, https:\/\/i0.wp.com\/www.24baires.com\/wp-content\/uploads\/2019\/05\/ALIJOR-GARIN.jpg?resize=525%2C300 1.5x"},"classes":[]},{"id":94849,"url":"https:\/\/www.24baires.com\/?p=94849","url_meta":{"origin":13540,"position":2},"title":"Valent\u00edn Alsina: trabajadores de Techint denuncian despidos y persecuci\u00f3n gremial","author":"AF","date":"30\/05\/2017","format":false,"excerpt":"En su planta de TENARIS SIAT de Valent\u00edn Alsina, la empresa despidi\u00f3 a un trabajador y aplic\u00f3 sanciones arbitrarias a otros tres compa\u00f1eros, afirmaron en un comunicado. Trabajadores pertenicentes al Grupo Techint denunciaron persecusiones, despidos y sanciones arbitrarias por parte de la empresa. A trav\u00e9s de un comunicado, dieron a\u2026","rel":"","context":"En \u00abSociedad\u00bb","block_context":{"text":"Sociedad","link":"https:\/\/www.24baires.com\/?cat=1"},"img":{"alt_text":"","src":"https:\/\/i0.wp.com\/www.24baires.com\/wp-content\/uploads\/2017\/05\/techint.jpg?resize=350%2C200","width":350,"height":200,"srcset":"https:\/\/i0.wp.com\/www.24baires.com\/wp-content\/uploads\/2017\/05\/techint.jpg?resize=350%2C200 1x, https:\/\/i0.wp.com\/www.24baires.com\/wp-content\/uploads\/2017\/05\/techint.jpg?resize=525%2C300 1.5x"},"classes":[]},{"id":94220,"url":"https:\/\/www.24baires.com\/?p=94220","url_meta":{"origin":13540,"position":3},"title":"M\u00e1s de 30 despidos en el Ministerio de Trabajo: denuncian persecuci\u00f3n sindical","author":"GB","date":"02\/05\/2017","format":false,"excerpt":"M\u00e1s de una treintena de empleados de maestranza de la cartera que conduce Triaca quedaron en la calle. La empresa tercerizada y el Ministerio se hab\u00edan comprometido a conservar sus puestos. El sindicato advirti\u00f3 que s\u00f3lo fueron despedidos quienes estaban organizados gremialmente. Un d\u00eda despu\u00e9s de los actos por el\u2026","rel":"","context":"En \u00abSociedad\u00bb","block_context":{"text":"Sociedad","link":"https:\/\/www.24baires.com\/?cat=1"},"img":{"alt_text":"","src":"https:\/\/i0.wp.com\/www.24baires.com\/wp-content\/uploads\/2017\/05\/ministerio.jpg?resize=350%2C200","width":350,"height":200,"srcset":"https:\/\/i0.wp.com\/www.24baires.com\/wp-content\/uploads\/2017\/05\/ministerio.jpg?resize=350%2C200 1x, https:\/\/i0.wp.com\/www.24baires.com\/wp-content\/uploads\/2017\/05\/ministerio.jpg?resize=525%2C300 1.5x"},"classes":[]},{"id":54190,"url":"https:\/\/www.24baires.com\/?p=54190","url_meta":{"origin":13540,"position":4},"title":"Monte Grande: cerraron importante frigor\u00edfico av\u00edcola y la Provincia mediar\u00e1","author":"AF","date":"24\/09\/2014","format":false,"excerpt":"La empresa av\u00edcola Cresta Roja decidi\u00f3 cerrar ayer una de sus plantas en la localidad bonaerense de Monte Grande y despidi\u00f3 a 1200 trabajadores. Seg\u00fan fuentes empresariales, el motivo es la conflictividad sindical que enfrentaba desde hac\u00eda varios a\u00f1os y que les hac\u00eda ya imposible continuar con la faena de\u2026","rel":"","context":"En \u00abLocales\u00bb","block_context":{"text":"Locales","link":"https:\/\/www.24baires.com\/?cat=38"},"img":{"alt_text":"","src":"","width":0,"height":0},"classes":[]},{"id":122541,"url":"https:\/\/www.24baires.com\/?p=122541","url_meta":{"origin":13540,"position":5},"title":"Tras el cierre de su planta en Campana, Simpa eval\u00faa bajar la persiana tambi\u00e9n en Pilar","author":"GB","date":"15\/09\/2025","format":false,"excerpt":"KTM, del Grupo Simpa, cerr\u00f3 su f\u00e1brica de motos en el Parque Industrial de Campana y despidi\u00f3 medio centenar de trabajadores. Hay incertidumbre sobre lo que podr\u00eda suceder con la planta de Pilar y sus empleados. En medio de la crisis econ\u00f3mica y la apertura de importaciones impulsada por el\u2026","rel":"","context":"En \u00abMunicipios\u00bb","block_context":{"text":"Municipios","link":"https:\/\/www.24baires.com\/?cat=44"},"img":{"alt_text":"","src":"https:\/\/i0.wp.com\/www.24baires.com\/wp-content\/uploads\/2025\/09\/fab-moto.webp?resize=350%2C200","width":350,"height":200,"srcset":"https:\/\/i0.wp.com\/www.24baires.com\/wp-content\/uploads\/2025\/09\/fab-moto.webp?resize=350%2C200 1x, https:\/\/i0.wp.com\/www.24baires.com\/wp-content\/uploads\/2025\/09\/fab-moto.webp?resize=525%2C300 1.5x, https:\/\/i0.wp.com\/www.24baires.com\/wp-content\/uploads\/2025\/09\/fab-moto.webp?resize=700%2C400 2x"},"classes":[]}],"jetpack_sharing_enabled":true,"jetpack_likes_enabled":true,"_links":{"self":[{"href":"https:\/\/www.24baires.com\/index.php?rest_route=\/wp\/v2\/posts\/13540","targetHints":{"allow":["GET"]}}],"collection":[{"href":"https:\/\/www.24baires.com\/index.php?rest_route=\/wp\/v2\/posts"}],"about":[{"href":"https:\/\/www.24baires.com\/index.php?rest_route=\/wp\/v2\/types\/post"}],"author":[{"embeddable":true,"href":"https:\/\/www.24baires.com\/index.php?rest_route=\/wp\/v2\/users\/4"}],"replies":[{"embeddable":true,"href":"https:\/\/www.24baires.com\/index.php?rest_route=%2Fwp%2Fv2%2Fcomments&post=13540"}],"version-history":[{"count":2,"href":"https:\/\/www.24baires.com\/index.php?rest_route=\/wp\/v2\/posts\/13540\/revisions"}],"predecessor-version":[{"id":13550,"href":"https:\/\/www.24baires.com\/index.php?rest_route=\/wp\/v2\/posts\/13540\/revisions\/13550"}],"wp:attachment":[{"href":"https:\/\/www.24baires.com\/index.php?rest_route=%2Fwp%2Fv2%2Fmedia&parent=13540"}],"wp:term":[{"taxonomy":"category","embeddable":true,"href":"https:\/\/www.24baires.com\/index.php?rest_route=%2Fwp%2Fv2%2Fcategories&post=13540"},{"taxonomy":"post_tag","embeddable":true,"href":"https:\/\/www.24baires.com\/index.php?rest_route=%2Fwp%2Fv2%2Ftags&post=13540"}],"curies":[{"name":"wp","href":"https:\/\/api.w.org\/{rel}","templated":true}]}}