{"id":13535,"date":"2013-01-25T15:01:14","date_gmt":"2013-01-25T18:01:14","guid":{"rendered":"http:\/\/www.24baires.com\/?p=13535"},"modified":"2013-01-25T14:51:56","modified_gmt":"2013-01-25T17:51:56","slug":"collia-y-paredi-inauguraran-obras-en-el-hospital-de-coronel-vidal","status":"publish","type":"post","link":"https:\/\/www.24baires.com\/?p=13535","title":{"rendered":"Collia y Paredi inaugurar\u00e1n obras en el hospital de Coronel Vidal"},"content":{"rendered":"<p><img data-recalc-dims=\"1\" loading=\"lazy\" decoding=\"async\" class=\"alignleft size-medium wp-image-13537\" alt=\"Collia-Paredi\" src=\"https:\/\/i0.wp.com\/www.24baires.com\/wp-content\/uploads\/2013\/01\/Collia-Paredi.jpg?resize=300%2C198\" width=\"300\" height=\"198\" srcset=\"https:\/\/i0.wp.com\/www.24baires.com\/wp-content\/uploads\/2013\/01\/Collia-Paredi.jpg?resize=300%2C198&amp;ssl=1 300w, https:\/\/i0.wp.com\/www.24baires.com\/wp-content\/uploads\/2013\/01\/Collia-Paredi.jpg?w=560&amp;ssl=1 560w\" sizes=\"auto, (max-width: 300px) 100vw, 300px\" \/>El ministro de Salud de la Provincia, Alejandro Collia, y el intendente de Mar Chiquita, Jorge Paredi, inaugurar\u00e1n el pr\u00f3ximo lunes a las 11 la obra de ampliaci\u00f3n del hospital municipal \u201cEustaquio Aristiz\u00e1bal\u201d de Coronel Vidal, que demand\u00f3 una inversi\u00f3n superior a los 800 mil pesos.<!--more--><\/p>\n<p>El acto se realizar\u00e1 en el hospital, ubicado en la intersecci\u00f3n del Boulevard Belgrano y la avenida Aristiz\u00e1bal, en el marco de los festejos por el 100 aniversario del centro hospitalario.<\/p>\n<p>En concreto, se construy\u00f3 una edificaci\u00f3n de 140 metros cuadrados contigua al viejo hospital, que contar\u00e1 con tres consultorios externos, uno de cl\u00ednica m\u00e9dica, otro de odontolog\u00eda, un sector destinado a Farmacia, sanitarios accesibles para personas con movilidad reducida, sanitarios para ambos sexos y una sala de espera.<\/p>\n<p>Las obras demandaron una inversi\u00f3n superior a los 800 mil pesos, de los cuales 750.000 fueron aportados por el ministerio de Salud de la provincia de Buenos Aires.<\/p>\n<p>El hospital \u201cAristiz\u00e1bal\u201d de Coronel Vidal atiende anualmente cerca de 75.000 consultas en todas sus especialidades, y se producen alrededor de 1.700 egresos por a\u00f1o.<\/p>\n<p>Adem\u00e1s, cuenta con 45 camas de internaci\u00f3n entre los servicios de Cl\u00ednica, Maternidad y Pediatr\u00eda. En 2012 se produjeron all\u00ed 89 nacimientos y se realizaron 275 cirug\u00edas.<\/p>\n","protected":false},"excerpt":{"rendered":"<p>El ministro de Salud de la Provincia, Alejandro Collia, y el intendente de Mar Chiquita, Jorge Paredi, inaugurar\u00e1n el pr\u00f3ximo lunes a las 11 la obra de ampliaci\u00f3n del hospital municipal \u201cEustaquio Aristiz\u00e1bal\u201d de Coronel Vidal, que demand\u00f3 una inversi\u00f3n superior a los 800 mil pesos.<\/p>\n","protected":false},"author":4,"featured_media":0,"comment_status":"open","ping_status":"open","sticky":false,"template":"","format":"standard","meta":{"_jetpack_newsletter_access":"","_jetpack_dont_email_post_to_subs":false,"_jetpack_newsletter_tier_id":0,"_jetpack_memberships_contains_paywalled_content":false,"_jetpack_memberships_contains_paid_content":false,"footnotes":""},"categories":[1],"tags":[],"class_list":["post-13535","post","type-post","status-publish","format-standard","hentry","category-sociedad"],"jetpack_featured_media_url":"","jetpack_shortlink":"https:\/\/wp.me\/p2JWE0-3wj","jetpack-related-posts":[{"id":56987,"url":"https:\/\/www.24baires.com\/?p=56987","url_meta":{"origin":13535,"position":0},"title":"Hurlingham: comenz\u00f3 la construcci\u00f3n de una Unidad de Pronta Atenci\u00f3n","author":"AF","date":"12\/11\/2014","format":false,"excerpt":"Se inaugurar\u00e1 dentro de menos de\u00a0cuatro meses. El ministro Collia destac\u00f3 la importancia de las UPA para vecinos, hospitales y unidades sanitarias. El ministro de Salud bonaerense, Alejandro Collia, asegur\u00f3 que la Unidadde Pronta Atenci\u00f3n (UPA) de Hurlingham estar\u00e1 funcionando en febrero o marzo. Dijo \u201choy se inicia la construcci\u00f3n\u201d\u2026","rel":"","context":"En \u00abLocales\u00bb","block_context":{"text":"Locales","link":"https:\/\/www.24baires.com\/?cat=38"},"img":{"alt_text":"Collia","src":"https:\/\/i0.wp.com\/www.24baires.com\/wp-content\/uploads\/2012\/11\/Collia.jpg?resize=350%2C200","width":350,"height":200,"srcset":"https:\/\/i0.wp.com\/www.24baires.com\/wp-content\/uploads\/2012\/11\/Collia.jpg?resize=350%2C200 1x, https:\/\/i0.wp.com\/www.24baires.com\/wp-content\/uploads\/2012\/11\/Collia.jpg?resize=525%2C300 1.5x"},"classes":[]},{"id":61343,"url":"https:\/\/www.24baires.com\/?p=61343","url_meta":{"origin":13535,"position":1},"title":"Aseguran que en 100 d\u00edas comenzar\u00e1 a funcionar el UPA de Hurlingham","author":"AF","date":"06\/02\/2015","format":false,"excerpt":"El ministro de Salud bonaerense, Alejandro Collia, recorri\u00f3 junto con el concejal de Hurlingham, Juan Zabaleta, el predio donde se construir\u00e1 la nueva Unidad de Pronta Atenci\u00f3n (UPA 24hs), que estar\u00e1 funcionando en s\u00f3lo 100 d\u00edas. Durante la visita, el titular de Salud destac\u00f3 que es \u201cla novena de la\u2026","rel":"","context":"En \u00abLocales\u00bb","block_context":{"text":"Locales","link":"https:\/\/www.24baires.com\/?cat=38"},"img":{"alt_text":"upa hurlingham","src":"https:\/\/i0.wp.com\/www.24baires.com\/wp-content\/uploads\/2015\/02\/upa-hurlingham.jpg?resize=350%2C200","width":350,"height":200},"classes":[]},{"id":31948,"url":"https:\/\/www.24baires.com\/?p=31948","url_meta":{"origin":13535,"position":2},"title":"Collia inaugur\u00f3 un piso \u00abmodelo\u00bb para internaci\u00f3n en el Hospital Alende de Mar del Plata","author":"AF","date":"16\/09\/2013","format":false,"excerpt":"Con la presencia del ministro de Salud de la provincia de Buenos Aires, Alejandro Collia, qued\u00f3 inaugurado este jueves, el cuarto piso del Hospital Interzonal General de Agudos (HIGA) \u201cDr.Oscar Alende\u201d de la ciudad de Mar del Plata. Junto a la directora del nosocomio, Susana Gom\u00e9z, Collia expres\u00f3 su satisfacci\u00f3n\u2026","rel":"","context":"En \u00abLocales\u00bb","block_context":{"text":"Locales","link":"https:\/\/www.24baires.com\/?cat=38"},"img":{"alt_text":"collia adela gomez","src":"https:\/\/i0.wp.com\/www.24baires.com\/wp-content\/uploads\/2013\/09\/collia-adela-gomez-300x199.jpg?resize=350%2C200","width":350,"height":200},"classes":[]},{"id":48322,"url":"https:\/\/www.24baires.com\/?p=48322","url_meta":{"origin":13535,"position":3},"title":"Collia promete seis nuevos hospitales para 2014-2015","author":"GB","date":"19\/06\/2014","format":false,"excerpt":"El ministro proporcion\u00f3 detalles de su labor en el Ministerio de Salud bonaerense en la C\u00e1mara Baja y prometi\u00f3 un ambicioso plan de obras que coincidir\u00e1, en su mayor\u00eda, con el a\u00f1o electoral. En la Legislatura, el ministro de Salud bonaerense, Alejandro Collia, expuso un resumen de su gesti\u00f3n en\u2026","rel":"","context":"En \u00abProvincia\u00bb","block_context":{"text":"Provincia","link":"https:\/\/www.24baires.com\/?cat=40"},"img":{"alt_text":"Collia","src":"https:\/\/i0.wp.com\/www.24baires.com\/wp-content\/uploads\/2012\/11\/Collia.jpg?resize=350%2C200","width":350,"height":200,"srcset":"https:\/\/i0.wp.com\/www.24baires.com\/wp-content\/uploads\/2012\/11\/Collia.jpg?resize=350%2C200 1x, https:\/\/i0.wp.com\/www.24baires.com\/wp-content\/uploads\/2012\/11\/Collia.jpg?resize=525%2C300 1.5x"},"classes":[]},{"id":1753,"url":"https:\/\/www.24baires.com\/?p=1753","url_meta":{"origin":13535,"position":4},"title":"General Pintos: mejoras para su hospital","author":"AF","date":"12\/10\/2012","format":false,"excerpt":"El intendente Alexis Ra\u00fal Guerrera y el ministro de Salud Collia, inauguraron obras en el Hospital Municipal \u201cDr. Alberto L. Videla\u201d del municipio de General Pintos. El intendente de General Pinto, Alexis Ra\u00fal Guerrera, y el ministro de Salud de la provincia de Buenos Aires, Alejandro Collia, inauguraron obras en\u2026","rel":"","context":"En \u00abSociedad\u00bb","block_context":{"text":"Sociedad","link":"https:\/\/www.24baires.com\/?cat=1"},"img":{"alt_text":"","src":"","width":0,"height":0},"classes":[]},{"id":115815,"url":"https:\/\/www.24baires.com\/?p=115815","url_meta":{"origin":13535,"position":5},"title":"Mar Chiquita se prepara para la reapertura de bares y restaurantes","author":"GB","date":"02\/08\/2020","format":false,"excerpt":"La ciudad de la costa atl\u00e1ntica tendr\u00e1 habilitados los comercios gastron\u00f3micos para la atenci\u00f3n con p\u00fablico entre las 08.00 y las 18.00. \"Es una prueba piloto de dos semanas\" advirti\u00f3 el intendente, Jorge Paredi, y pidi\u00f3 a vecinos y comerciantes que respeten las medidas vigentes de acuerdo al protocolo que\u2026","rel":"","context":"En \u00abMunicipios\u00bb","block_context":{"text":"Municipios","link":"https:\/\/www.24baires.com\/?cat=44"},"img":{"alt_text":"","src":"https:\/\/i0.wp.com\/www.24baires.com\/wp-content\/uploads\/2020\/08\/paredi.jpeg?resize=350%2C200","width":350,"height":200},"classes":[]}],"jetpack_sharing_enabled":true,"jetpack_likes_enabled":true,"_links":{"self":[{"href":"https:\/\/www.24baires.com\/index.php?rest_route=\/wp\/v2\/posts\/13535","targetHints":{"allow":["GET"]}}],"collection":[{"href":"https:\/\/www.24baires.com\/index.php?rest_route=\/wp\/v2\/posts"}],"about":[{"href":"https:\/\/www.24baires.com\/index.php?rest_route=\/wp\/v2\/types\/post"}],"author":[{"embeddable":true,"href":"https:\/\/www.24baires.com\/index.php?rest_route=\/wp\/v2\/users\/4"}],"replies":[{"embeddable":true,"href":"https:\/\/www.24baires.com\/index.php?rest_route=%2Fwp%2Fv2%2Fcomments&post=13535"}],"version-history":[{"count":1,"href":"https:\/\/www.24baires.com\/index.php?rest_route=\/wp\/v2\/posts\/13535\/revisions"}],"predecessor-version":[{"id":13539,"href":"https:\/\/www.24baires.com\/index.php?rest_route=\/wp\/v2\/posts\/13535\/revisions\/13539"}],"wp:attachment":[{"href":"https:\/\/www.24baires.com\/index.php?rest_route=%2Fwp%2Fv2%2Fmedia&parent=13535"}],"wp:term":[{"taxonomy":"category","embeddable":true,"href":"https:\/\/www.24baires.com\/index.php?rest_route=%2Fwp%2Fv2%2Fcategories&post=13535"},{"taxonomy":"post_tag","embeddable":true,"href":"https:\/\/www.24baires.com\/index.php?rest_route=%2Fwp%2Fv2%2Ftags&post=13535"}],"curies":[{"name":"wp","href":"https:\/\/api.w.org\/{rel}","templated":true}]}}