{"id":13523,"date":"2013-01-25T14:17:46","date_gmt":"2013-01-25T17:17:46","guid":{"rendered":"http:\/\/www.24baires.com\/?p=13523"},"modified":"2013-01-25T14:28:40","modified_gmt":"2013-01-25T17:28:40","slug":"mar-del-plata-proponen-prohibir-el-alojamiento-de-menores-sin-sus-padres-para-prevenir-la-trata","status":"publish","type":"post","link":"https:\/\/www.24baires.com\/?p=13523","title":{"rendered":"Proponen prohibir el alojamiento de menores sin sus padres para prevenir la trata"},"content":{"rendered":"<p><img data-recalc-dims=\"1\" loading=\"lazy\" decoding=\"async\" class=\"alignleft size-medium wp-image-13524\" alt=\"trata\" src=\"https:\/\/i0.wp.com\/www.24baires.com\/wp-content\/uploads\/2013\/01\/trata.jpg?resize=300%2C180\" width=\"300\" height=\"180\" srcset=\"https:\/\/i0.wp.com\/www.24baires.com\/wp-content\/uploads\/2013\/01\/trata.jpg?resize=300%2C180&amp;ssl=1 300w, https:\/\/i0.wp.com\/www.24baires.com\/wp-content\/uploads\/2013\/01\/trata.jpg?w=560&amp;ssl=1 560w\" sizes=\"auto, (max-width: 300px) 100vw, 300px\" \/><strong>MAR DEL PLATA &#8211;<\/strong> Con el prop\u00f3sito de prevenir el delito de trata, un concejal marplatense, present\u00f3 un proyecto que plantea la prohibici\u00f3n de la estad\u00eda de menores de 18 a\u00f1os en establecimientos que presten servicios de alojamiento, cuando no est\u00e1n en compa\u00f1\u00eda de sus padres.<!--more--><br \/>\n\u201cCon este tipo de herramientas buscamos seguir consolidando la lucha contra uno de los flagelos m\u00e1s duros que tiene nuestra sociedad, como es la trata de personas. Creemos que es fundamental seguir dot\u00e1ndonos de instrumentos que nos permitan ir en l\u00ednea con las pol\u00edticas nacionales que buscan denunciar y acabar con este problema\u201d, manifest\u00f3 el concejal marplatense del Frente para la Victoria Fernando Maraude.<\/p>\n<p>\u201cDebemos tomar todas las medidas necesarias para impedir el secuestro, la venta o la trata de ni\u00f1os\u201d, indic\u00f3 un comunicado del concejal.<\/p>\n<p>El proyecto de ordenanza presentado prev\u00e9 que los establecimientos que presten servicios de alojamiento \u00abdeber\u00e1n solicitar a las personas que pretendan alojarse en compa\u00f1\u00eda de un menor de dieciocho a\u00f1os, la presentaci\u00f3n de la documentaci\u00f3n que acredite v\u00ednculo jur\u00eddico entre ellos\u00bb.<\/p>\n<p>Los lugares que presten alojamiento deber\u00e1n llevar un registro que deber\u00e1 ser exhibido en caso de inspecci\u00f3n municipal o ante la autoridad nacional, provincial o municipal competente que lo requiera.<\/p>\n<p>\u00abEl texto de la ordenanza deber\u00e1 ser exhibido en forma visible y permanente en aquellos establecimientos alcanzados por la iniciativa. Fijando una multa, en caso de incumplimiento por parte de los establecimientos, que ronda el equivalente de dos a cinco sueldos municipales\u00bb.<\/p>\n<p>&nbsp;<\/p>\n<p>&nbsp;<\/p>\n<p>&nbsp;<\/p>\n<p>&nbsp;<\/p>\n<p>&nbsp;<\/p>\n<p>&nbsp;<\/p>\n<p>&nbsp;<\/p>\n<p>&nbsp;<\/p>\n<p>&nbsp;<\/p>\n<p>&nbsp;<\/p>\n<p>&nbsp;<\/p>\n<p>&nbsp;<\/p>\n<p>&nbsp;<\/p>\n<p>&nbsp;<\/p>\n<p>&nbsp;<\/p>\n<p>&nbsp;<\/p>\n<p>&nbsp;<\/p>\n<p>&nbsp;<\/p>\n","protected":false},"excerpt":{"rendered":"<p>MAR DEL PLATA &#8211; Con el prop\u00f3sito de prevenir el delito de trata, un concejal marplatense, present\u00f3 un proyecto que plantea la prohibici\u00f3n de la estad\u00eda de menores de 18 a\u00f1os en establecimientos que presten servicios de alojamiento, cuando no est\u00e1n en compa\u00f1\u00eda de sus padres.<\/p>\n","protected":false},"author":4,"featured_media":0,"comment_status":"open","ping_status":"open","sticky":false,"template":"","format":"standard","meta":{"_jetpack_newsletter_access":"","_jetpack_dont_email_post_to_subs":false,"_jetpack_newsletter_tier_id":0,"_jetpack_memberships_contains_paywalled_content":false,"_jetpack_memberships_contains_paid_content":false,"footnotes":""},"categories":[1],"tags":[],"class_list":["post-13523","post","type-post","status-publish","format-standard","hentry","category-sociedad"],"jetpack_featured_media_url":"","jetpack_shortlink":"https:\/\/wp.me\/p2JWE0-3w7","jetpack-related-posts":[{"id":105959,"url":"https:\/\/www.24baires.com\/?p=105959","url_meta":{"origin":13523,"position":0},"title":"Detienen en La Plata a concejal de Florencio Varela acusado de proxeneta","author":"GB","date":"17\/12\/2018","format":false,"excerpt":"Se trata de Daniel Zisuela, edil del Frente Renovador y secretario general de la Uni\u00f3n de Trabajadores de Turismo, Hoteleros y Gastron\u00f3micos. Lo aprehendieron en una casaquinta de 431 entre 228 y 229, en Arturo Segui. Lo denunci\u00f3 una chica de 16 a\u00f1os. Dijo que la capt\u00f3, drog\u00f3 y meti\u00f3\u2026","rel":"","context":"En \u00abPoliciales\u00bb","block_context":{"text":"Policiales","link":"https:\/\/www.24baires.com\/?cat=49"},"img":{"alt_text":"","src":"https:\/\/i0.wp.com\/www.24baires.com\/wp-content\/uploads\/2018\/12\/concejal-detenido.jpg?resize=350%2C200","width":350,"height":200,"srcset":"https:\/\/i0.wp.com\/www.24baires.com\/wp-content\/uploads\/2018\/12\/concejal-detenido.jpg?resize=350%2C200 1x, https:\/\/i0.wp.com\/www.24baires.com\/wp-content\/uploads\/2018\/12\/concejal-detenido.jpg?resize=525%2C300 1.5x"},"classes":[]},{"id":111733,"url":"https:\/\/www.24baires.com\/?p=111733","url_meta":{"origin":13523,"position":1},"title":"\u00abEn octubre haremos un scrum para que gane Alberto\u00bb","author":"AF","date":"21\/08\/2019","format":false,"excerpt":"Despu\u00e9s de que el macrista marplatense Guillermo Volponi dijera que \"en octubre much\u00edsimos\" jugadores cuidar\u00edan las urnas ante un posible fraude, peronistas del deporte de la guinda advirtieron que \"un inmenso scrum empujar\u00e1 al Gobierno\" de Mauricio Macri. Horas despu\u00e9s de la convocatoria del concejal marplatense Guillermo Volpini para sumar\u2026","rel":"","context":"En \u00abSociedad\u00bb","block_context":{"text":"Sociedad","link":"https:\/\/www.24baires.com\/?cat=1"},"img":{"alt_text":"","src":"https:\/\/i0.wp.com\/www.24baires.com\/wp-content\/uploads\/2019\/08\/macri-rugby.jpg?resize=350%2C200","width":350,"height":200,"srcset":"https:\/\/i0.wp.com\/www.24baires.com\/wp-content\/uploads\/2019\/08\/macri-rugby.jpg?resize=350%2C200 1x, https:\/\/i0.wp.com\/www.24baires.com\/wp-content\/uploads\/2019\/08\/macri-rugby.jpg?resize=525%2C300 1.5x"},"classes":[]},{"id":108364,"url":"https:\/\/www.24baires.com\/?p=108364","url_meta":{"origin":13523,"position":2},"title":"Arroyo trat\u00f3 de \u201cidiotas\u201d a quienes \u201ctienen la soberbia de calificar\u00bb su gesti\u00f3n","author":"GB","date":"24\/05\/2019","format":false,"excerpt":"El intendente de Mar del Plata cosecha el rechazo pol\u00edtico de toda la oposici\u00f3n y tambi\u00e9n, cada vez m\u00e1s de su propia fuerza pol\u00edtica. Aislado por su pelea con la gobernadora Vidal, las declaraciones de Arroyo lo terminan por condicionar. Desde el Concejo Deliberante marplatense buscan emitir una resoluci\u00f3n de\u2026","rel":"","context":"En \u00abProvincia\u00bb","block_context":{"text":"Provincia","link":"https:\/\/www.24baires.com\/?cat=40"},"img":{"alt_text":"","src":"https:\/\/i0.wp.com\/www.24baires.com\/wp-content\/uploads\/2017\/09\/arroyo.jpg?resize=350%2C200","width":350,"height":200,"srcset":"https:\/\/i0.wp.com\/www.24baires.com\/wp-content\/uploads\/2017\/09\/arroyo.jpg?resize=350%2C200 1x, https:\/\/i0.wp.com\/www.24baires.com\/wp-content\/uploads\/2017\/09\/arroyo.jpg?resize=525%2C300 1.5x"},"classes":[]},{"id":30654,"url":"https:\/\/www.24baires.com\/?p=30654","url_meta":{"origin":13523,"position":3},"title":"La concejal Baragiola impulsa crear la Guardia Urbana Marplatense","author":"AF","date":"23\/08\/2013","format":false,"excerpt":"La Concejal Vilma Baragiola propuso ayer en el Honorable Concejo Deliberante, la creaci\u00f3n de la Guardia Urbana Marplatense (G.U.M.).Este proyecto se arm\u00f3 a ra\u00edz de la necesidad de consolidar la presencia del Estado Municipal en la v\u00eda p\u00fablica , con el \u00fanico objeto de promover mejores condiciones de seguridad y\u2026","rel":"","context":"En \u00abLocales\u00bb","block_context":{"text":"Locales","link":"https:\/\/www.24baires.com\/?cat=38"},"img":{"alt_text":"baragiola vilma","src":"https:\/\/i0.wp.com\/www.24baires.com\/wp-content\/uploads\/2013\/08\/baragiola-vilma.jpg?resize=350%2C200","width":350,"height":200},"classes":[]},{"id":102537,"url":"https:\/\/www.24baires.com\/?p=102537","url_meta":{"origin":13523,"position":4},"title":"Mar del Plata: el municipio pretende alquilar los gimnasios de los Polideportivos barriales","author":"GB","date":"05\/06\/2018","format":false,"excerpt":"El oficialismo present\u00f3 un proyecto de ordenanza para cobrar $1.100 por hora para los privados que utilicen los espacios. El municipio buscar\u00e1 alquilar los gimnasios de los Polideportivos barriales.De acuerdo al proyecto de ordenanza presentado en el Concejo Deliberante, la intenci\u00f3n del oficialismo es sacar un r\u00e9dito econ\u00f3mico del uso\u2026","rel":"","context":"En \u00abMunicipios\u00bb","block_context":{"text":"Municipios","link":"https:\/\/www.24baires.com\/?cat=44"},"img":{"alt_text":"","src":"https:\/\/i0.wp.com\/www.24baires.com\/wp-content\/uploads\/2018\/06\/polideportivos-mdp.jpg?resize=350%2C200","width":350,"height":200,"srcset":"https:\/\/i0.wp.com\/www.24baires.com\/wp-content\/uploads\/2018\/06\/polideportivos-mdp.jpg?resize=350%2C200 1x, https:\/\/i0.wp.com\/www.24baires.com\/wp-content\/uploads\/2018\/06\/polideportivos-mdp.jpg?resize=525%2C300 1.5x"},"classes":[]},{"id":6501,"url":"https:\/\/www.24baires.com\/?p=6501","url_meta":{"origin":13523,"position":5},"title":"Dos menores con graves antecedentes huyeron de un instituto en Bat\u00e1n","author":"AF","date":"23\/11\/2012","format":false,"excerpt":"GENERAL PUEYRREDON - Dos adolescentes de 17 a\u00f1os, considerados de \"extrema peligrosidad\" por sus antecedentes delictivos, huyeron en las \u00faltimas horas del centro de recepci\u00f3n de menores de la unidad carcelaria XV de Bat\u00e1n, tras limar los barrotes de su celda, informaron fuentes judiciales. El fiscal marplatense Marcelo Urrutia, quien\u2026","rel":"","context":"En \u00abPoliciales\u00bb","block_context":{"text":"Policiales","link":"https:\/\/www.24baires.com\/?cat=49"},"img":{"alt_text":"","src":"","width":0,"height":0},"classes":[]}],"jetpack_sharing_enabled":true,"jetpack_likes_enabled":true,"_links":{"self":[{"href":"https:\/\/www.24baires.com\/index.php?rest_route=\/wp\/v2\/posts\/13523","targetHints":{"allow":["GET"]}}],"collection":[{"href":"https:\/\/www.24baires.com\/index.php?rest_route=\/wp\/v2\/posts"}],"about":[{"href":"https:\/\/www.24baires.com\/index.php?rest_route=\/wp\/v2\/types\/post"}],"author":[{"embeddable":true,"href":"https:\/\/www.24baires.com\/index.php?rest_route=\/wp\/v2\/users\/4"}],"replies":[{"embeddable":true,"href":"https:\/\/www.24baires.com\/index.php?rest_route=%2Fwp%2Fv2%2Fcomments&post=13523"}],"version-history":[{"count":3,"href":"https:\/\/www.24baires.com\/index.php?rest_route=\/wp\/v2\/posts\/13523\/revisions"}],"predecessor-version":[{"id":13526,"href":"https:\/\/www.24baires.com\/index.php?rest_route=\/wp\/v2\/posts\/13523\/revisions\/13526"}],"wp:attachment":[{"href":"https:\/\/www.24baires.com\/index.php?rest_route=%2Fwp%2Fv2%2Fmedia&parent=13523"}],"wp:term":[{"taxonomy":"category","embeddable":true,"href":"https:\/\/www.24baires.com\/index.php?rest_route=%2Fwp%2Fv2%2Fcategories&post=13523"},{"taxonomy":"post_tag","embeddable":true,"href":"https:\/\/www.24baires.com\/index.php?rest_route=%2Fwp%2Fv2%2Ftags&post=13523"}],"curies":[{"name":"wp","href":"https:\/\/api.w.org\/{rel}","templated":true}]}}