{"id":13487,"date":"2013-01-25T10:35:19","date_gmt":"2013-01-25T13:35:19","guid":{"rendered":"http:\/\/www.24baires.com\/?p=13487"},"modified":"2013-01-25T10:35:19","modified_gmt":"2013-01-25T13:35:19","slug":"se-abrio-la-convocatoria-para-aspirantes-de-la-policia-cientifica","status":"publish","type":"post","link":"https:\/\/www.24baires.com\/?p=13487","title":{"rendered":"Se abri\u00f3 la convocatoria para aspirantes de la Polic\u00eda cient\u00edfica"},"content":{"rendered":"<p>El ministerio de Justicia y Seguridad de Buenos Aires abri\u00f3 la convocatoria para aspirantes a integrar la Polic\u00eda Cient\u00edfica de la provincia que, entre sus principales funciones, efect\u00faa los estudios t\u00e9cnicos que sean requeridos en los procesos de investigaci\u00f3n judicial.<!--more--><\/p>\n<p>Seg\u00fan se inform\u00f3, los requisitos excluyentes para formar parte son: ser argentino nativo, naturalizado o por opci\u00f3n, tener entre 18 y 30 a\u00f1os, contar con el secundario completo sin adeudar materias, y responder a las aptitudes psicof\u00edsicas que requiera el ministerio.<\/p>\n<p>La Polic\u00eda Cient\u00edfica tambi\u00e9n tiene a su cargo el desarrollo de m\u00e9todos conducentes a descubrir todas las circunstancias de los delitos que se investigaren y resguardar los recursos tecnol\u00f3gicos exigidos por las ciencias forenses.<\/p>\n<p>Los interesados pueden dirigirse a la Superintendencia de la Polic\u00eda Cient\u00edfica, ubicada en calle 52 y 228 de La Plata, comunicarse por tel\u00e9fono al (0221) 425-4439 \/ 483-3035 o escribir a policiacient\u00ecfica@mjys.gba.gov.ar.<\/p>\n<p>&nbsp;<\/p>\n<p>&nbsp;<\/p>\n<p>&nbsp;<\/p>\n<p>&nbsp;<\/p>\n<p>&nbsp;<\/p>\n<p>&nbsp;<\/p>\n<p>&nbsp;<\/p>\n<p>&nbsp;<\/p>\n<p>&nbsp;<\/p>\n<p>&nbsp;<\/p>\n<p>&nbsp;<\/p>\n<p>&nbsp;<\/p>\n<p>&nbsp;<\/p>\n<p>&nbsp;<\/p>\n<p>&nbsp;<\/p>\n<p>&nbsp;<\/p>\n<p>&nbsp;<\/p>\n<p>&nbsp;<\/p>\n<p>&nbsp;<\/p>\n<p>&nbsp;<\/p>\n<p>&nbsp;<\/p>\n<p>&nbsp;<\/p>\n","protected":false},"excerpt":{"rendered":"<p>El ministerio de Justicia y Seguridad de Buenos Aires abri\u00f3 la convocatoria para aspirantes a integrar la Polic\u00eda Cient\u00edfica de la provincia que, entre sus principales funciones, efect\u00faa los estudios t\u00e9cnicos que sean requeridos en los procesos de investigaci\u00f3n judicial.<\/p>\n","protected":false},"author":4,"featured_media":0,"comment_status":"open","ping_status":"open","sticky":false,"template":"","format":"standard","meta":{"_jetpack_newsletter_access":"","_jetpack_dont_email_post_to_subs":false,"_jetpack_newsletter_tier_id":0,"_jetpack_memberships_contains_paywalled_content":false,"_jetpack_memberships_contains_paid_content":false,"footnotes":""},"categories":[1],"tags":[],"class_list":["post-13487","post","type-post","status-publish","format-standard","hentry","category-sociedad"],"jetpack_featured_media_url":"","jetpack_shortlink":"https:\/\/wp.me\/p2JWE0-3vx","jetpack-related-posts":[{"id":69965,"url":"https:\/\/www.24baires.com\/?p=69965","url_meta":{"origin":13487,"position":0},"title":"San Miguel: m\u00e1s de 200 inscriptos para formar parte de la nueva Polic\u00eda Local","author":"AF","date":"03\/08\/2015","format":false,"excerpt":"M\u00e1s de 200 aspirantes a integrar la Polic\u00eda Local en la ciudad de San Miguel, comenzaron este lunes a realizar las evaluaciones m\u00e9dicas y f\u00edsicas requeridas para formar parte de la fuerza. \u201cLa seguridad de los vecinos no se negocia, y por eso avanzamos con la implementaci\u00f3n de la Polic\u00eda\u2026","rel":"","context":"En \u00abLocales\u00bb","block_context":{"text":"Locales","link":"https:\/\/www.24baires.com\/?cat=38"},"img":{"alt_text":"Policia-Mujeres-600x329","src":"https:\/\/i0.wp.com\/www.24baires.com\/wp-content\/uploads\/2014\/11\/Policia-Mujeres-600x329.jpg?resize=350%2C200","width":350,"height":200,"srcset":"https:\/\/i0.wp.com\/www.24baires.com\/wp-content\/uploads\/2014\/11\/Policia-Mujeres-600x329.jpg?resize=350%2C200 1x, https:\/\/i0.wp.com\/www.24baires.com\/wp-content\/uploads\/2014\/11\/Policia-Mujeres-600x329.jpg?resize=525%2C300 1.5x"},"classes":[]},{"id":10446,"url":"https:\/\/www.24baires.com\/?p=10446","url_meta":{"origin":13487,"position":1},"title":"Fundaci\u00f3n YPF otorgar\u00e1 cien becas de grado para egresados de escuelas t\u00e9cnicas","author":"AF","date":"26\/12\/2012","format":false,"excerpt":"Es para las \u00e1reas cient\u00edfico-tecnol\u00f3gicas y tiene como objetivo principal incrementar el ingreso, la permanencia y la graduaci\u00f3n de estudiantes de carreras del sector energ\u00e9tico, fundamentales para el desarrollo productivo y tecnol\u00f3gico del pa\u00eds. Para contribuir a la formaci\u00f3n de estudiantes de \u00e1reas cient\u00edfico-tecnol\u00f3gicas, la Fundaci\u00f3n YPF abri\u00f3 la convocatoria\u2026","rel":"","context":"En \u00abSociedad\u00bb","block_context":{"text":"Sociedad","link":"https:\/\/www.24baires.com\/?cat=1"},"img":{"alt_text":"ypf","src":"https:\/\/i0.wp.com\/www.24baires.com\/wp-content\/uploads\/2012\/12\/ypf.jpg?resize=350%2C200","width":350,"height":200},"classes":[]},{"id":63913,"url":"https:\/\/www.24baires.com\/?p=63913","url_meta":{"origin":13487,"position":2},"title":"M\u00e1s de 2000 aspirantes inician el curso de ingreso a la bonaerense","author":"Grupo Sierra","date":"06\/04\/2015","format":false,"excerpt":"M\u00e1s de dos mil j\u00f3venes comenzaron hoy las cursadas del ciclo lectivo 2015 para integrar la Polic\u00eda de la Provincia de Buenos Aires en 10 escuelas descentralizadas, inform\u00f3 hoy el Ministerio de Seguridad provincial. Se trata de un total de 2.114 aspirantes que dieron inicio a los cursos en los\u2026","rel":"","context":"En \u00abProvincia\u00bb","block_context":{"text":"Provincia","link":"https:\/\/www.24baires.com\/?cat=40"},"img":{"alt_text":"","src":"","width":0,"height":0},"classes":[]},{"id":45456,"url":"https:\/\/www.24baires.com\/?p=45456","url_meta":{"origin":13487,"position":3},"title":"Anuncian r\u00e9cord de j\u00f3venes inscriptos para ingresar a la Polic\u00eda Bonaerense","author":"AF","date":"07\/05\/2014","format":false,"excerpt":"El gobierno bonaerense inform\u00f3 que cerca de 26 mil j\u00f3venes se inscribieron para formar parte de la Polic\u00eda de la provincia de Buenos Aires, que proyecta contar a fin de a\u00f1o con 10 mil nuevos egresados como parte de la campa\u00f1a de reclutamiento m\u00e1s grande de la historia para ingresar\u2026","rel":"","context":"En \u00abSociedad\u00bb","block_context":{"text":"Sociedad","link":"https:\/\/www.24baires.com\/?cat=1"},"img":{"alt_text":"Policia-bonaerense","src":"https:\/\/i0.wp.com\/www.24baires.com\/wp-content\/uploads\/2014\/04\/Policia-bonaerense.jpg?resize=350%2C200","width":350,"height":200,"srcset":"https:\/\/i0.wp.com\/www.24baires.com\/wp-content\/uploads\/2014\/04\/Policia-bonaerense.jpg?resize=350%2C200 1x, https:\/\/i0.wp.com\/www.24baires.com\/wp-content\/uploads\/2014\/04\/Policia-bonaerense.jpg?resize=525%2C300 1.5x"},"classes":[]},{"id":51816,"url":"https:\/\/www.24baires.com\/?p=51816","url_meta":{"origin":13487,"position":4},"title":"Scioli destac\u00f3 la inscripci\u00f3n de 5 mil aspirantes a la polic\u00eda local en La Plata","author":"GB","date":"14\/08\/2014","format":false,"excerpt":"El gobernador Daniel Scioli recorri\u00f3 la Escuela de Polic\u00eda de La Plata que se pondr\u00e1 en funcionamiento en el edificio del Seminario Menor, donde se formar\u00e1n los efectivos de la Polic\u00eda Local, y asegur\u00f3 que la ciudad \"se pone a la vanguardia en la implementaci\u00f3n de esta fuerza de seguridad\u2026","rel":"","context":"En \u00abLocales\u00bb","block_context":{"text":"Locales","link":"https:\/\/www.24baires.com\/?cat=38"},"img":{"alt_text":"scioli - granados","src":"https:\/\/i0.wp.com\/www.24baires.com\/wp-content\/uploads\/2014\/06\/scioli-granados.jpg?resize=350%2C200","width":350,"height":200,"srcset":"https:\/\/i0.wp.com\/www.24baires.com\/wp-content\/uploads\/2014\/06\/scioli-granados.jpg?resize=350%2C200 1x, https:\/\/i0.wp.com\/www.24baires.com\/wp-content\/uploads\/2014\/06\/scioli-granados.jpg?resize=525%2C300 1.5x"},"classes":[]},{"id":91139,"url":"https:\/\/www.24baires.com\/?p=91139","url_meta":{"origin":13487,"position":5},"title":"El Conicet otorgar\u00e1 2.796 becas en el 2017 y beneficiar\u00e1 a m\u00e1s de 11 mil cient\u00edficos","author":"AF","date":"28\/12\/2016","format":false,"excerpt":"En un comunicado, se inform\u00f3 que \u201cel Directorio del Consejo Nacional de Investigaciones Cient\u00edficas y T\u00e9cnicas (Conicet), en su reuni\u00f3n de los d\u00edas 14 y 15 de diciembre de 2016, ha resuelto otorgar 2.796 becas correspondientes a la Convocatoria 2016\u201d. El Conicet public\u00f3 el listado de los cient\u00edficos que accedieron\u2026","rel":"","context":"En \u00abSociedad\u00bb","block_context":{"text":"Sociedad","link":"https:\/\/www.24baires.com\/?cat=1"},"img":{"alt_text":"","src":"https:\/\/i0.wp.com\/www.24baires.com\/wp-content\/uploads\/2016\/12\/toma-conicet.jpg?resize=350%2C200","width":350,"height":200,"srcset":"https:\/\/i0.wp.com\/www.24baires.com\/wp-content\/uploads\/2016\/12\/toma-conicet.jpg?resize=350%2C200 1x, https:\/\/i0.wp.com\/www.24baires.com\/wp-content\/uploads\/2016\/12\/toma-conicet.jpg?resize=525%2C300 1.5x"},"classes":[]}],"jetpack_sharing_enabled":true,"jetpack_likes_enabled":true,"_links":{"self":[{"href":"https:\/\/www.24baires.com\/index.php?rest_route=\/wp\/v2\/posts\/13487","targetHints":{"allow":["GET"]}}],"collection":[{"href":"https:\/\/www.24baires.com\/index.php?rest_route=\/wp\/v2\/posts"}],"about":[{"href":"https:\/\/www.24baires.com\/index.php?rest_route=\/wp\/v2\/types\/post"}],"author":[{"embeddable":true,"href":"https:\/\/www.24baires.com\/index.php?rest_route=\/wp\/v2\/users\/4"}],"replies":[{"embeddable":true,"href":"https:\/\/www.24baires.com\/index.php?rest_route=%2Fwp%2Fv2%2Fcomments&post=13487"}],"version-history":[{"count":2,"href":"https:\/\/www.24baires.com\/index.php?rest_route=\/wp\/v2\/posts\/13487\/revisions"}],"predecessor-version":[{"id":13489,"href":"https:\/\/www.24baires.com\/index.php?rest_route=\/wp\/v2\/posts\/13487\/revisions\/13489"}],"wp:attachment":[{"href":"https:\/\/www.24baires.com\/index.php?rest_route=%2Fwp%2Fv2%2Fmedia&parent=13487"}],"wp:term":[{"taxonomy":"category","embeddable":true,"href":"https:\/\/www.24baires.com\/index.php?rest_route=%2Fwp%2Fv2%2Fcategories&post=13487"},{"taxonomy":"post_tag","embeddable":true,"href":"https:\/\/www.24baires.com\/index.php?rest_route=%2Fwp%2Fv2%2Ftags&post=13487"}],"curies":[{"name":"wp","href":"https:\/\/api.w.org\/{rel}","templated":true}]}}