{"id":13471,"date":"2013-01-24T22:03:44","date_gmt":"2013-01-25T01:03:44","guid":{"rendered":"http:\/\/www.24baires.com\/?p=13471"},"modified":"2013-01-24T22:03:44","modified_gmt":"2013-01-25T01:03:44","slug":"la-afsca-aprobo-ya-tres-de-los-veinte-planes-de-adecuacion-a-la-ley-de-medios-presentados","status":"publish","type":"post","link":"https:\/\/www.24baires.com\/?p=13471","title":{"rendered":"La AFSCA aprob\u00f3 ya tres de los veinte planes de adecuaci\u00f3n a la Ley de Medios presentados"},"content":{"rendered":"<p><a href=\"http:\/\/www.24baires.com\/medios\/3951-sabbatella-aseguro-que-clarin-esta-desafiando-a-la-democracia\/attachment\/sabbatella-desafio\/\" rel=\"attachment wp-att-3952\"><img data-recalc-dims=\"1\" loading=\"lazy\" decoding=\"async\" class=\"aligncenter size-full wp-image-3952\" alt=\"sabbatella desafio\" src=\"https:\/\/i0.wp.com\/www.24baires.com\/wp-content\/uploads\/2012\/10\/sabbatella-desafio.jpg?resize=560%2C335\" width=\"560\" height=\"335\" srcset=\"https:\/\/i0.wp.com\/www.24baires.com\/wp-content\/uploads\/2012\/10\/sabbatella-desafio.jpg?w=560&amp;ssl=1 560w, https:\/\/i0.wp.com\/www.24baires.com\/wp-content\/uploads\/2012\/10\/sabbatella-desafio.jpg?resize=300%2C179&amp;ssl=1 300w\" sizes=\"auto, (max-width: 560px) 100vw, 560px\" \/><\/a><\/p>\n<p>El directorio de la Autoridad Federal de Servicios de Comunicaci\u00f3n Audiovisual aprob\u00f3 hoy tres de los casi 20 planes de adecuaci\u00f3n a la ley 26.522 presentados a principios de diciembre por grupos empresarios medi\u00e1ticos, seg\u00fan inform\u00f3 a trav\u00e9s de un comunicado.<!--more--><\/p>\n<p>\u201cTodos los grupos menos Clar\u00edn presentaron sus planes de adecuaci\u00f3n voluntaria antes del 7 de diciembre y eso es lo que hoy empezamos a tratar en el directorio\u201d, se\u00f1al\u00f3 Sabbatella.<\/p>\n<p>El funcionario record\u00f3 que \u201cel Grupo Clar\u00edn, que no quiso adecuarse a la ley como el resto de los licenciatarios, est\u00e1 sujeto al proceso de transferencia de oficio que iniciamos el 14 de diciembre y que fue interrumpido transitoriamente por una medida cautelar\u201d.<\/p>\n<p>Las propuestas analizadas y aprobadas hoy fueron hechas por los licenciatarios Pampa Difusora SRL, Mar\u00eda Jimena Ib\u00e1\u00f1ez y Jorge Ricardo Nemesio, que a trav\u00e9s de transferencia de cuotas accionarias, cambios de titularidad y transferencia de licencias, quedar\u00e1n encuadrados dentro de la ley de medios.<\/p>\n<p>El presidente del organismo inform\u00f3 adem\u00e1s que \u201cla totalidad de los proyectos presentados por quienes incumplen diversas exigencias de esta ley est\u00e1n siendo analizados en diversas \u00e1reas del AFSCA en consulta con otras dependencias del Estado Nacional, para ser tratados en las pr\u00f3ximas reuniones de directorio\u201d.<\/p>\n<p>Los directores Sabbatella, Jorge Capitanich, Ignacio Saavedra, Marcelo Stubrin, Eduardo Seminara y Claudio Schifer trataron hoy 211 expedientes entre los que se destacan, adem\u00e1s de los planes de adecuaci\u00f3n, el otorgamiento de licencias a radios comunitarias (en el marco del 33% reservado por la ley a las organizaciones sin fines de lucro) y a servicios de cable prestados por PyMES y cooperativas.<\/p>\n<p>Adem\u00e1s, conversaron las autorizaciones de 8 radios en institutos educativos de Salta, Corrientes, Santiago del Estero, Corrientes y Chaco y para los gobiernos de Jujuy y Neuqu\u00e9n.<\/p>\n<p>&nbsp;<\/p>\n<p>&nbsp;<\/p>\n<p>&nbsp;<\/p>\n","protected":false},"excerpt":{"rendered":"<p>El directorio de la Autoridad Federal de Servicios de Comunicaci\u00f3n Audiovisual aprob\u00f3 hoy tres de los casi 20 planes de adecuaci\u00f3n a la ley 26.522 presentados a principios de diciembre por grupos empresarios medi\u00e1ticos, seg\u00fan inform\u00f3 a trav\u00e9s de un comunicado.<\/p>\n","protected":false},"author":11,"featured_media":0,"comment_status":"open","ping_status":"open","sticky":false,"template":"","format":"standard","meta":{"_jetpack_newsletter_access":"","_jetpack_dont_email_post_to_subs":false,"_jetpack_newsletter_tier_id":0,"_jetpack_memberships_contains_paywalled_content":false,"_jetpack_memberships_contains_paid_content":false,"footnotes":""},"categories":[54],"tags":[],"class_list":["post-13471","post","type-post","status-publish","format-standard","hentry","category-medios"],"jetpack_featured_media_url":"","jetpack_shortlink":"https:\/\/wp.me\/p2JWE0-3vh","jetpack-related-posts":[{"id":34725,"url":"https:\/\/www.24baires.com\/?p=34725","url_meta":{"origin":13471,"position":0},"title":"\u00abAfsca a\u00fan no opin\u00f3 sobre el contenido del plan del Grupo Clar\u00edn\u201d","author":"AF","date":"06\/11\/2013","format":false,"excerpt":"El titular de la Autoridad Federal de Servicios de Comunicaci\u00f3n Audiovisual consider\u00f3 \"un paso muy importante\" que \"todos los grupos de medios en Argentina\" hayan presentado ya sus procesos de adecuaci\u00f3n a la ley y aclar\u00f3 que el organismo \"a\u00fan no opin\u00f3 sobre el contenido\" de la propuesta presentada por\u2026","rel":"","context":"En \u00abMedios\u00bb","block_context":{"text":"Medios","link":"https:\/\/www.24baires.com\/?cat=54"},"img":{"alt_text":"afsca cordoba","src":"https:\/\/i0.wp.com\/www.24baires.com\/wp-content\/uploads\/2013\/02\/afsca-cordoba-300x200.jpg?resize=350%2C200","width":350,"height":200},"classes":[]},{"id":55051,"url":"https:\/\/www.24baires.com\/?p=55051","url_meta":{"origin":13471,"position":1},"title":"El Directorio de AFSCA aprob\u00f3 la adecuaci\u00f3n del Grupo Clar\u00edn","author":"Grupo Sierra","date":"08\/10\/2014","format":false,"excerpt":"La Autoridad Federal de Servicios de Comunicaci\u00f3n Audiovisual aprob\u00f3 dar inicio a la adecuaci\u00f3n de oficio del Grupo Clar\u00edn a la Ley de Medios, luego de que el titular del organismo, Mart\u00edn Sabbatella, anunciara que se hab\u00edan detectado \u201cirregularidades\u201d en el plan de adecuaci\u00f3n voluntaria presentado por el multimedios. La\u2026","rel":"","context":"En \u00abMedios\u00bb","block_context":{"text":"Medios","link":"https:\/\/www.24baires.com\/?cat=54"},"img":{"alt_text":"clar\u00edn","src":"https:\/\/i0.wp.com\/www.24baires.com\/wp-content\/uploads\/2014\/10\/clar%C3%ADn.jpg?resize=350%2C200","width":350,"height":200,"srcset":"https:\/\/i0.wp.com\/www.24baires.com\/wp-content\/uploads\/2014\/10\/clar%C3%ADn.jpg?resize=350%2C200 1x, https:\/\/i0.wp.com\/www.24baires.com\/wp-content\/uploads\/2014\/10\/clar%C3%ADn.jpg?resize=525%2C300 1.5x"},"classes":[]},{"id":7722,"url":"https:\/\/www.24baires.com\/?p=7722","url_meta":{"origin":13471,"position":2},"title":"7D: El \u00faltimo plazo para adecuarse es a la medianoche del viernes","author":"Grupo Sierra","date":"03\/12\/2012","format":false,"excerpt":"El titular de la Afsca precis\u00f3 que presentaron su adecuaci\u00f3n a la ley de medios \"14 grupos de los 21 que ten\u00edan que hacerlo\" y reafirm\u00f3 que \"la fecha l\u00edmite\" para \"sigue siendo el 7 de diciembre\".\u00a0 \u00a0 \u00a0 \"Esperamos que en estos d\u00edas se complete y estamos convencidos de\u2026","rel":"","context":"En \u00abMedios\u00bb","block_context":{"text":"Medios","link":"https:\/\/www.24baires.com\/?cat=54"},"img":{"alt_text":"","src":"","width":0,"height":0},"classes":[]},{"id":46502,"url":"https:\/\/www.24baires.com\/?p=46502","url_meta":{"origin":13471,"position":3},"title":"\u00abEstamos estudiando que no haya v\u00ednculo societario entre las unidades en que se dividi\u00f3 Clar\u00edn\u00bb","author":"AF","date":"22\/05\/2014","format":false,"excerpt":"El titular de la Autoridad Federal de Servicios de Comunicaci\u00f3n Audiovisual (Afsca), Mart\u00edn Sabbatella, asegur\u00f3 que el organismo estudia el plan de adecuaci\u00f3n presentado por el Grupo Clar\u00edn para verificar que \"no haya v\u00ednculo societario\" entre las diferentes unidades empresariales que debieron conformarse en cumplimiento de la Ley de Medios.\u2026","rel":"","context":"En \u00abMedios\u00bb","block_context":{"text":"Medios","link":"https:\/\/www.24baires.com\/?cat=54"},"img":{"alt_text":"sabbatella","src":"https:\/\/i0.wp.com\/www.24baires.com\/wp-content\/uploads\/2012\/09\/sabbatella.jpg?resize=350%2C200","width":350,"height":200,"srcset":"https:\/\/i0.wp.com\/www.24baires.com\/wp-content\/uploads\/2012\/09\/sabbatella.jpg?resize=350%2C200 1x, https:\/\/i0.wp.com\/www.24baires.com\/wp-content\/uploads\/2012\/09\/sabbatella.jpg?resize=525%2C300 1.5x"},"classes":[]},{"id":17452,"url":"https:\/\/www.24baires.com\/?p=17452","url_meta":{"origin":13471,"position":4},"title":"La AFSCA aprob\u00f3 cuatro planes de adecuaci\u00f3n m\u00e1s a la Ley de Medios","author":"AF","date":"04\/03\/2013","format":false,"excerpt":"Se trata de las propuestas presentadas por Hadad-Indalo (Gerardo Daniel Hadad, Viviana Mabel Zocco y South Media Investment), Cadena 3, la Asociaci\u00f3n Mutual del Magisterio de Santa Fe \u201cAngelita Peralta Pinos\u201d y Eteco SRL. Estas se suman a los tres planes autorizados en enero pasado. El directorio de la Autoridad\u2026","rel":"","context":"En \u00abMedios\u00bb","block_context":{"text":"Medios","link":"https:\/\/www.24baires.com\/?cat=54"},"img":{"alt_text":"sabbatella trabajadores TN","src":"https:\/\/i0.wp.com\/www.24baires.com\/wp-content\/uploads\/2012\/11\/sabbatella-trabajadores-TN.jpg?resize=350%2C200","width":350,"height":200,"srcset":"https:\/\/i0.wp.com\/www.24baires.com\/wp-content\/uploads\/2012\/11\/sabbatella-trabajadores-TN.jpg?resize=350%2C200 1x, https:\/\/i0.wp.com\/www.24baires.com\/wp-content\/uploads\/2012\/11\/sabbatella-trabajadores-TN.jpg?resize=525%2C300 1.5x"},"classes":[]},{"id":38880,"url":"https:\/\/www.24baires.com\/?p=38880","url_meta":{"origin":13471,"position":5},"title":"Sabbatella: \u00abClar\u00edn empez\u00f3 a entender que la Argentina tiene reglas y debe cumplirlas\u00bb","author":"GB","date":"20\/01\/2014","format":false,"excerpt":"El titular de la Afsca, Mart\u00edn Sabbatella, afirm\u00f3 que \"si Clar\u00edn realmente quiere estar adentro de la ley (de Servicios de Comunicaci\u00f3n Audiovisual) tiene que adecuar la grilla de su sistema de cable\". \"Sin cumplimiento de la grilla no hay plan de adecuaci\u00f3n posible. Somos muy claros en ese tema.\u2026","rel":"","context":"En \u00abMedios\u00bb","block_context":{"text":"Medios","link":"https:\/\/www.24baires.com\/?cat=54"},"img":{"alt_text":"sabbatella post fallo","src":"https:\/\/i0.wp.com\/www.24baires.com\/wp-content\/uploads\/2012\/12\/sabbatella-post-fallo-300x200.jpg?resize=350%2C200","width":350,"height":200},"classes":[]}],"jetpack_sharing_enabled":true,"jetpack_likes_enabled":true,"_links":{"self":[{"href":"https:\/\/www.24baires.com\/index.php?rest_route=\/wp\/v2\/posts\/13471","targetHints":{"allow":["GET"]}}],"collection":[{"href":"https:\/\/www.24baires.com\/index.php?rest_route=\/wp\/v2\/posts"}],"about":[{"href":"https:\/\/www.24baires.com\/index.php?rest_route=\/wp\/v2\/types\/post"}],"author":[{"embeddable":true,"href":"https:\/\/www.24baires.com\/index.php?rest_route=\/wp\/v2\/users\/11"}],"replies":[{"embeddable":true,"href":"https:\/\/www.24baires.com\/index.php?rest_route=%2Fwp%2Fv2%2Fcomments&post=13471"}],"version-history":[{"count":4,"href":"https:\/\/www.24baires.com\/index.php?rest_route=\/wp\/v2\/posts\/13471\/revisions"}],"predecessor-version":[{"id":13475,"href":"https:\/\/www.24baires.com\/index.php?rest_route=\/wp\/v2\/posts\/13471\/revisions\/13475"}],"wp:attachment":[{"href":"https:\/\/www.24baires.com\/index.php?rest_route=%2Fwp%2Fv2%2Fmedia&parent=13471"}],"wp:term":[{"taxonomy":"category","embeddable":true,"href":"https:\/\/www.24baires.com\/index.php?rest_route=%2Fwp%2Fv2%2Fcategories&post=13471"},{"taxonomy":"post_tag","embeddable":true,"href":"https:\/\/www.24baires.com\/index.php?rest_route=%2Fwp%2Fv2%2Ftags&post=13471"}],"curies":[{"name":"wp","href":"https:\/\/api.w.org\/{rel}","templated":true}]}}