{"id":13443,"date":"2013-01-24T17:21:56","date_gmt":"2013-01-24T20:21:56","guid":{"rendered":"http:\/\/www.24baires.com\/?p=13443"},"modified":"2013-01-24T17:22:01","modified_gmt":"2013-01-24T20:22:01","slug":"abal-medina-reitero-el-genuino-compromiso-del-gobierno-en-la-lucha-contra-la-trata","status":"publish","type":"post","link":"https:\/\/www.24baires.com\/?p=13443","title":{"rendered":"Abal Medina reiter\u00f3 el genuino compromiso del Gobierno en la lucha contra la trata"},"content":{"rendered":"<p><a href=\"http:\/\/www.24baires.com\/sociedad\/13443-abal-medina-reitero-el-genuino-compromiso-del-gobierno-en-la-lucha-contra-la-trata\/attachment\/abal-medina-trimarco\/\" rel=\"attachment wp-att-13444\"><img data-recalc-dims=\"1\" loading=\"lazy\" decoding=\"async\" class=\"alignleft size-medium wp-image-13444\" alt=\"abal medina trimarco\" src=\"https:\/\/i0.wp.com\/www.24baires.com\/wp-content\/uploads\/2013\/01\/abal-medina-trimarco.jpg?resize=300%2C200\" width=\"300\" height=\"200\" srcset=\"https:\/\/i0.wp.com\/www.24baires.com\/wp-content\/uploads\/2013\/01\/abal-medina-trimarco.jpg?resize=300%2C200&amp;ssl=1 300w, https:\/\/i0.wp.com\/www.24baires.com\/wp-content\/uploads\/2013\/01\/abal-medina-trimarco.jpg?w=320&amp;ssl=1 320w\" sizes=\"auto, (max-width: 300px) 100vw, 300px\" \/><\/a>El jefe de Gabinete recibi\u00f3 este jueves en la Casa de Gobierno a Susana Trimarco y en ese marco reiter\u00f3 el \u00abirrenunciable compromiso del gobierno nacional en la lucha contra la trata de personas\u00bb.<!--more--><br \/>\nDurante la reuni\u00f3n con la madre de Marita Ver\u00f3n, el jefe de Gabinete reiter\u00f3 el \u00abirrenunciable compromiso del gobierno nacional en la lucha contra la trata de personas\u00bb.<br \/>\nAdem\u00e1s, el funcionario y la madre de Marita Ver\u00f3n, la joven tucumana v\u00edctima de la trata, repasaron el trabajo que realiza la Fundaci\u00f3n Mar\u00eda de los \u00c1ngeles y los proyectos previstos para este a\u00f1o.<\/p>\n<p>Por su parte, Trimarco le transmiti\u00f3 al jefe de Gabinete un \u00abmuy especial saludo\u00bb a la presidenta Cristina Fern\u00e1ndez de Kirchner por \u00abel apoyo permanente\u00bb en la b\u00fasqueda de su hija y en la causa judicial por su desaparici\u00f3n.<\/p>\n<p>Adem\u00e1s, expres\u00f3 su agradecimiento por el respaldo a la Fundaci\u00f3n Mar\u00eda de los \u00c1ngeles Ver\u00f3n.<\/p>\n<p>En la b\u00fasqueda de su hija desde 2002, Trimarco logr\u00f3 liberar a m\u00e1s de un centenar de mujeres que eran v\u00edctimas de la trata y en 2007 cre\u00f3 la Fundaci\u00f3n Mar\u00eda de los \u00c1ngeles, que recibe denuncias, busca concientizar, y brinda asistencia a las v\u00edctimas.<\/p>\n<p>La Fundaci\u00f3n, que ya tiene sedes en Tucum\u00e1n, Buenos Aires y C\u00f3rdoba, ha impulsado la presentaci\u00f3n de cerca de 900 causas ante la Justicia.<\/p>\n<p>&nbsp;<\/p>\n<p>&nbsp;<\/p>\n<p>&nbsp;<\/p>\n<p>&nbsp;<\/p>\n<p>&nbsp;<\/p>\n<p>&nbsp;<\/p>\n<p>&nbsp;<\/p>\n<p>&nbsp;<\/p>\n<p>&nbsp;<\/p>\n<p>&nbsp;<\/p>\n<p>&nbsp;<\/p>\n<p>&nbsp;<\/p>\n<p>&nbsp;<\/p>\n","protected":false},"excerpt":{"rendered":"<p>El jefe de Gabinete recibi\u00f3 este jueves en la Casa de Gobierno a Susana Trimarco y en ese marco reiter\u00f3 el \u00abirrenunciable compromiso del gobierno nacional en la lucha contra la trata de personas\u00bb.<\/p>\n","protected":false},"author":4,"featured_media":0,"comment_status":"open","ping_status":"open","sticky":false,"template":"","format":"standard","meta":{"_jetpack_newsletter_access":"","_jetpack_dont_email_post_to_subs":false,"_jetpack_newsletter_tier_id":0,"_jetpack_memberships_contains_paywalled_content":false,"_jetpack_memberships_contains_paid_content":false,"footnotes":""},"categories":[1],"tags":[],"class_list":["post-13443","post","type-post","status-publish","format-standard","hentry","category-sociedad"],"jetpack_featured_media_url":"","jetpack_shortlink":"https:\/\/wp.me\/p2JWE0-3uP","jetpack-related-posts":[{"id":29816,"url":"https:\/\/www.24baires.com\/?p=29816","url_meta":{"origin":13443,"position":0},"title":"Alak y Trimarco firmaron un acuerdo de asistencia para v\u00edctimas de la trata","author":"AF","date":"09\/08\/2013","format":false,"excerpt":"El ministro de Justicia y Derechos Humanos, Julio Alak, suscribi\u00f3 un convenio de cooperaci\u00f3n con Susana Trimarco, madre de Marita Ver\u00f3n y titular de la instituci\u00f3n que trabaja en la prevenci\u00f3n, la protecci\u00f3n y la asistencia integral de las v\u00edctimas de ese delito. El ministro de Justicia y Derechos Humanos,\u2026","rel":"","context":"En \u00abSociedad\u00bb","block_context":{"text":"Sociedad","link":"https:\/\/www.24baires.com\/?cat=1"},"img":{"alt_text":"trimarco alak","src":"https:\/\/i0.wp.com\/www.24baires.com\/wp-content\/uploads\/2013\/08\/trimarco-alak-300x200.jpg?resize=350%2C200","width":350,"height":200},"classes":[]},{"id":14307,"url":"https:\/\/www.24baires.com\/?p=14307","url_meta":{"origin":13443,"position":1},"title":"Susana Trimarco reiter\u00f3 el pedido de Jury a los Jueces del caso Marita Ver\u00f3n","author":"AF","date":"01\/02\/2013","format":false,"excerpt":"Susana Trimarco dijo que pedir\u00e1 la destituci\u00f3n de los jueces de Tucum\u00e1n que absolvieron a los 13 imputados en el juicio por la desaparici\u00f3n de su hija, Marita Ver\u00f3n, y denunci\u00f3 que la amenazaron con \"secuestrar y matar\" a su nieta Micaela. \"Estoy tan acostumbrada a las amenazas que no\u2026","rel":"","context":"En \u00abSociedad\u00bb","block_context":{"text":"Sociedad","link":"https:\/\/www.24baires.com\/?cat=1"},"img":{"alt_text":"","src":"","width":0,"height":0},"classes":[]},{"id":21648,"url":"https:\/\/www.24baires.com\/?p=21648","url_meta":{"origin":13443,"position":2},"title":"\u00abQue haya jueces que hagan justicia y no arreglos pol\u00edticos con los amiguitos pol\u00edticos\u00bb","author":"Grupo Sierra","date":"22\/04\/2013","format":false,"excerpt":"Lo expres\u00f3 la madre de Marita Ver\u00f3n, distinguida por la UBA en reconocimiento a su incansable lucha contra la trata de personas, agradeci\u00f3 a la Presidenta por su apoyo en la lucha contra la trata y pidi\u00f3 que se concrete la reforma judicial. Susana Trimarco asegur\u00f3 que la reforma judicial\u2026","rel":"","context":"En \u00abPol\u00edtica\u00bb","block_context":{"text":"Pol\u00edtica","link":"https:\/\/www.24baires.com\/?cat=51"},"img":{"alt_text":"","src":"","width":0,"height":0},"classes":[]},{"id":37092,"url":"https:\/\/www.24baires.com\/?p=37092","url_meta":{"origin":13443,"position":3},"title":"\u00abEl fallo es una luz de esperanza en la lucha contra la trata\u00bb asegur\u00f3 Susana Trimarco","author":"GB","date":"18\/12\/2013","format":false,"excerpt":"Susana Trimarco, madre de Marita Ver\u00f3n, se refiri\u00f3 as\u00ed al fallo que revoc\u00f3 la absoluci\u00f3n de 10 de los 13 acusados por el secuestro y desaparici\u00f3n de su hija en 2002. Fue al salir de la Casa Rosada. El fallo de la Corte Suprema de Justicia de Tucum\u00e1n, que ayer\u2026","rel":"","context":"En \u00abSociedad\u00bb","block_context":{"text":"Sociedad","link":"https:\/\/www.24baires.com\/?cat=1"},"img":{"alt_text":"trimarco","src":"https:\/\/i0.wp.com\/www.24baires.com\/wp-content\/uploads\/2012\/11\/trimarco.jpg?resize=350%2C200","width":350,"height":200},"classes":[]},{"id":43343,"url":"https:\/\/www.24baires.com\/?p=43343","url_meta":{"origin":13443,"position":4},"title":"Un festival y muchas voces por Marita Ver\u00f3n","author":"Grupo Sierra","date":"05\/04\/2014","format":false,"excerpt":"La consigna \"Yo le digo No a la trata de personas\" uni\u00f3 a miles de j\u00f3venes y adultos que se concentraron en la Plaza Independencia para recordar a Marita Ver\u00f3n, quien fue secuestrada por una red el 3 abril de 2002. La Bersuit Vergarabat, Kapanga, Karamelo Santo, Nonpalidece, David Bolzoni,\u2026","rel":"","context":"En \u00abMemoria\u00bb","block_context":{"text":"Memoria","link":"https:\/\/www.24baires.com\/?cat=50"},"img":{"alt_text":"marita ver\u00f3n2","src":"https:\/\/i0.wp.com\/www.24baires.com\/wp-content\/uploads\/2013\/04\/marita-ver%C3%B3n2.jpg?resize=350%2C200","width":350,"height":200,"srcset":"https:\/\/i0.wp.com\/www.24baires.com\/wp-content\/uploads\/2013\/04\/marita-ver%C3%B3n2.jpg?resize=350%2C200 1x, https:\/\/i0.wp.com\/www.24baires.com\/wp-content\/uploads\/2013\/04\/marita-ver%C3%B3n2.jpg?resize=525%2C300 1.5x"},"classes":[]},{"id":21560,"url":"https:\/\/www.24baires.com\/?p=21560","url_meta":{"origin":13443,"position":5},"title":"Susana Trimarco ser\u00e1 homenajeada con el Doctorado \u00abHonoris Causa\u00bb","author":"Grupo Sierra","date":"21\/04\/2013","format":false,"excerpt":"El diploma ser\u00e1 otorgado por la UBA durante una ceremonia en la que Susana Trimarco dar\u00e1 un discurso referido a su labor contra la trata de personas. Asistir\u00e1n miembros de ONGs y destacadas personalidades de los \u00e1mbitos cultural, acad\u00e9mico y de los derechos humanos. La Universidad de Buenos Aires (UBA)\u2026","rel":"","context":"En \u00abSociedad\u00bb","block_context":{"text":"Sociedad","link":"https:\/\/www.24baires.com\/?cat=1"},"img":{"alt_text":"trimarco susana","src":"https:\/\/i0.wp.com\/www.24baires.com\/wp-content\/uploads\/2013\/01\/trimarco-susana.jpg?resize=350%2C200","width":350,"height":200,"srcset":"https:\/\/i0.wp.com\/www.24baires.com\/wp-content\/uploads\/2013\/01\/trimarco-susana.jpg?resize=350%2C200 1x, https:\/\/i0.wp.com\/www.24baires.com\/wp-content\/uploads\/2013\/01\/trimarco-susana.jpg?resize=525%2C300 1.5x"},"classes":[]}],"jetpack_sharing_enabled":true,"jetpack_likes_enabled":true,"_links":{"self":[{"href":"https:\/\/www.24baires.com\/index.php?rest_route=\/wp\/v2\/posts\/13443","targetHints":{"allow":["GET"]}}],"collection":[{"href":"https:\/\/www.24baires.com\/index.php?rest_route=\/wp\/v2\/posts"}],"about":[{"href":"https:\/\/www.24baires.com\/index.php?rest_route=\/wp\/v2\/types\/post"}],"author":[{"embeddable":true,"href":"https:\/\/www.24baires.com\/index.php?rest_route=\/wp\/v2\/users\/4"}],"replies":[{"embeddable":true,"href":"https:\/\/www.24baires.com\/index.php?rest_route=%2Fwp%2Fv2%2Fcomments&post=13443"}],"version-history":[{"count":3,"href":"https:\/\/www.24baires.com\/index.php?rest_route=\/wp\/v2\/posts\/13443\/revisions"}],"predecessor-version":[{"id":13447,"href":"https:\/\/www.24baires.com\/index.php?rest_route=\/wp\/v2\/posts\/13443\/revisions\/13447"}],"wp:attachment":[{"href":"https:\/\/www.24baires.com\/index.php?rest_route=%2Fwp%2Fv2%2Fmedia&parent=13443"}],"wp:term":[{"taxonomy":"category","embeddable":true,"href":"https:\/\/www.24baires.com\/index.php?rest_route=%2Fwp%2Fv2%2Fcategories&post=13443"},{"taxonomy":"post_tag","embeddable":true,"href":"https:\/\/www.24baires.com\/index.php?rest_route=%2Fwp%2Fv2%2Ftags&post=13443"}],"curies":[{"name":"wp","href":"https:\/\/api.w.org\/{rel}","templated":true}]}}