{"id":13432,"date":"2013-01-24T16:25:47","date_gmt":"2013-01-24T19:25:47","guid":{"rendered":"http:\/\/www.24baires.com\/?p=13432"},"modified":"2013-01-24T16:25:52","modified_gmt":"2013-01-24T19:25:52","slug":"rechazaron-los-planteos-del-estado-contra-la-decision-que-impide-anular-la-venta-de-la-rural","status":"publish","type":"post","link":"https:\/\/www.24baires.com\/?p=13432","title":{"rendered":"Rechazaron los planteos del Estado contra la decisi\u00f3n que impide anular la venta de la Rural"},"content":{"rendered":"<p><a href=\"http:\/\/www.24baires.com\/?attachment_id=13433\" rel=\"attachment wp-att-13433\"><img data-recalc-dims=\"1\" loading=\"lazy\" decoding=\"async\" class=\"alignleft size-medium wp-image-13433\" alt=\"rural\" src=\"https:\/\/i0.wp.com\/www.24baires.com\/wp-content\/uploads\/2013\/01\/rural.jpg?resize=300%2C225\" width=\"300\" height=\"225\" srcset=\"https:\/\/i0.wp.com\/www.24baires.com\/wp-content\/uploads\/2013\/01\/rural.jpg?resize=300%2C225&amp;ssl=1 300w, https:\/\/i0.wp.com\/www.24baires.com\/wp-content\/uploads\/2013\/01\/rural.jpg?w=560&amp;ssl=1 560w\" sizes=\"auto, (max-width: 300px) 100vw, 300px\" \/><\/a>La C\u00e1mara en lo Civil y Comercial Federal desestim\u00f3 la recusaci\u00f3n presentada contra todos sus integrantes por parte del Gobierno Nacional en la causa por la recuperaci\u00f3n del predio de la Rural de Palermo, informaron fuentes judiciales.<!--more--><br \/>\nLa sala de feria del tribunal de apelaciones rechaz\u00f3 adem\u00e1s una recusaci\u00f3n masiva presentada contra todos los magistrados de la C\u00e1mara, y tambi\u00e9n desestim\u00f3 un pedido de pase de la causa al fuero contencioso administrativo federal y no habilit\u00f3 la feria judicial de enero para tratar la apelaci\u00f3n a la concesi\u00f3n de la medida cautelar, informaron fuentes judiciales.<\/p>\n<p>Por ende la causa continuar\u00e1 su tr\u00e1mite en el fuero civil y comercial y la \u00faltima palabra la tendr\u00e1 la Corte Suprema de Justicia de la Naci\u00f3n.<\/p>\n<p>Los camaristas Graciela Medina, Francisco de las Carreras y Ricardo Guarinoni tomaron esta decisi\u00f3n luego de haber estudiado un expediente penal que tramita en el juzgado federal 9 por supuestas irregularidades en la designaci\u00f3n de jueces subrogantes en el fuero, base de la recusaci\u00f3n presentada por el Estado.<\/p>\n<p>Seg\u00fan fuentes judiciales, concluyeron que en esa causa \u00abno hab\u00eda medidas dispuestas\u00bb que avalaran los planteos para apartarse del caso y rechazaron la recusaci\u00f3n por haber sido presentada \u00absin causa\u00bb.<\/p>\n<p>En cuanto al pase de la causa por el predio al fuero contencioso administrativo federal, los jueces concluyeron que el planteo debi\u00f3 formularse ante la justicia de primera instancia, para permitir una eventual \u00abdoble instancia\u00bb procesal y no ante el tribunal de apelaciones.<\/p>\n<p>Por \u00faltimo, los jueces recordaron que la feria judicial est\u00e1 habilitada para la causa Rural, que hubo resoluciones en lo que va de enero y que no correspond\u00eda volver a habilitarla para la apelaci\u00f3n de la medida cautelar.<\/p>\n<p>El Gobierno recus\u00f3 a la C\u00e1mara en pleno despu\u00e9s que la sala de feria hiciera lugar a una medida cautelar presentada por la Sociedad Rural y paraliz\u00f3 la validez del decreto que anul\u00f3 la venta del predio de Palermo, firmado en 1991.<\/p>\n<p>&nbsp;<\/p>\n<p>&nbsp;<\/p>\n<p>&nbsp;<\/p>\n<p>&nbsp;<\/p>\n<p>&nbsp;<\/p>\n<p>&nbsp;<\/p>\n<p>&nbsp;<\/p>\n<p>&nbsp;<\/p>\n<p>&nbsp;<\/p>\n<p>&nbsp;<\/p>\n<p>&nbsp;<\/p>\n<p>&nbsp;<\/p>\n<p>&nbsp;<\/p>\n<p>&nbsp;<\/p>\n<p>&nbsp;<\/p>\n","protected":false},"excerpt":{"rendered":"<p>La C\u00e1mara en lo Civil y Comercial Federal desestim\u00f3 la recusaci\u00f3n presentada contra todos sus integrantes por parte del Gobierno Nacional en la causa por la recuperaci\u00f3n del predio de la Rural de Palermo, informaron fuentes judiciales.<\/p>\n","protected":false},"author":4,"featured_media":0,"comment_status":"open","ping_status":"open","sticky":false,"template":"","format":"standard","meta":{"_jetpack_newsletter_access":"","_jetpack_dont_email_post_to_subs":false,"_jetpack_newsletter_tier_id":0,"_jetpack_memberships_contains_paywalled_content":false,"_jetpack_memberships_contains_paid_content":false,"footnotes":""},"categories":[1],"tags":[],"class_list":["post-13432","post","type-post","status-publish","format-standard","hentry","category-sociedad"],"jetpack_featured_media_url":"","jetpack_shortlink":"https:\/\/wp.me\/p2JWE0-3uE","jetpack-related-posts":[{"id":103885,"url":"https:\/\/www.24baires.com\/?p=103885","url_meta":{"origin":13432,"position":0},"title":"Bonadio rechaz\u00f3 la recusaci\u00f3n presentada por Cristina Kirchner","author":"AF","date":"14\/08\/2018","format":false,"excerpt":"La ex Presidenta lo hab\u00eda recusado con un escrito que present\u00f3 durante su indagatoria por asociaci\u00f3n il\u00edcita. La C\u00e1mara Federal deber\u00e1 resolver si sigue al frente de la causa. El juez federal Claudio Bonadio rechaz\u00f3 este martes la recusaci\u00f3n en su contra presentada por la ex presidenta Cristina Kirchner, en\u2026","rel":"","context":"En \u00abJUDICIALES\u00bb","block_context":{"text":"JUDICIALES","link":"https:\/\/www.24baires.com\/?cat=68"},"img":{"alt_text":"","src":"https:\/\/i0.wp.com\/www.24baires.com\/wp-content\/uploads\/2014\/11\/bonadio.jpeg?resize=350%2C200","width":350,"height":200,"srcset":"https:\/\/i0.wp.com\/www.24baires.com\/wp-content\/uploads\/2014\/11\/bonadio.jpeg?resize=350%2C200 1x, https:\/\/i0.wp.com\/www.24baires.com\/wp-content\/uploads\/2014\/11\/bonadio.jpeg?resize=525%2C300 1.5x"},"classes":[]},{"id":11637,"url":"https:\/\/www.24baires.com\/?p=11637","url_meta":{"origin":13432,"position":1},"title":"Predio de La Rural: el Gobierno recus\u00f3 a la C\u00e1mara Civil y Comercial","author":"AF","date":"09\/01\/2013","format":false,"excerpt":"El gobierno nacional recus\u00f3 hoy a la C\u00e1mara Civil y Comercial Federal y pidi\u00f3 que la causa por la recuperaci\u00f3n del predio ferial de Palermo por parte del Estado, pase al fuero Contencioso Administrativo Federal. Fuentes judiciales dijeron que, mediante su presentaci\u00f3n, la Jefatura de Gabinete recus\u00f3 a todos los\u2026","rel":"","context":"En \u00abSociedad\u00bb","block_context":{"text":"Sociedad","link":"https:\/\/www.24baires.com\/?cat=1"},"img":{"alt_text":"","src":"","width":0,"height":0},"classes":[]},{"id":32518,"url":"https:\/\/www.24baires.com\/?p=32518","url_meta":{"origin":13432,"position":2},"title":"La C\u00e1mara Federal de Mar del Plata habilit\u00f3 feria judicial para tratar los planteos de Hooft","author":"GB","date":"26\/09\/2013","format":false,"excerpt":"Los tribunales federales marplatenses est\u00e1n en feria por la instalaci\u00f3n de un nuevo sistema inform\u00e1tico. Sin embargo, la C\u00e1mara Federal de esa ciudad notific\u00f3 a la fiscal\u00eda que resolvi\u00f3 habilitar la feria para avocarse a la pronta resoluci\u00f3n de los planteos de nulidad de la indagatoria y la recusaci\u00f3n del\u2026","rel":"","context":"En \u00abMemoria\u00bb","block_context":{"text":"Memoria","link":"https:\/\/www.24baires.com\/?cat=50"},"img":{"alt_text":"Hooft","src":"https:\/\/i0.wp.com\/www.24baires.com\/wp-content\/uploads\/2013\/09\/Hooft-300x199.jpg?resize=350%2C200","width":350,"height":200},"classes":[]},{"id":119576,"url":"https:\/\/www.24baires.com\/?p=119576","url_meta":{"origin":13432,"position":3},"title":"La jueza Capuchetti deleg\u00f3 la investigaci\u00f3n del intento de magnicidio","author":"AF","date":"23\/11\/2022","format":false,"excerpt":"Fuentes judiciales informaron la decisi\u00f3n de la jueza federal, que puso en manos de la fiscal\u00eda las tareas investigativas del intento de asesinato a la Vicepresidenta. La jueza federal Mar\u00eda Eugenia Capuchetti deleg\u00f3 en el fiscal Carlos R\u00edvolo la investigaci\u00f3n por el intento de asesinato a la vicepresidenta Cristina Fern\u00e1ndez\u2026","rel":"","context":"En \u00abJUDICIALES\u00bb","block_context":{"text":"JUDICIALES","link":"https:\/\/www.24baires.com\/?cat=68"},"img":{"alt_text":"","src":"https:\/\/i0.wp.com\/www.24baires.com\/wp-content\/uploads\/2022\/11\/capuchetti.jpg?resize=350%2C200","width":350,"height":200,"srcset":"https:\/\/i0.wp.com\/www.24baires.com\/wp-content\/uploads\/2022\/11\/capuchetti.jpg?resize=350%2C200 1x, https:\/\/i0.wp.com\/www.24baires.com\/wp-content\/uploads\/2022\/11\/capuchetti.jpg?resize=525%2C300 1.5x, https:\/\/i0.wp.com\/www.24baires.com\/wp-content\/uploads\/2022\/11\/capuchetti.jpg?resize=700%2C400 2x"},"classes":[]},{"id":66277,"url":"https:\/\/www.24baires.com\/?p=66277","url_meta":{"origin":13432,"position":4},"title":"Volvieron a rechazar el pedido de Arroyo Salgado para apartar a Fein","author":"AF","date":"20\/05\/2015","format":false,"excerpt":"La C\u00e1mara de Crimen desestim\u00f3 un recurso extraordinario presentado por la jueza federal de San Isidro y madre de las dos hijas del fiscal. La decisi\u00f3n de la sala Sexta de ese tribunal se sum\u00f3 a los anteriores rechazos al pedido de sacar a Fein de la causa que antes\u2026","rel":"","context":"En \u00abJUDICIALES\u00bb","block_context":{"text":"JUDICIALES","link":"https:\/\/www.24baires.com\/?cat=68"},"img":{"alt_text":"fein","src":"https:\/\/i0.wp.com\/www.24baires.com\/wp-content\/uploads\/2015\/01\/fein.jpg?resize=350%2C200","width":350,"height":200,"srcset":"https:\/\/i0.wp.com\/www.24baires.com\/wp-content\/uploads\/2015\/01\/fein.jpg?resize=350%2C200 1x, https:\/\/i0.wp.com\/www.24baires.com\/wp-content\/uploads\/2015\/01\/fein.jpg?resize=525%2C300 1.5x"},"classes":[]},{"id":107335,"url":"https:\/\/www.24baires.com\/?p=107335","url_meta":{"origin":13432,"position":5},"title":"La C\u00e1mara rechaz\u00f3 la recusaci\u00f3n de Stornelli a Ramos Padilla","author":"GB","date":"22\/03\/2019","format":false,"excerpt":"La C\u00e1mara rechaz\u00f3 uno de los planteos del fiscal para sacarle la causa a Ramos Padilla. El fiscal federal Carlos Stornellirecibi\u00f3 un rev\u00e9s de la C\u00e1mara Federal de Mar del Plata, la cual rechaz\u00f3 uno de sus dos planteos para sacarle la causa al juez Alejo Ramos Padilla. Stornelli, que\u2026","rel":"","context":"En \u00abPol\u00edtica\u00bb","block_context":{"text":"Pol\u00edtica","link":"https:\/\/www.24baires.com\/?cat=51"},"img":{"alt_text":"","src":"https:\/\/i0.wp.com\/www.24baires.com\/wp-content\/uploads\/2019\/03\/ramos-padillaa.jpg?resize=350%2C200","width":350,"height":200,"srcset":"https:\/\/i0.wp.com\/www.24baires.com\/wp-content\/uploads\/2019\/03\/ramos-padillaa.jpg?resize=350%2C200 1x, https:\/\/i0.wp.com\/www.24baires.com\/wp-content\/uploads\/2019\/03\/ramos-padillaa.jpg?resize=525%2C300 1.5x"},"classes":[]}],"jetpack_sharing_enabled":true,"jetpack_likes_enabled":true,"_links":{"self":[{"href":"https:\/\/www.24baires.com\/index.php?rest_route=\/wp\/v2\/posts\/13432","targetHints":{"allow":["GET"]}}],"collection":[{"href":"https:\/\/www.24baires.com\/index.php?rest_route=\/wp\/v2\/posts"}],"about":[{"href":"https:\/\/www.24baires.com\/index.php?rest_route=\/wp\/v2\/types\/post"}],"author":[{"embeddable":true,"href":"https:\/\/www.24baires.com\/index.php?rest_route=\/wp\/v2\/users\/4"}],"replies":[{"embeddable":true,"href":"https:\/\/www.24baires.com\/index.php?rest_route=%2Fwp%2Fv2%2Fcomments&post=13432"}],"version-history":[{"count":3,"href":"https:\/\/www.24baires.com\/index.php?rest_route=\/wp\/v2\/posts\/13432\/revisions"}],"predecessor-version":[{"id":13436,"href":"https:\/\/www.24baires.com\/index.php?rest_route=\/wp\/v2\/posts\/13432\/revisions\/13436"}],"wp:attachment":[{"href":"https:\/\/www.24baires.com\/index.php?rest_route=%2Fwp%2Fv2%2Fmedia&parent=13432"}],"wp:term":[{"taxonomy":"category","embeddable":true,"href":"https:\/\/www.24baires.com\/index.php?rest_route=%2Fwp%2Fv2%2Fcategories&post=13432"},{"taxonomy":"post_tag","embeddable":true,"href":"https:\/\/www.24baires.com\/index.php?rest_route=%2Fwp%2Fv2%2Ftags&post=13432"}],"curies":[{"name":"wp","href":"https:\/\/api.w.org\/{rel}","templated":true}]}}