{"id":13429,"date":"2013-01-24T15:57:27","date_gmt":"2013-01-24T18:57:27","guid":{"rendered":"http:\/\/www.24baires.com\/?p=13429"},"modified":"2013-01-24T15:57:27","modified_gmt":"2013-01-24T18:57:27","slug":"las-negociaciones-salariales-con-docentes-fueron-postergadas-para-el-8-de-febrero","status":"publish","type":"post","link":"https:\/\/www.24baires.com\/?p=13429","title":{"rendered":"Las negociaciones salariales con docentes fueron postergadas para el 8 de febrero"},"content":{"rendered":"<p>Fue acordado durante la primera reuni\u00f3n de la comisi\u00f3n t\u00e9cnica. El Frente Gremial Docente volvi\u00f3 a reclamar a Provincia mejoras en el salario b\u00e1sico, la eliminaci\u00f3n del pago del impuesto a las ganancias y la universalizaci\u00f3n en el cobro de las asignaciones.<!--more--><\/p>\n<p>La paritaria salarial docente en la provincia de Buenos Aires qued\u00f3 postergada hasta el 8 de febrero fecha en la que se estima habr\u00e1 una referencia de la discusi\u00f3n salarial a nivel nacional.<\/p>\n<p>Ayer durante el encuentro en la direcci\u00f3n de Educaci\u00f3n bonaerense se focaliz\u00f3 en \u201ccompatibilizar datos, entregar el petitorio de reclamos de los docentes y avanzar con los detalles t\u00e9cnicos que redundar\u00e1n en la oferta salarial que realizar\u00e1 la Provincia a los gremios docentes\u201d.<\/p>\n<p>La presidente de la Federaci\u00f3n de Educadores Bonaerenses (FEB), Mirta Petrocini asegur\u00f3 que \u201caunque la paritaria comenz\u00f3 en enero como reclamamos y se cumpli\u00f3, esta din\u00e1mica de la prolongaci\u00f3n provoca que las fechas de definici\u00f3n se acerquen demasiado a la del inicio del ciclo lectivo\u201d.<\/p>\n<p>Petrocini volvi\u00f3 a pedir la eliminaci\u00f3n de la cuarta categor\u00eda del impuesto a las Ganancias y la universalizaci\u00f3n de las asignaciones familiares. Tambi\u00e9n mencion\u00f3 que se revieron distintos rubros que hoy integran el salario, pero no forman parte del b\u00e1sico, que actualmente \u201cest\u00e1 en 1.598 pesos para el maestro de grado.<\/p>\n<p>Por su parte, Roberto Baradel, secretario general del Suteba, dijo que \u201csi como trascendi\u00f3, el porcentaje de la propuesta es del 18 por ciento y escalonado -para pagarse en tres cuotas-, habr\u00e1 conflicto\u201d, de cara al inicio del ciclo lectivo para el 25 de febrero.<\/p>\n<p>&nbsp;<\/p>\n<p>&nbsp;<\/p>\n<p>&nbsp;<\/p>\n<p>&nbsp;<\/p>\n<p>&nbsp;<\/p>\n<p>&nbsp;<\/p>\n<p>&nbsp;<\/p>\n<p>&nbsp;<\/p>\n<p>&nbsp;<\/p>\n<p>&nbsp;<\/p>\n<p>&nbsp;<\/p>\n<p>&nbsp;<\/p>\n<p>&nbsp;<\/p>\n<p>&nbsp;<\/p>\n","protected":false},"excerpt":{"rendered":"<p>Fue acordado durante la primera reuni\u00f3n de la comisi\u00f3n t\u00e9cnica. El Frente Gremial Docente volvi\u00f3 a reclamar a Provincia mejoras en el salario b\u00e1sico, la eliminaci\u00f3n del pago del impuesto a las ganancias y la universalizaci\u00f3n en el cobro de las asignaciones.<\/p>\n","protected":false},"author":4,"featured_media":0,"comment_status":"open","ping_status":"open","sticky":false,"template":"","format":"standard","meta":{"_jetpack_newsletter_access":"","_jetpack_dont_email_post_to_subs":false,"_jetpack_newsletter_tier_id":0,"_jetpack_memberships_contains_paywalled_content":false,"_jetpack_memberships_contains_paid_content":false,"footnotes":""},"categories":[1],"tags":[],"class_list":["post-13429","post","type-post","status-publish","format-standard","hentry","category-sociedad"],"jetpack_featured_media_url":"","jetpack_shortlink":"https:\/\/wp.me\/p2JWE0-3uB","jetpack-related-posts":[{"id":122894,"url":"https:\/\/www.24baires.com\/?p=122894","url_meta":{"origin":13429,"position":0},"title":"Los docentes bonaerenses son los peor pagos entre las provincias \u201cgrandes\u201d y perdieron el 18% del sueldo","author":"GB","date":"23\/02\/2026","format":false,"excerpt":"El salario docente en provincia de Buenos Aires es m\u00e1s bajo que en C\u00f3rdoba, Santa Fe y CABA. El contexto de un paro anunciado. Cuando faltan apenas d\u00edas para el inicio formal del ciclo lectivo 2026 \u2013previsto para el 2 de marzo\u2013, los docentes de la Provincia de Buenos Aires\u2026","rel":"","context":"En \u00abProvincia\u00bb","block_context":{"text":"Provincia","link":"https:\/\/www.24baires.com\/?cat=40"},"img":{"alt_text":"","src":"https:\/\/i0.wp.com\/www.24baires.com\/wp-content\/uploads\/2026\/02\/docentes-pba.jpg?resize=350%2C200","width":350,"height":200,"srcset":"https:\/\/i0.wp.com\/www.24baires.com\/wp-content\/uploads\/2026\/02\/docentes-pba.jpg?resize=350%2C200 1x, https:\/\/i0.wp.com\/www.24baires.com\/wp-content\/uploads\/2026\/02\/docentes-pba.jpg?resize=525%2C300 1.5x, https:\/\/i0.wp.com\/www.24baires.com\/wp-content\/uploads\/2026\/02\/docentes-pba.jpg?resize=700%2C400 2x"},"classes":[]},{"id":114114,"url":"https:\/\/www.24baires.com\/?p=114114","url_meta":{"origin":13429,"position":1},"title":"El Gobierno confirm\u00f3 que en marzo le pagar\u00e1 el remanente de la paritaria 2019 a los docentes","author":"GB","date":"13\/02\/2020","format":false,"excerpt":"La Direcci\u00f3n General de Cultura y Educaci\u00f3n dio a conocer el anuncio este jueves. El gobierno de la provincia de Buenos Aires confirm\u00f3 este jueves que el 12 de marzo le abonar\u00e1 el remanente de la actualizaci\u00f3n salarial del \u00faltimo trimestre de 2019 a los docentes. El anuncio se hizo\u2026","rel":"","context":"En \u00abProvincia\u00bb","block_context":{"text":"Provincia","link":"https:\/\/www.24baires.com\/?cat=40"},"img":{"alt_text":"","src":"https:\/\/i0.wp.com\/www.24baires.com\/wp-content\/uploads\/2018\/02\/docentes.jpg?resize=350%2C200","width":350,"height":200,"srcset":"https:\/\/i0.wp.com\/www.24baires.com\/wp-content\/uploads\/2018\/02\/docentes.jpg?resize=350%2C200 1x, https:\/\/i0.wp.com\/www.24baires.com\/wp-content\/uploads\/2018\/02\/docentes.jpg?resize=525%2C300 1.5x"},"classes":[]},{"id":106599,"url":"https:\/\/www.24baires.com\/?p=106599","url_meta":{"origin":13429,"position":2},"title":"Docentes advierten a la Provincia: \u201cNo podemos seguir perdiendo tiempo\u201d","author":"GB","date":"30\/01\/2019","format":false,"excerpt":"Desde el Frente de Unidad Docentes Bonaerense resaltaron que falta poco m\u00e1s de un mes para el inicio de clases y que \u201ces necesaria una urgente recomposici\u00f3n salarial\u201d. El Ejecutivo asegur\u00f3 que los llamar\u00e1 en febrero\u201d. Los representantes del Frente de Unidad Docente Bonaerense, compuesto por Suteba, FEB, Sadop, Udocba\u2026","rel":"","context":"En \u00abProvincia\u00bb","block_context":{"text":"Provincia","link":"https:\/\/www.24baires.com\/?cat=40"},"img":{"alt_text":"","src":"https:\/\/i0.wp.com\/www.24baires.com\/wp-content\/uploads\/2019\/01\/docentes-educacion.jpg?resize=350%2C200","width":350,"height":200,"srcset":"https:\/\/i0.wp.com\/www.24baires.com\/wp-content\/uploads\/2019\/01\/docentes-educacion.jpg?resize=350%2C200 1x, https:\/\/i0.wp.com\/www.24baires.com\/wp-content\/uploads\/2019\/01\/docentes-educacion.jpg?resize=525%2C300 1.5x"},"classes":[]},{"id":117190,"url":"https:\/\/www.24baires.com\/?p=117190","url_meta":{"origin":13429,"position":3},"title":"Docentes destacaron la convocatoria al di\u00e1logo y pidieron recomponer el salario","author":"GB","date":"15\/02\/2021","format":false,"excerpt":"Desde el Frente de Unidad Docente Bonaerense se manifestaron adem\u00e1s a favor de una discusi\u00f3n sobre la vuelta a clases presenciales con protocolos Ante la convocatoria a la primera reuni\u00f3n paritaria con los docentes, que lanz\u00f3 el gobierno de Axel Kicillof para este a\u00f1o, desde el FUDB expresaron \"la importancia\u2026","rel":"","context":"En \u00abProvincia\u00bb","block_context":{"text":"Provincia","link":"https:\/\/www.24baires.com\/?cat=40"},"img":{"alt_text":"","src":"https:\/\/i0.wp.com\/www.24baires.com\/wp-content\/uploads\/2019\/03\/docentes.jpg?resize=350%2C200","width":350,"height":200,"srcset":"https:\/\/i0.wp.com\/www.24baires.com\/wp-content\/uploads\/2019\/03\/docentes.jpg?resize=350%2C200 1x, https:\/\/i0.wp.com\/www.24baires.com\/wp-content\/uploads\/2019\/03\/docentes.jpg?resize=525%2C300 1.5x"},"classes":[]},{"id":114229,"url":"https:\/\/www.24baires.com\/?p=114229","url_meta":{"origin":13429,"position":4},"title":"El Frente Gremial Docente rechaz\u00f3 la primera propuesta salarial de Kicillof","author":"GB","date":"27\/02\/2020","format":false,"excerpt":"Contin\u00faan las negociaciones a cuatro d\u00edas del inicio de clases. Hoy habr\u00e1 una nueva reuni\u00f3n El Frente Gremial Docenterechaz\u00f3 la primera propuesta salarial del gobernador Axel Kicillofpor \"insuficiente\".\"Contin\u00faan las negociaciones\", inform\u00f3 el Frente a cuatro d\u00edas del inicio de clases programado el 2 de marzo en este territorio. El Sindicato\u2026","rel":"","context":"En \u00abProvincia\u00bb","block_context":{"text":"Provincia","link":"https:\/\/www.24baires.com\/?cat=40"},"img":{"alt_text":"","src":"https:\/\/i0.wp.com\/www.24baires.com\/wp-content\/uploads\/2020\/02\/paritaria-docente.jpg?resize=350%2C200","width":350,"height":200,"srcset":"https:\/\/i0.wp.com\/www.24baires.com\/wp-content\/uploads\/2020\/02\/paritaria-docente.jpg?resize=350%2C200 1x, https:\/\/i0.wp.com\/www.24baires.com\/wp-content\/uploads\/2020\/02\/paritaria-docente.jpg?resize=525%2C300 1.5x"},"classes":[]},{"id":107180,"url":"https:\/\/www.24baires.com\/?p=107180","url_meta":{"origin":13429,"position":5},"title":"Docentes insisten con ser convocados a retomar la paritaria","author":"GB","date":"12\/03\/2019","format":false,"excerpt":"Los gremios afirman no haber sido llamados a retomar la negociaci\u00f3n salarial. Adem\u00e1s, remarcaron que numerosas escuelas no pudieron empezar las clases por la cr\u00edtica situaci\u00f3n edilicia. Tal como ya lo hicieron el viernes, durante la \u00faltima jornada de paro de 72 horas, los docentes bonaerenses le reclamaron nuevamente al\u2026","rel":"","context":"En \u00abProvincia\u00bb","block_context":{"text":"Provincia","link":"https:\/\/www.24baires.com\/?cat=40"},"img":{"alt_text":"","src":"https:\/\/i0.wp.com\/www.24baires.com\/wp-content\/uploads\/2018\/02\/docentes.jpg?resize=350%2C200","width":350,"height":200,"srcset":"https:\/\/i0.wp.com\/www.24baires.com\/wp-content\/uploads\/2018\/02\/docentes.jpg?resize=350%2C200 1x, https:\/\/i0.wp.com\/www.24baires.com\/wp-content\/uploads\/2018\/02\/docentes.jpg?resize=525%2C300 1.5x"},"classes":[]}],"jetpack_sharing_enabled":true,"jetpack_likes_enabled":true,"_links":{"self":[{"href":"https:\/\/www.24baires.com\/index.php?rest_route=\/wp\/v2\/posts\/13429","targetHints":{"allow":["GET"]}}],"collection":[{"href":"https:\/\/www.24baires.com\/index.php?rest_route=\/wp\/v2\/posts"}],"about":[{"href":"https:\/\/www.24baires.com\/index.php?rest_route=\/wp\/v2\/types\/post"}],"author":[{"embeddable":true,"href":"https:\/\/www.24baires.com\/index.php?rest_route=\/wp\/v2\/users\/4"}],"replies":[{"embeddable":true,"href":"https:\/\/www.24baires.com\/index.php?rest_route=%2Fwp%2Fv2%2Fcomments&post=13429"}],"version-history":[{"count":3,"href":"https:\/\/www.24baires.com\/index.php?rest_route=\/wp\/v2\/posts\/13429\/revisions"}],"predecessor-version":[{"id":13431,"href":"https:\/\/www.24baires.com\/index.php?rest_route=\/wp\/v2\/posts\/13429\/revisions\/13431"}],"wp:attachment":[{"href":"https:\/\/www.24baires.com\/index.php?rest_route=%2Fwp%2Fv2%2Fmedia&parent=13429"}],"wp:term":[{"taxonomy":"category","embeddable":true,"href":"https:\/\/www.24baires.com\/index.php?rest_route=%2Fwp%2Fv2%2Fcategories&post=13429"},{"taxonomy":"post_tag","embeddable":true,"href":"https:\/\/www.24baires.com\/index.php?rest_route=%2Fwp%2Fv2%2Ftags&post=13429"}],"curies":[{"name":"wp","href":"https:\/\/api.w.org\/{rel}","templated":true}]}}