{"id":13421,"date":"2013-01-24T14:57:07","date_gmt":"2013-01-24T17:57:07","guid":{"rendered":"http:\/\/www.24baires.com\/?p=13421"},"modified":"2013-01-24T15:19:58","modified_gmt":"2013-01-24T18:19:58","slug":"la-provincia-de-buenos-aires-no-contempla-realizar-dos-paritarias-al-ano","status":"publish","type":"post","link":"https:\/\/www.24baires.com\/?p=13421","title":{"rendered":"La Provincia de Buenos Aires no contempla realizar dos paritarias al a\u00f1o"},"content":{"rendered":"<p>Consultado sobre esa posibilidad, tal como plantea la Confederaci\u00f3n General del Trabajo (CGT) opositora liderada por Hugo Moyano, el Ministro de Trabajo bonaerense, Oscar Cuartango asegur\u00f3 que \u00abSi nosotros generamos paritarias semestrales o trimestrales estamos exacerbando la inflaci\u00f3n y el que sale perdiendo es el trabajador\u00bb, al tiempo que record\u00f3 al expresidente de la naci\u00f3n, Juan Domingo Per\u00f3n \u00abtal como dec\u00eda el general Per\u00f3n, no es conveniente discutir m\u00e1s de una paritaria por a\u00f1o\u00bb.<!--more--><\/p>\n<p>Consultado por Radio Provincia el titular de la cartera laboral manifest\u00f3 que \u00bb el gobierno bonaerense no estar\u00eda en condiciones de pagar un aumento masivo salarial\u00bb del 30 por ciento, que es el nivel expresado p\u00fablicamente por distintos gremios docentes\u201d.<\/p>\n<p>Este adelante expresado por el funcionario bonaerense estar\u00eda chocando con la advertencia del titular del Sindicato Unificado de Trabajadores de la Educaci\u00f3n de Buenos Aires (SUTEBA), Roberto Baradel quien dp\u00edas atr\u00e1s manifest\u00f3 que las clases no comenzar\u00edan si \u201cla propuesta es del 15%  tal como sostienen algunos trascendidos\u201d.<\/p>\n<p>Con respecto a las paritarias que se est\u00e1n desarrollando a nivel nacional y que, de alguna manera, podr\u00edan marcar el destino de las bonaerenses, Cuartango indic\u00f3 que \u00abla negociaci\u00f3n nacional que fija el piso salarial para el sector, todav\u00eda no est\u00e1 cerrada, motivo por el cual se pas\u00f3 la discusi\u00f3n bonaerense para los primeros d\u00edas de febrero\u00bb.<\/p>\n","protected":false},"excerpt":{"rendered":"<p>Consultado sobre esa posibilidad, tal como plantea la Confederaci\u00f3n General del Trabajo (CGT) opositora liderada por Hugo Moyano, el Ministro de Trabajo bonaerense, Oscar Cuartango asegur\u00f3 que \u00abSi nosotros generamos paritarias semestrales o trimestrales estamos exacerbando la inflaci\u00f3n y el que sale perdiendo es el trabajador\u00bb, al tiempo que record\u00f3 al expresidente de la naci\u00f3n, Juan Domingo Per\u00f3n \u00abtal como [&#8230;]<\/p>\n","protected":false},"author":4,"featured_media":0,"comment_status":"open","ping_status":"open","sticky":false,"template":"","format":"standard","meta":{"_jetpack_newsletter_access":"","_jetpack_dont_email_post_to_subs":false,"_jetpack_newsletter_tier_id":0,"_jetpack_memberships_contains_paywalled_content":false,"_jetpack_memberships_contains_paid_content":false,"footnotes":""},"categories":[1],"tags":[],"class_list":["post-13421","post","type-post","status-publish","format-standard","hentry","category-sociedad"],"jetpack_featured_media_url":"","jetpack_shortlink":"https:\/\/wp.me\/p2JWE0-3ut","jetpack-related-posts":[{"id":101920,"url":"https:\/\/www.24baires.com\/?p=101920","url_meta":{"origin":13421,"position":0},"title":"M\u00e9dicos bonaerenses comienzan el paro provincial con movilizaciones regionales","author":"GB","date":"03\/05\/2018","format":false,"excerpt":"Trabajadores nucleados en Cicop realizan una huelga por 24 horas en todo el territorio bonaerense en reclamo de paritarias salariales. La semana pr\u00f3xima realizar\u00e1n otra medida fuerza. M\u00e9dicos y profesionales de la salud bonaerenses realizan un paro en todos los hospitales p\u00fablicos provinciales en reclamo de la realizaci\u00f3n de paritarias\u2026","rel":"","context":"En \u00abProvincia\u00bb","block_context":{"text":"Provincia","link":"https:\/\/www.24baires.com\/?cat=40"},"img":{"alt_text":"","src":"https:\/\/i0.wp.com\/www.24baires.com\/wp-content\/uploads\/2014\/02\/Paro-Cicop.jpg?resize=350%2C200","width":350,"height":200,"srcset":"https:\/\/i0.wp.com\/www.24baires.com\/wp-content\/uploads\/2014\/02\/Paro-Cicop.jpg?resize=350%2C200 1x, https:\/\/i0.wp.com\/www.24baires.com\/wp-content\/uploads\/2014\/02\/Paro-Cicop.jpg?resize=525%2C300 1.5x"},"classes":[]},{"id":100494,"url":"https:\/\/www.24baires.com\/?p=100494","url_meta":{"origin":13421,"position":1},"title":"Intendentes massistas ofrecer\u00e1n un aumento entre el 15 y el 10% con cl\u00e1usula gatillo","author":"GB","date":"13\/02\/2018","format":false,"excerpt":"Los jefes comunales que responden al Frente Renovador que conduce Sergio Massa, anunciaron que ofrecer\u00e1n hasta un 20% en las paritarias municipales e incluir\u00e1n la \u201ccl\u00e1usula gatillo\u201d que el gobierno nacional y provincial quieren evitar. Tal como sucedi\u00f3 el a\u00f1o pasado con varios de los intendentes peronistas que enfrentaron las\u2026","rel":"","context":"En \u00abMunicipios\u00bb","block_context":{"text":"Municipios","link":"https:\/\/www.24baires.com\/?cat=44"},"img":{"alt_text":"","src":"https:\/\/i0.wp.com\/www.24baires.com\/wp-content\/uploads\/2018\/02\/intendentes-massistas.jpg?resize=350%2C200","width":350,"height":200,"srcset":"https:\/\/i0.wp.com\/www.24baires.com\/wp-content\/uploads\/2018\/02\/intendentes-massistas.jpg?resize=350%2C200 1x, https:\/\/i0.wp.com\/www.24baires.com\/wp-content\/uploads\/2018\/02\/intendentes-massistas.jpg?resize=525%2C300 1.5x"},"classes":[]},{"id":107005,"url":"https:\/\/www.24baires.com\/?p=107005","url_meta":{"origin":13421,"position":2},"title":"El Gobierno y los docentes se re\u00fanen en la segunda paritaria del a\u00f1o","author":"GB","date":"27\/02\/2019","format":false,"excerpt":"Desde el mediod\u00eda en el Ministerio de Econom\u00eda las partes se ver\u00e1n las caras en busca de llegar a un acuerdo que permita que el ciclo lectivo comience normalmente la semana pr\u00f3xima. El gobierno bonaerense convoc\u00f3 a la segunda reuni\u00f3n paritaria docente 2019 para este mi\u00e9rcoles desde las 12 en\u2026","rel":"","context":"En \u00abProvincia\u00bb","block_context":{"text":"Provincia","link":"https:\/\/www.24baires.com\/?cat=40"},"img":{"alt_text":"","src":"https:\/\/i0.wp.com\/www.24baires.com\/wp-content\/uploads\/2018\/02\/docentes.jpg?resize=350%2C200","width":350,"height":200,"srcset":"https:\/\/i0.wp.com\/www.24baires.com\/wp-content\/uploads\/2018\/02\/docentes.jpg?resize=350%2C200 1x, https:\/\/i0.wp.com\/www.24baires.com\/wp-content\/uploads\/2018\/02\/docentes.jpg?resize=525%2C300 1.5x"},"classes":[]},{"id":114212,"url":"https:\/\/www.24baires.com\/?p=114212","url_meta":{"origin":13421,"position":3},"title":"M\u00e9dicos bonaerenses le exigen a Kicillof que convoque urgente a paritarias","author":"GB","date":"25\/02\/2020","format":false,"excerpt":"La Asociaci\u00f3n Sindical de Profesionales de la Salud de la provincia de Buenos Aires (CICOP) le reclam\u00f3 este martes al gobernador una reuni\u00f3n paritaria urgente para negociar aumentos salariales. En un comunicado, la Asociaci\u00f3n Sindical de Profesionales de la Salud de la provincia de Buenos Aires (CICOP) le pidi\u00f3 al\u2026","rel":"","context":"En \u00abProvincia\u00bb","block_context":{"text":"Provincia","link":"https:\/\/www.24baires.com\/?cat=40"},"img":{"alt_text":"","src":"https:\/\/i0.wp.com\/www.24baires.com\/wp-content\/uploads\/2019\/04\/cicop-salud.jpg?resize=350%2C200","width":350,"height":200,"srcset":"https:\/\/i0.wp.com\/www.24baires.com\/wp-content\/uploads\/2019\/04\/cicop-salud.jpg?resize=350%2C200 1x, https:\/\/i0.wp.com\/www.24baires.com\/wp-content\/uploads\/2019\/04\/cicop-salud.jpg?resize=525%2C300 1.5x"},"classes":[]},{"id":121218,"url":"https:\/\/www.24baires.com\/?p=121218","url_meta":{"origin":13421,"position":4},"title":"Estatales apuraron a Kicillof para reabrir paritarias","author":"GB","date":"10\/04\/2024","format":false,"excerpt":"La Asociaci\u00f3n Trabajadores del Estado (ATE) de la provincia de Buenos Aires solicit\u00f3 este martes al gobierno de Axel Kicillof la reapertura de paritarias, ante el \"brutal ajuste\" impulsado a nivel nacional por Javier Milei. El gremio de estatales de ATE en la provincia de Buenos Aires formaliz\u00f3 ante el\u2026","rel":"","context":"En \u00abProvincia\u00bb","block_context":{"text":"Provincia","link":"https:\/\/www.24baires.com\/?cat=40"},"img":{"alt_text":"","src":"https:\/\/i0.wp.com\/www.24baires.com\/wp-content\/uploads\/2024\/03\/paritarias-estatales.webp?resize=350%2C200","width":350,"height":200,"srcset":"https:\/\/i0.wp.com\/www.24baires.com\/wp-content\/uploads\/2024\/03\/paritarias-estatales.webp?resize=350%2C200 1x, https:\/\/i0.wp.com\/www.24baires.com\/wp-content\/uploads\/2024\/03\/paritarias-estatales.webp?resize=525%2C300 1.5x, https:\/\/i0.wp.com\/www.24baires.com\/wp-content\/uploads\/2024\/03\/paritarias-estatales.webp?resize=700%2C400 2x"},"classes":[]},{"id":102457,"url":"https:\/\/www.24baires.com\/?p=102457","url_meta":{"origin":13421,"position":5},"title":"Municipios gobernados por Cambiemos son los de paritarias m\u00e1s bajas","author":"GB","date":"31\/05\/2018","format":false,"excerpt":"Seg\u00fan un informe, el macrismo es la fuerza pol\u00edtica que cerr\u00f3 los aumentos salariales m\u00e1s bajos para trabajadores municipales en la regi\u00f3n metropolitana desde 2016. Para 2018, el promedio en los distritos oficialistas fue de 13 %, ocho puntos por debajo de las gestiones peronistas. Los intendentes que menos pagan\u2026","rel":"","context":"En \u00abProvincia\u00bb","block_context":{"text":"Provincia","link":"https:\/\/www.24baires.com\/?cat=40"},"img":{"alt_text":"","src":"https:\/\/i0.wp.com\/www.24baires.com\/wp-content\/uploads\/2018\/05\/intendentes-cambiemos.jpg?resize=350%2C200","width":350,"height":200,"srcset":"https:\/\/i0.wp.com\/www.24baires.com\/wp-content\/uploads\/2018\/05\/intendentes-cambiemos.jpg?resize=350%2C200 1x, https:\/\/i0.wp.com\/www.24baires.com\/wp-content\/uploads\/2018\/05\/intendentes-cambiemos.jpg?resize=525%2C300 1.5x"},"classes":[]}],"jetpack_sharing_enabled":true,"jetpack_likes_enabled":true,"_links":{"self":[{"href":"https:\/\/www.24baires.com\/index.php?rest_route=\/wp\/v2\/posts\/13421","targetHints":{"allow":["GET"]}}],"collection":[{"href":"https:\/\/www.24baires.com\/index.php?rest_route=\/wp\/v2\/posts"}],"about":[{"href":"https:\/\/www.24baires.com\/index.php?rest_route=\/wp\/v2\/types\/post"}],"author":[{"embeddable":true,"href":"https:\/\/www.24baires.com\/index.php?rest_route=\/wp\/v2\/users\/4"}],"replies":[{"embeddable":true,"href":"https:\/\/www.24baires.com\/index.php?rest_route=%2Fwp%2Fv2%2Fcomments&post=13421"}],"version-history":[{"count":1,"href":"https:\/\/www.24baires.com\/index.php?rest_route=\/wp\/v2\/posts\/13421\/revisions"}],"predecessor-version":[{"id":13422,"href":"https:\/\/www.24baires.com\/index.php?rest_route=\/wp\/v2\/posts\/13421\/revisions\/13422"}],"wp:attachment":[{"href":"https:\/\/www.24baires.com\/index.php?rest_route=%2Fwp%2Fv2%2Fmedia&parent=13421"}],"wp:term":[{"taxonomy":"category","embeddable":true,"href":"https:\/\/www.24baires.com\/index.php?rest_route=%2Fwp%2Fv2%2Fcategories&post=13421"},{"taxonomy":"post_tag","embeddable":true,"href":"https:\/\/www.24baires.com\/index.php?rest_route=%2Fwp%2Fv2%2Ftags&post=13421"}],"curies":[{"name":"wp","href":"https:\/\/api.w.org\/{rel}","templated":true}]}}