{"id":13389,"date":"2013-01-24T13:16:25","date_gmt":"2013-01-24T16:16:25","guid":{"rendered":"http:\/\/www.24baires.com\/?p=13389"},"modified":"2013-01-24T13:16:32","modified_gmt":"2013-01-24T16:16:32","slug":"las-corporaciones-mediaticas-se-expresan-a-traves-de-los-partidos-aseguro-gustavo-lopez","status":"publish","type":"post","link":"https:\/\/www.24baires.com\/?p=13389","title":{"rendered":"Las corporaciones medi\u00e1ticas se expresan a trav\u00e9s de los partidos\u00bb, asegur\u00f3 Gustavo L\u00f3pez"},"content":{"rendered":"<p style=\"text-align: center;\"><a href=\"http:\/\/www.24baires.com\/politica\/13389-las-corporaciones-mediaticas-se-expresan-a-traves-de-los-partidos-aseguro-gustavo-lopez\/attachment\/lopez-gustavo\/\" rel=\"attachment wp-att-13391\"><img data-recalc-dims=\"1\" loading=\"lazy\" decoding=\"async\" class=\"aligncenter  wp-image-13391\" alt=\"lopez gustavo\" src=\"https:\/\/i0.wp.com\/www.24baires.com\/wp-content\/uploads\/2013\/01\/lopez-gustavo.jpg?resize=560%2C375\" width=\"560\" height=\"375\" \/><\/a><\/p>\n<p>El subsecretario general de la Presidencia asegur\u00f3 que las corporaciones medi\u00e1ticas \u00abse expresan a trav\u00e9s de partidos pol\u00edticos o de manera directa\u00bb al se\u00f1alar que \u00abcuando el Gobierno discute con Clar\u00edn o con La Naci\u00f3n, discute con los verdaderos actores pol\u00edticos\u00bb.<!--more--><\/p>\n<p>En el marco de las apelaciones que el grupo Clar\u00edn presenta ante la justicia para impedir la plena aplicaci\u00f3n de la ley de servicios de comunicaci\u00f3n audiovisual, el funcionario analiz\u00f3 en una entrevista publicada hoy por P\u00e1gina 12 el comportamiento de los partidos pol\u00edticos y del sistema judicial en el que la norma no termina de aplicarse en forma plena.<\/p>\n<p>\u00abEl fondo de la pelea es qui\u00e9n gobierna. N\u00e9stor y Cristina\u00a0(Kirchner) y todos los que los respaldamos hemos recuperado el sistema democr\u00e1tico como sistema de representaci\u00f3n de la voluntad popular\u00bb, sostuvo para marcar diferencias con \u00abel neoliberalismo que a partir de los `80 considera la democracia como libertad de mercado\u00bb y pone como ejemplo a las corporaciones medi\u00e1ticas.<\/p>\n<p>\u00abEllas se expresan a trav\u00e9s de algunos partidos que terminan sometidos a sus intereses o de manera directa y as\u00ed la oposici\u00f3n termina subordinada a la estrategia de estos grupos. Cuando los 103 diputados de Clar\u00edn se levantan del recinto para no votar, no importa si son de la UCR, el PJ Federal o del PRO, representaban los intereses de la corporaci\u00f3n\u00bb, reflexion\u00f3.<\/p>\n<p>Para L\u00f3pez, \u00abel objetivo (del grupo Clar\u00edn) fue siempre dilatar, patear para adelante lo m\u00e1s que se pueda porque as\u00ed especulan con la salida del gobierno\u00bb, se\u00f1al\u00f3 al explicar que cuando el Congreso sancion\u00f3 la ley en 2009 \u00abla especulaci\u00f3n fue que en 2011 se acababa esto, (pero) el kirchnerismo gan\u00f3 con el 54 por ciento de los votos. Entonces se plantearon seguir pateando a ver qu\u00e9 pasa en 2013\u00bb.<\/p>\n<p>En su an\u00e1lisis sobre la demora en la aplicaci\u00f3n de la ley de medios, L\u00f3pez apunt\u00f3 tambi\u00e9n hacia sectores de la justicia por \u00abestar ligados a los poderes econ\u00f3micos\u00bb que, seg\u00fan explic\u00f3, \u00abse suman a muchos jueces que quedaron en 1983 y que taparon los cr\u00edmenes de la dictadura\u00bb.<\/p>\n","protected":false},"excerpt":{"rendered":"<p>El subsecretario general de la Presidencia asegur\u00f3 que las corporaciones medi\u00e1ticas \u00abse expresan a trav\u00e9s de partidos pol\u00edticos o de manera directa\u00bb al se\u00f1alar que \u00abcuando el Gobierno discute con Clar\u00edn o con La Naci\u00f3n, discute con los verdaderos actores pol\u00edticos\u00bb.<\/p>\n","protected":false},"author":11,"featured_media":0,"comment_status":"open","ping_status":"open","sticky":false,"template":"","format":"standard","meta":{"_jetpack_newsletter_access":"","_jetpack_dont_email_post_to_subs":false,"_jetpack_newsletter_tier_id":0,"_jetpack_memberships_contains_paywalled_content":false,"_jetpack_memberships_contains_paid_content":false,"footnotes":""},"categories":[54,51],"tags":[],"class_list":["post-13389","post","type-post","status-publish","format-standard","hentry","category-medios","category-politica"],"jetpack_featured_media_url":"","jetpack_shortlink":"https:\/\/wp.me\/p2JWE0-3tX","jetpack-related-posts":[{"id":8373,"url":"https:\/\/www.24baires.com\/?p=8373","url_meta":{"origin":13389,"position":0},"title":"\u00abLo que est\u00e1 en juego es qui\u00e9n gobierna, qui\u00e9n cumple las leyes\u00bb afirm\u00f3 Gustavo L\u00f3pez","author":"Grupo Sierra","date":"08\/12\/2012","format":false,"excerpt":"El subsecretario general de la Presidencia, Gustavo L\u00f3pez, manifest\u00f3 que espera que la Corte Suprema \"haga como hizo el Tribunal de Nueva York\", que en 48 horas fall\u00f3 a favor de Argentina. El fallo de Nueva York fue luego de que el juez Thomas Griesa ordenara pagarle a los fondos\u2026","rel":"","context":"En \u00abPol\u00edtica\u00bb","block_context":{"text":"Pol\u00edtica","link":"https:\/\/www.24baires.com\/?cat=51"},"img":{"alt_text":"","src":"","width":0,"height":0},"classes":[]},{"id":101309,"url":"https:\/\/www.24baires.com\/?p=101309","url_meta":{"origin":13389,"position":1},"title":"Pablo Moyano: \u00abUna paritaria del 15% es ficticia, vamos a pelear por el 23%\u00bb","author":"AF","date":"27\/03\/2018","format":false,"excerpt":"El secretario adjunto de Camioneros sali\u00f3 con todo al cruce del techo que pretenden imponer el Gobierno y los empresarios del sector. \"Por m\u00e1s presiones por parte del Gobierno y por m\u00e1s tapas de Clar\u00edn, vamos a seguir adelante y no vamos a firmar\", asegur\u00f3. \"El Ministerio de Trabajo presiona\u2026","rel":"","context":"En \u00abPol\u00edtica\u00bb","block_context":{"text":"Pol\u00edtica","link":"https:\/\/www.24baires.com\/?cat=51"},"img":{"alt_text":"","src":"https:\/\/i0.wp.com\/www.24baires.com\/wp-content\/uploads\/2013\/07\/moyano-pablo.jpg?resize=350%2C200","width":350,"height":200,"srcset":"https:\/\/i0.wp.com\/www.24baires.com\/wp-content\/uploads\/2013\/07\/moyano-pablo.jpg?resize=350%2C200 1x, https:\/\/i0.wp.com\/www.24baires.com\/wp-content\/uploads\/2013\/07\/moyano-pablo.jpg?resize=525%2C300 1.5x"},"classes":[]},{"id":47935,"url":"https:\/\/www.24baires.com\/?p=47935","url_meta":{"origin":13389,"position":2},"title":"Capitanich: \u00abHay un poder invisible que act\u00faa para condicionar gobiernos\u00bb","author":"GB","date":"13\/06\/2014","format":false,"excerpt":"El jefe de Gabinete, Jorge Capitanich, sostuvo que se da la contradicci\u00f3n \"democracia versus corporaciones\", e identific\u00f3 entre ellas a Clar\u00edn. Cuestion\u00f3 tambi\u00e9n a los dirigentes pol\u00edticos \"que son gerentes, empleados o marionetas\" de grupos econ\u00f3micos. El jefe de Gabinete, Jorge Capitanich, asegur\u00f3 hoy que en el pa\u00eds existe \"un\u2026","rel":"","context":"En \u00abPol\u00edtica\u00bb","block_context":{"text":"Pol\u00edtica","link":"https:\/\/www.24baires.com\/?cat=51"},"img":{"alt_text":"Capitanich","src":"https:\/\/i0.wp.com\/www.24baires.com\/wp-content\/uploads\/2014\/01\/Capitanich.jpg?resize=350%2C200","width":350,"height":200,"srcset":"https:\/\/i0.wp.com\/www.24baires.com\/wp-content\/uploads\/2014\/01\/Capitanich.jpg?resize=350%2C200 1x, https:\/\/i0.wp.com\/www.24baires.com\/wp-content\/uploads\/2014\/01\/Capitanich.jpg?resize=525%2C300 1.5x"},"classes":[]},{"id":27353,"url":"https:\/\/www.24baires.com\/?p=27353","url_meta":{"origin":13389,"position":3},"title":"\u00abLa lista de Massa la armaron las corporaciones\u00bb afirm\u00f3 Kunkel","author":"Grupo Sierra","date":"01\/07\/2013","format":false,"excerpt":"El diputado nacional por el Frente para la Victoria consider\u00f3 que la lista que encabeza el intendente de Tigre, Sergio Massa pretende un pa\u00eds \"dependiente\". En ese marco critic\u00f3 a los integrantes de la n\u00f3mina, y calific\u00f3 su incorporaci\u00f3n como \"apoyo log\u00edstico a las corporaciones medi\u00e1ticas\". El diputado nacional y\u2026","rel":"","context":"En \u00abPol\u00edtica\u00bb","block_context":{"text":"Pol\u00edtica","link":"https:\/\/www.24baires.com\/?cat=51"},"img":{"alt_text":"","src":"","width":0,"height":0},"classes":[]},{"id":59531,"url":"https:\/\/www.24baires.com\/?p=59531","url_meta":{"origin":13389,"position":4},"title":"Scioli: \u00abVoy siempre a todos los eventos a los que me invitan\u00bb","author":"AF","date":"04\/01\/2015","format":false,"excerpt":"El gobernador de Buenos Aires, Daniel Scioli, asegur\u00f3 que va \"siempre a todos los eventos\", al responder a las cr\u00edticas que cosech\u00f3 por parte de varios dirigentes kirchneristas tras asistir a la inauguraci\u00f3n del Espacio Clar\u00edn, un centro promocional montado en Mar del Plata por el multimedios. \u201cNo tengo que\u2026","rel":"","context":"En \u00abPol\u00edtica\u00bb","block_context":{"text":"Pol\u00edtica","link":"https:\/\/www.24baires.com\/?cat=51"},"img":{"alt_text":"scioli caballo+","src":"https:\/\/i0.wp.com\/www.24baires.com\/wp-content\/uploads\/2014\/10\/scioli-caballo%2B.jpg?resize=350%2C200","width":350,"height":200,"srcset":"https:\/\/i0.wp.com\/www.24baires.com\/wp-content\/uploads\/2014\/10\/scioli-caballo%2B.jpg?resize=350%2C200 1x, https:\/\/i0.wp.com\/www.24baires.com\/wp-content\/uploads\/2014\/10\/scioli-caballo%2B.jpg?resize=525%2C300 1.5x"},"classes":[]},{"id":33327,"url":"https:\/\/www.24baires.com\/?p=33327","url_meta":{"origin":13389,"position":5},"title":"Se cumplen cuatro a\u00f1os de la sanci\u00f3n de la Ley de Medios","author":"AF","date":"10\/10\/2013","format":false,"excerpt":"El titular de la Autoridad Federal de Servicios de Comunicaci\u00f3n Audiovisual (Afsca), Mart\u00edn Sabbatella, celebr\u00f3 los cuatro a\u00f1os que cumple la ley de medios y destac\u00f3 el camino transitado hacia la \"democratizaci\u00f3n de la palabra\" y la \"participaci\u00f3n plural\". \"A cuatro a\u00f1os de sancionada la ley, hay mucho que celebrar.\u2026","rel":"","context":"En \u00abMedios\u00bb","block_context":{"text":"Medios","link":"https:\/\/www.24baires.com\/?cat=54"},"img":{"alt_text":"ley-audiovisual","src":"https:\/\/i0.wp.com\/www.24baires.com\/wp-content\/uploads\/2013\/10\/ley-audiovisual.jpg?resize=350%2C200","width":350,"height":200,"srcset":"https:\/\/i0.wp.com\/www.24baires.com\/wp-content\/uploads\/2013\/10\/ley-audiovisual.jpg?resize=350%2C200 1x, https:\/\/i0.wp.com\/www.24baires.com\/wp-content\/uploads\/2013\/10\/ley-audiovisual.jpg?resize=525%2C300 1.5x"},"classes":[]}],"jetpack_sharing_enabled":true,"jetpack_likes_enabled":true,"_links":{"self":[{"href":"https:\/\/www.24baires.com\/index.php?rest_route=\/wp\/v2\/posts\/13389","targetHints":{"allow":["GET"]}}],"collection":[{"href":"https:\/\/www.24baires.com\/index.php?rest_route=\/wp\/v2\/posts"}],"about":[{"href":"https:\/\/www.24baires.com\/index.php?rest_route=\/wp\/v2\/types\/post"}],"author":[{"embeddable":true,"href":"https:\/\/www.24baires.com\/index.php?rest_route=\/wp\/v2\/users\/11"}],"replies":[{"embeddable":true,"href":"https:\/\/www.24baires.com\/index.php?rest_route=%2Fwp%2Fv2%2Fcomments&post=13389"}],"version-history":[{"count":3,"href":"https:\/\/www.24baires.com\/index.php?rest_route=\/wp\/v2\/posts\/13389\/revisions"}],"predecessor-version":[{"id":13394,"href":"https:\/\/www.24baires.com\/index.php?rest_route=\/wp\/v2\/posts\/13389\/revisions\/13394"}],"wp:attachment":[{"href":"https:\/\/www.24baires.com\/index.php?rest_route=%2Fwp%2Fv2%2Fmedia&parent=13389"}],"wp:term":[{"taxonomy":"category","embeddable":true,"href":"https:\/\/www.24baires.com\/index.php?rest_route=%2Fwp%2Fv2%2Fcategories&post=13389"},{"taxonomy":"post_tag","embeddable":true,"href":"https:\/\/www.24baires.com\/index.php?rest_route=%2Fwp%2Fv2%2Ftags&post=13389"}],"curies":[{"name":"wp","href":"https:\/\/api.w.org\/{rel}","templated":true}]}}