{"id":13380,"date":"2013-01-24T12:42:22","date_gmt":"2013-01-24T15:42:22","guid":{"rendered":"http:\/\/www.24baires.com\/?p=13380"},"modified":"2013-01-24T12:42:22","modified_gmt":"2013-01-24T15:42:22","slug":"un-joven-de-19-anos-cruzo-a-nado-desde-punta-lara-hasta-uruguay","status":"publish","type":"post","link":"https:\/\/www.24baires.com\/?p=13380","title":{"rendered":"Un joven de 19 a\u00f1os cruz\u00f3 a nado desde Punta Lara hasta Uruguay"},"content":{"rendered":"<p>Lautaro Lasagna, de 19 a\u00f1os, quien uni\u00f3 a nado las costas uruguayas con las de Punta Lara, dijo que ten\u00eda el \u00absue\u00f1o de poder cumplirlo y as\u00ed colaborar con el Hospital de Ni\u00f1os de La Plata\u00bb.<!--more--><\/p>\n<p>El joven que realiz\u00f3 la traves\u00eda a nado de los 42 kil\u00f3metros que unen las costas uruguayas con las de Punta Lara, partido de Ensenada, dijo que \u201cdesde el 15 de diciembre de 2011 estoy entrenando para lograr este objetivo\u201d.<\/p>\n<p>\u201cFue una experiencia muy dura, tuve peleas con mi entrenador por los entrenamientos, pero por suerte sali\u00f3 todo bien y hoy ya estamos pensando en otra competencia\u201d, destac\u00f3 Lautaro, quien realiz\u00f3 el recorrido en 13 horas y 57 minutos.<\/p>\n<p>El joven platense, sostuvo que ha competido \u00aben varias disciplinas de nado, y en competencias que se hacen en Mar del Plata y otros lugares, pero son carreras cortas, de no m\u00e1s de 3 u 8 kil\u00f3metros\u201d.<\/p>\n<p>Sobre su traves\u00eda destac\u00f3: \u00abEstuve muy bien acompa\u00f1ado, mi pap\u00e1 viaj\u00f3 en un kayak que siempre estaba al lado m\u00edo\u201d.<\/p>\n<p>\u201cEn un yate que iba unos metros atr\u00e1s estaba el entrenador y adelante un bote que yo lo llevaba de gu\u00eda para saber hacia d\u00f3nde dirigirme\u201d, agreg\u00f3.<\/p>\n<p>Record\u00f3 que \u201cen los \u00faltimos 15 kil\u00f3metros, cuando llegu\u00e9 al canal fue bastante duro porque ten\u00eda que cruzarlo en tres horas y tard\u00e9 casi seis por la corriente\u201d.<\/p>\n<p>\u201cEn ese momento, mi hermano me alentaba y se tir\u00f3 a nadar al lado m\u00edo para darme fuerzas\u201d, remarc\u00f3, y explic\u00f3 que producto de la intensa corriente que debi\u00f3 afrontar, se desv\u00edo del trazado original y termin\u00f3 realizando un recorrido de unos 48 kil\u00f3metros.<\/p>\n<p>Lautaro explic\u00f3 que para hidratarse y alimentarse, fren\u00f3 durante el recorrido cada 15 minutos, en los que se manten\u00eda en el agua, pero tomaba una bebida concentrada que prepar\u00f3 su nutricionista y se alimentaba para no descompensarse.<\/p>\n<p>\u201cS\u00f3lo frenaba un minuto y medio m\u00e1s o menos, que era el tiempo que demoraba tomando esta bebida o comiendo algo\u201d, sostuvo.<\/p>\n<p>A su vez, cont\u00f3 que \u201cesta traves\u00eda la hicimos para colaborar con el hospital de Ni\u00f1os Sor Mar\u00eda Ludovica (ex Casa Cuna), donde se utilizan m\u00e1s de 300 pa\u00f1ales por d\u00eda, y por ello ahora estamos pidi\u00e9ndole a la gente si pueden colaborar\u201d.<\/p>\n<p>Destac\u00f3 que \u201cyo no esperaba tanta prensa, pero si con esto se puede ayudar a los nenes ser\u00eda muy importante\u201d, y remarc\u00f3 que \u201clos pa\u00f1ales se pueden acercar al hospital de calle 14 entre 65 y 66, o comunicarse con la organizaci\u00f3n del cruce a nado a trav\u00e9s de la cuenta de Facebook, \u00b4Cruce a nado del R\u00edo de La Plata 2013\u00b4\u00bb.<\/p>\n<p>Por otra parte, Lautaro le cont\u00f3 a T\u00e9lam que \u201cmi entrenador ya tiene en mente una nueva competencia, que se har\u00e1 el a\u00f1o que viene en Santa Fe\u201d, y explic\u00f3 que \u201ces una competencia internacional de aguas abiertas, as\u00ed que voy a ver si lo hago\u201d.<\/p>\n<p>&nbsp;<\/p>\n<p>&nbsp;<\/p>\n<p>&nbsp;<\/p>\n<p>&nbsp;<\/p>\n<p>&nbsp;<\/p>\n<p>&nbsp;<\/p>\n<p>&nbsp;<\/p>\n<p>&nbsp;<\/p>\n<p>&nbsp;<\/p>\n<p>&nbsp;<\/p>\n<p>&nbsp;<\/p>\n<p>&nbsp;<\/p>\n<p>&nbsp;<\/p>\n<p>&nbsp;<\/p>\n<p>&nbsp;<\/p>\n<p>&nbsp;<\/p>\n<p>&nbsp;<\/p>\n<p>&nbsp;<\/p>\n<p>&nbsp;<\/p>\n<p>&nbsp;<\/p>\n<p>&nbsp;<\/p>\n<p>&nbsp;<\/p>\n<p>&nbsp;<\/p>\n<p>&nbsp;<\/p>\n<p>&nbsp;<\/p>\n<p>&nbsp;<\/p>\n","protected":false},"excerpt":{"rendered":"<p>Lautaro Lasagna, de 19 a\u00f1os, quien uni\u00f3 a nado las costas uruguayas con las de Punta Lara, dijo que ten\u00eda el \u00absue\u00f1o de poder cumplirlo y as\u00ed colaborar con el Hospital de Ni\u00f1os de La Plata\u00bb.<\/p>\n","protected":false},"author":4,"featured_media":0,"comment_status":"open","ping_status":"open","sticky":false,"template":"","format":"standard","meta":{"_jetpack_newsletter_access":"","_jetpack_dont_email_post_to_subs":false,"_jetpack_newsletter_tier_id":0,"_jetpack_memberships_contains_paywalled_content":false,"_jetpack_memberships_contains_paid_content":false,"footnotes":""},"categories":[1],"tags":[],"class_list":["post-13380","post","type-post","status-publish","format-standard","hentry","category-sociedad"],"jetpack_featured_media_url":"","jetpack_shortlink":"https:\/\/wp.me\/p2JWE0-3tO","jetpack-related-posts":[{"id":37942,"url":"https:\/\/www.24baires.com\/?p=37942","url_meta":{"origin":13380,"position":0},"title":"Dos j\u00f3venes nadaron hasta Uruguay","author":"GB","date":"05\/01\/2014","format":false,"excerpt":"BERISSO-\u00a0La jornada de este s\u00e1bado quedar\u00e1 en el recuerdo de dos j\u00f3venes nadadores de Berisso, que lograron cumplir con la haza\u00f1a de cruzar el R\u00edo de la Plata a nado, uniendo por primera vez esta ciudad con Colonia, Uruguay. Se trata de Gast\u00f3n Tarantino y Lautaro Sanz, quienes prepararon durante\u2026","rel":"","context":"En \u00abLocales\u00bb","block_context":{"text":"Locales","link":"https:\/\/www.24baires.com\/?cat=38"},"img":{"alt_text":"","src":"","width":0,"height":0},"classes":[]},{"id":60116,"url":"https:\/\/www.24baires.com\/?p=60116","url_meta":{"origin":13380,"position":1},"title":"Encontraron ahogado al joven desaparecido en el R\u00edo de la Plata","author":"AF","date":"15\/01\/2015","format":false,"excerpt":"Era buscado desde el lunes pasado cuando desapareci\u00f3 mientras nadaba en aguas del R\u00edo de la Plata, en la ciudad bonaerense de Ensenada y fue hallado sin vida en las \u00faltimas horas por efectivos de Prefectura Naval Argentina, informaron fuentes policiales. Se trata de Elvio Gabriel Aurianez, cuyo cuerpo fue\u2026","rel":"","context":"En \u00abPoliciales\u00bb","block_context":{"text":"Policiales","link":"https:\/\/www.24baires.com\/?cat=49"},"img":{"alt_text":"","src":"","width":0,"height":0},"classes":[]},{"id":60062,"url":"https:\/\/www.24baires.com\/?p=60062","url_meta":{"origin":13380,"position":2},"title":"Punta Lara: buscan a un joven que desapareci\u00f3 en el R\u00edo de La Plata","author":"AF","date":"14\/01\/2015","format":false,"excerpt":"Un joven de 18 a\u00f1os que desapareci\u00f3 el lunes pasado cuando se ba\u00f1aba en las aguas del R\u00edo de la Plata, en cercan\u00edas de la localidad de Punta Lara, del partido bonaerense de Ensenada, es intensamente buscado por personal de la Prefectura Naval Argentina (PNA). Se trata de Elvio Gabriel\u2026","rel":"","context":"En \u00abLocales\u00bb","block_context":{"text":"Locales","link":"https:\/\/www.24baires.com\/?cat=38"},"img":{"alt_text":"r\u00edo arrecifes","src":"https:\/\/i0.wp.com\/www.24baires.com\/wp-content\/uploads\/2014\/05\/r%C3%ADo-arrecifes.jpg?resize=350%2C200","width":350,"height":200,"srcset":"https:\/\/i0.wp.com\/www.24baires.com\/wp-content\/uploads\/2014\/05\/r%C3%ADo-arrecifes.jpg?resize=350%2C200 1x, https:\/\/i0.wp.com\/www.24baires.com\/wp-content\/uploads\/2014\/05\/r%C3%ADo-arrecifes.jpg?resize=525%2C300 1.5x"},"classes":[]},{"id":3484,"url":"https:\/\/www.24baires.com\/?p=3484","url_meta":{"origin":13380,"position":3},"title":"Muri\u00f3 ahogado un joven en La Salada","author":"AF","date":"27\/10\/2012","format":false,"excerpt":"GENERAL MADARIAGA - En horas de la tarde del viernes, un joven pehuajense muri\u00f3 ahogado en la laguna \"La salada\" al volcarse una embarcaci\u00f3n en la que se desplazaba junto con otras dos personas, quienes lograron salvar su vida nadando hasta la costa. Se trata, seg\u00fan los datos suministrados desde\u2026","rel":"","context":"En \u00abPoliciales\u00bb","block_context":{"text":"Policiales","link":"https:\/\/www.24baires.com\/?cat=49"},"img":{"alt_text":"","src":"","width":0,"height":0},"classes":[]},{"id":37778,"url":"https:\/\/www.24baires.com\/?p=37778","url_meta":{"origin":13380,"position":4},"title":"Finde r\u00e9cord en Punta Lara: casi 100 mil personas","author":"Grupo Sierra","date":"02\/01\/2014","format":false,"excerpt":"N\u00e9stor Canutti dijo que en la primera jornada de enero las playas de la regi\u00f3n recibieron entre 70 y 100 mil personas. El director de Turismo de Ensenada, N\u00e9stor Canutti, revel\u00f3 que ayer 1 de enero hubo entre 70 y 100 mil visitantes en Punta Lara cuando habitualmente los domingos\u2026","rel":"","context":"En \u00abLocales\u00bb","block_context":{"text":"Locales","link":"https:\/\/www.24baires.com\/?cat=38"},"img":{"alt_text":"Punta Lara","src":"https:\/\/i0.wp.com\/www.24baires.com\/wp-content\/uploads\/2014\/01\/Punta-Lara-300x149.jpg?resize=350%2C200","width":350,"height":200},"classes":[]},{"id":49053,"url":"https:\/\/www.24baires.com\/?p=49053","url_meta":{"origin":13380,"position":5},"title":"Apareci\u00f3 con vida Lara Pujol, la menor buscada en Escobar","author":"GB","date":"01\/07\/2014","format":false,"excerpt":"La chica de 13 a\u00f1os fue llevada a Salta por una joven docente identificada como Ximena Alvarado Acosta y su pareja Mart\u00edn Barrionuevo, amigos de la madre de Lara y miembros de la Iglesia Pentecostal. Lara viaj\u00f3 en un \u00f3mnibus desde la provincia de Santiago del Estero hasta Campana, acompa\u00f1ado\u2026","rel":"","context":"En \u00abSociedad\u00bb","block_context":{"text":"Sociedad","link":"https:\/\/www.24baires.com\/?cat=1"},"img":{"alt_text":"nenadesaparecida escobar","src":"https:\/\/i0.wp.com\/www.24baires.com\/wp-content\/uploads\/2014\/07\/nenadesaparecida-escobar.jpg?resize=350%2C200","width":350,"height":200,"srcset":"https:\/\/i0.wp.com\/www.24baires.com\/wp-content\/uploads\/2014\/07\/nenadesaparecida-escobar.jpg?resize=350%2C200 1x, https:\/\/i0.wp.com\/www.24baires.com\/wp-content\/uploads\/2014\/07\/nenadesaparecida-escobar.jpg?resize=525%2C300 1.5x"},"classes":[]}],"jetpack_sharing_enabled":true,"jetpack_likes_enabled":true,"_links":{"self":[{"href":"https:\/\/www.24baires.com\/index.php?rest_route=\/wp\/v2\/posts\/13380","targetHints":{"allow":["GET"]}}],"collection":[{"href":"https:\/\/www.24baires.com\/index.php?rest_route=\/wp\/v2\/posts"}],"about":[{"href":"https:\/\/www.24baires.com\/index.php?rest_route=\/wp\/v2\/types\/post"}],"author":[{"embeddable":true,"href":"https:\/\/www.24baires.com\/index.php?rest_route=\/wp\/v2\/users\/4"}],"replies":[{"embeddable":true,"href":"https:\/\/www.24baires.com\/index.php?rest_route=%2Fwp%2Fv2%2Fcomments&post=13380"}],"version-history":[{"count":2,"href":"https:\/\/www.24baires.com\/index.php?rest_route=\/wp\/v2\/posts\/13380\/revisions"}],"predecessor-version":[{"id":13384,"href":"https:\/\/www.24baires.com\/index.php?rest_route=\/wp\/v2\/posts\/13380\/revisions\/13384"}],"wp:attachment":[{"href":"https:\/\/www.24baires.com\/index.php?rest_route=%2Fwp%2Fv2%2Fmedia&parent=13380"}],"wp:term":[{"taxonomy":"category","embeddable":true,"href":"https:\/\/www.24baires.com\/index.php?rest_route=%2Fwp%2Fv2%2Fcategories&post=13380"},{"taxonomy":"post_tag","embeddable":true,"href":"https:\/\/www.24baires.com\/index.php?rest_route=%2Fwp%2Fv2%2Ftags&post=13380"}],"curies":[{"name":"wp","href":"https:\/\/api.w.org\/{rel}","templated":true}]}}