{"id":13285,"date":"2013-01-23T16:04:04","date_gmt":"2013-01-23T19:04:04","guid":{"rendered":"http:\/\/www.24baires.com\/?p=13285"},"modified":"2013-01-24T12:39:34","modified_gmt":"2013-01-24T15:39:34","slug":"es-un-disparate-que-el-gobierno-ayude-a-pagar-los-sueldos-de-los-municipios","status":"publish","type":"post","link":"https:\/\/www.24baires.com\/?p=13285","title":{"rendered":"\u00abEs un disparate que el gobierno ayude a pagar los sueldos de los Municipios\u00bb"},"content":{"rendered":"<p style=\"text-align: center;\"><a href=\"http:\/\/www.24baires.com\/politica\/13285-es-un-disparate-que-el-gobierno-ayude-a-pagar-los-sueldos-de-los-municipios\/attachment\/edificio-jefatura-gabinete\/\" rel=\"attachment wp-att-13290\"><img data-recalc-dims=\"1\" loading=\"lazy\" decoding=\"async\" class=\"aligncenter  wp-image-13290\" alt=\"edificio jefatura gabinete\" src=\"https:\/\/i0.wp.com\/www.24baires.com\/wp-content\/uploads\/2013\/01\/edificio-jefatura-gabinete.jpg?resize=560%2C375\" width=\"560\" height=\"375\" \/><\/a><\/p>\n<p>La Secretar\u00eda de Evaluaci\u00f3n Presupuestaria desminti\u00f3 una informaci\u00f3n aparecida en un portal de noticias del Grupo Clar\u00edn, en el que se se\u00f1ala que un decreto de necesidad y urgencia firmado en el mes de diciembre habilit\u00f3 fondos por 1.129 millones de pesos para asistir a municipios.<!--more--><\/p>\n<p>En un comunicado de prensa, la dependencia se\u00f1al\u00f3 que \u00abno existen tales fondos en tal decreto por lo que seguimos calificando la informaci\u00f3n como un disparate\u00bb.<\/p>\n<p>\u201cLa nota period\u00edstica refiere nuevamente al Decreto de necesidad y urgencia N\u00ba2609\/2012, sobre el que ya en el momento que fuera publicado las mismas fuentes period\u00edsticas afirmaban que se destinar\u00edan 6000 millones de pesos\u00bb, se\u00f1ala el comunicado.<\/p>\n<p>Desde la secretar\u00eda recordaron que \u00abluego de nuestra desmentida del d\u00eda 5 de enero, lo redujeron a la versi\u00f3n de que ser\u00edan 1.129 millones\u201d.<\/p>\n<p>Fuentes oficiales se\u00f1alaron que una correcta lectura del decreto muestra con claridad que esos 1129 millones de pesos a los que se hace referencia han sido pr\u00e9stamos a gobiernos provinciales.<\/p>\n<p>\u00abEs decir, es todo lo contrario a lo que la nota postula\u00bb, concluyeron desde la secretar\u00eda.<\/p>\n<p>&nbsp;<\/p>\n","protected":false},"excerpt":{"rendered":"<p>La Secretar\u00eda de Evaluaci\u00f3n Presupuestaria desminti\u00f3 una informaci\u00f3n aparecida en un portal de noticias del Grupo Clar\u00edn, en el que se se\u00f1ala que un decreto de necesidad y urgencia firmado en el mes de diciembre habilit\u00f3 fondos por 1.129 millones de pesos para asistir a municipios.<\/p>\n","protected":false},"author":11,"featured_media":0,"comment_status":"open","ping_status":"open","sticky":false,"template":"","format":"standard","meta":{"_jetpack_newsletter_access":"","_jetpack_dont_email_post_to_subs":false,"_jetpack_newsletter_tier_id":0,"_jetpack_memberships_contains_paywalled_content":false,"_jetpack_memberships_contains_paid_content":false,"footnotes":""},"categories":[54,51],"tags":[],"class_list":["post-13285","post","type-post","status-publish","format-standard","hentry","category-medios","category-politica"],"jetpack_featured_media_url":"","jetpack_shortlink":"https:\/\/wp.me\/p2JWE0-3sh","jetpack-related-posts":[{"id":11216,"url":"https:\/\/www.24baires.com\/?p=11216","url_meta":{"origin":13285,"position":0},"title":"La desmentida diaria: \u00abSon disparatadas las versiones period\u00edsticas de auxilio a Municipios\u00bb","author":"Grupo Sierra","date":"04\/01\/2013","format":false,"excerpt":"\"Ante las disparatadas versiones dadas a conocer por diversos medios period\u00edsticos\" respecto del auxilio financiero de $6 mil millones a Municipios, la Secretar\u00eda de Evaluaci\u00f3n Presupuestaria inform\u00f3 que el Decreto N\u00ba 2609\/2012, no incluye ninguna partida de \u201ctransferencias a municipios\u201d ni que pueda ser destinada a tal fin, anunciaron desde\u2026","rel":"","context":"En \u00abPol\u00edtica\u00bb","block_context":{"text":"Pol\u00edtica","link":"https:\/\/www.24baires.com\/?cat=51"},"img":{"alt_text":"","src":"","width":0,"height":0},"classes":[]},{"id":104536,"url":"https:\/\/www.24baires.com\/?p=104536","url_meta":{"origin":13285,"position":1},"title":"El Gobierno compensar\u00e1 en parte lo que les quit\u00f3 a las provincias del fondo sojero","author":"AF","date":"18\/09\/2018","format":false,"excerpt":"El Gobierno girar\u00e1 a las provincias 4125 millones de pesos para compensar, en parte, la p\u00e9rdida de recursos que implica la eliminaci\u00f3n del Fondo Federal Solidario, tambi\u00e9n llamado Fondo Sojero, por el cual las administraciones provinciales y municipales recib\u00edan unos 6200 millones de pesos. A cambio de la compensaci\u00f3n parcial,\u2026","rel":"","context":"En \u00abPol\u00edtica\u00bb","block_context":{"text":"Pol\u00edtica","link":"https:\/\/www.24baires.com\/?cat=51"},"img":{"alt_text":"","src":"https:\/\/i0.wp.com\/www.24baires.com\/wp-content\/uploads\/2018\/09\/na02fo01_9.jpg?resize=350%2C200","width":350,"height":200,"srcset":"https:\/\/i0.wp.com\/www.24baires.com\/wp-content\/uploads\/2018\/09\/na02fo01_9.jpg?resize=350%2C200 1x, https:\/\/i0.wp.com\/www.24baires.com\/wp-content\/uploads\/2018\/09\/na02fo01_9.jpg?resize=525%2C300 1.5x"},"classes":[]},{"id":114802,"url":"https:\/\/www.24baires.com\/?p=114802","url_meta":{"origin":13285,"position":2},"title":"Provincia oficializ\u00f3 el auxilio a intendentes y cre\u00f3 el fondo de emergencia para pagar sueldos","author":"GB","date":"23\/04\/2020","format":false,"excerpt":"Luego del reclamo de los jefes comunales en medio de la crisis por la pandemia, Axel Kicillof firm\u00f3 el decreto que crea un fondo que podr\u00e1 cubrir hasta 12.000 millones de pesos con el principal objetivo de contribuir con el pago de sueldos de los empleados municipales. Tal como inform\u00f3\u2026","rel":"","context":"En \u00abLocales\u00bb","block_context":{"text":"Locales","link":"https:\/\/www.24baires.com\/?cat=38"},"img":{"alt_text":"","src":"https:\/\/i0.wp.com\/www.24baires.com\/wp-content\/uploads\/2020\/04\/axel-k.jpeg?resize=350%2C200","width":350,"height":200,"srcset":"https:\/\/i0.wp.com\/www.24baires.com\/wp-content\/uploads\/2020\/04\/axel-k.jpeg?resize=350%2C200 1x, https:\/\/i0.wp.com\/www.24baires.com\/wp-content\/uploads\/2020\/04\/axel-k.jpeg?resize=525%2C300 1.5x"},"classes":[]},{"id":114549,"url":"https:\/\/www.24baires.com\/?p=114549","url_meta":{"origin":13285,"position":3},"title":"El ministerio de las Mujeres otorgar\u00e1 subsidios para casos de violencia de g\u00e9nero","author":"GB","date":"30\/03\/2020","format":false,"excerpt":"En lo que va del aislamiento social y obligatorio, ya se registraron 10 casos de femicidios. Ante el recrudecimiento de la violencia, Kicillof autoriz\u00f3 el otorgamiento de subsidios para gastos que puedan tener las v\u00edctimas. El gobernador bonaerense, Axel Kicillof, autoriz\u00f3 esta ma\u00f1ana, mediante el Decreto 178 al Ministerio de\u2026","rel":"","context":"En \u00abProvincia\u00bb","block_context":{"text":"Provincia","link":"https:\/\/www.24baires.com\/?cat=40"},"img":{"alt_text":"","src":"https:\/\/i0.wp.com\/www.24baires.com\/wp-content\/uploads\/2020\/03\/MINISTERIO-MUJERES.jpg?resize=350%2C200","width":350,"height":200,"srcset":"https:\/\/i0.wp.com\/www.24baires.com\/wp-content\/uploads\/2020\/03\/MINISTERIO-MUJERES.jpg?resize=350%2C200 1x, https:\/\/i0.wp.com\/www.24baires.com\/wp-content\/uploads\/2020\/03\/MINISTERIO-MUJERES.jpg?resize=525%2C300 1.5x"},"classes":[]},{"id":115260,"url":"https:\/\/www.24baires.com\/?p=115260","url_meta":{"origin":13285,"position":4},"title":"Olavarr\u00eda vuelve a la fase 1 ante un brote de Covid-19","author":"GB","date":"07\/06\/2020","format":false,"excerpt":"El intendente Galli confirm\u00f3 21 nuevos casos en las \u00faltimas 12 horas y ayer decret\u00f3 que el municipio volver\u00e1 a la fase inicial de la cuarentena, donde solo funcionar\u00e1n supermercados, farmacias y estaciones de servicio hasta las 16 hs. Olavarr\u00eda volvi\u00f3 a la fase 1 de la cuarentena, luego de\u2026","rel":"","context":"En \u00abMunicipios\u00bb","block_context":{"text":"Municipios","link":"https:\/\/www.24baires.com\/?cat=44"},"img":{"alt_text":"","src":"https:\/\/i0.wp.com\/www.24baires.com\/wp-content\/uploads\/2020\/06\/galli.jpg?resize=350%2C200","width":350,"height":200,"srcset":"https:\/\/i0.wp.com\/www.24baires.com\/wp-content\/uploads\/2020\/06\/galli.jpg?resize=350%2C200 1x, https:\/\/i0.wp.com\/www.24baires.com\/wp-content\/uploads\/2020\/06\/galli.jpg?resize=525%2C300 1.5x"},"classes":[]},{"id":114652,"url":"https:\/\/www.24baires.com\/?p=114652","url_meta":{"origin":13285,"position":5},"title":"Alberto Fern\u00e1ndez convoc\u00f3 a gobernadores e intendentes a controlar los precios","author":"GB","date":"09\/04\/2020","format":false,"excerpt":"El Poder Ejecutivo Nacional lanz\u00f3 el llamamiento a los distritos provinciales y municipales para evitar la especulaci\u00f3n. El Gobierno nacional convoc\u00f3 este jueves a los gobernadores e intendentes de todos los municipios del pa\u00eds a realizar tareas de fiscalizaci\u00f3n y control de los precios m\u00e1ximos establecidos por la Secretar\u00eda de\u2026","rel":"","context":"En \u00abPol\u00edtica\u00bb","block_context":{"text":"Pol\u00edtica","link":"https:\/\/www.24baires.com\/?cat=51"},"img":{"alt_text":"","src":"https:\/\/i0.wp.com\/www.24baires.com\/wp-content\/uploads\/2020\/04\/alberto-videoconferencia.jpeg?resize=350%2C200","width":350,"height":200,"srcset":"https:\/\/i0.wp.com\/www.24baires.com\/wp-content\/uploads\/2020\/04\/alberto-videoconferencia.jpeg?resize=350%2C200 1x, https:\/\/i0.wp.com\/www.24baires.com\/wp-content\/uploads\/2020\/04\/alberto-videoconferencia.jpeg?resize=525%2C300 1.5x"},"classes":[]}],"jetpack_sharing_enabled":true,"jetpack_likes_enabled":true,"_links":{"self":[{"href":"https:\/\/www.24baires.com\/index.php?rest_route=\/wp\/v2\/posts\/13285","targetHints":{"allow":["GET"]}}],"collection":[{"href":"https:\/\/www.24baires.com\/index.php?rest_route=\/wp\/v2\/posts"}],"about":[{"href":"https:\/\/www.24baires.com\/index.php?rest_route=\/wp\/v2\/types\/post"}],"author":[{"embeddable":true,"href":"https:\/\/www.24baires.com\/index.php?rest_route=\/wp\/v2\/users\/11"}],"replies":[{"embeddable":true,"href":"https:\/\/www.24baires.com\/index.php?rest_route=%2Fwp%2Fv2%2Fcomments&post=13285"}],"version-history":[{"count":3,"href":"https:\/\/www.24baires.com\/index.php?rest_route=\/wp\/v2\/posts\/13285\/revisions"}],"predecessor-version":[{"id":13381,"href":"https:\/\/www.24baires.com\/index.php?rest_route=\/wp\/v2\/posts\/13285\/revisions\/13381"}],"wp:attachment":[{"href":"https:\/\/www.24baires.com\/index.php?rest_route=%2Fwp%2Fv2%2Fmedia&parent=13285"}],"wp:term":[{"taxonomy":"category","embeddable":true,"href":"https:\/\/www.24baires.com\/index.php?rest_route=%2Fwp%2Fv2%2Fcategories&post=13285"},{"taxonomy":"post_tag","embeddable":true,"href":"https:\/\/www.24baires.com\/index.php?rest_route=%2Fwp%2Fv2%2Ftags&post=13285"}],"curies":[{"name":"wp","href":"https:\/\/api.w.org\/{rel}","templated":true}]}}