{"id":13220,"date":"2013-01-22T21:57:36","date_gmt":"2013-01-23T00:57:36","guid":{"rendered":"http:\/\/www.24baires.com\/?p=13220"},"modified":"2013-04-18T18:25:39","modified_gmt":"2013-04-18T21:25:39","slug":"decile-al-que-te-mando-que-si","status":"publish","type":"post","link":"https:\/\/www.24baires.com\/?p=13220","title":{"rendered":"\u00abDecile al que te mand\u00f3, que si\u00bb"},"content":{"rendered":"<p><a href=\"http:\/\/www.24baires.com\/columnista-invitado\/13220-decile-al-que-te-mando-que-si\/attachment\/tesan-jorge-belgrano\/\" rel=\"attachment wp-att-13229\"><img data-recalc-dims=\"1\" loading=\"lazy\" decoding=\"async\" class=\"aligncenter size-full wp-image-13229\" alt=\"TESAN JORGE belgrano\" src=\"https:\/\/i0.wp.com\/www.24baires.com\/wp-content\/uploads\/2013\/01\/TESAN-JORGE-belgrano.jpg?resize=560%2C373\" width=\"560\" height=\"373\" srcset=\"https:\/\/i0.wp.com\/www.24baires.com\/wp-content\/uploads\/2013\/01\/TESAN-JORGE-belgrano.jpg?w=560&amp;ssl=1 560w, https:\/\/i0.wp.com\/www.24baires.com\/wp-content\/uploads\/2013\/01\/TESAN-JORGE-belgrano.jpg?resize=300%2C199&amp;ssl=1 300w\" sizes=\"auto, (max-width: 560px) 100vw, 560px\" \/><\/a><\/p>\n<p><em>(Por Jorge Tes\u00e1n*)<\/em> Cuando se habla de eso que vagamente se denomina \u00abProyecto Nacional y Popular\u00bb, se suele citar como una de sus caracter\u00edsticas el haber vuelto a interesar a los j\u00f3venes por la pol\u00edtica o al menos por algunas consignas bienintencionadas. Se supone, entonces que quienes se sienten identificados, ya no con el gobierno, sino con un sistema de ideas mas amplio, que auspicia que los j\u00f3venes participen, dar\u00e1n bienvenidas a quienes planteen necesidades de soluciones y hagan el esfuerzo en expresar esas inquietudes.<!--more--><\/p>\n<p>&nbsp;<\/p>\n<p>En la tarde de hoy, con mi familia, fuimos al Unzu\u00e9, donde se despleg\u00f3 una serie de actividades que tienen que ver con Paka-Paka, Telam, etc. Ah\u00ed me saqu\u00e9 una foto con un corp\u00f3reo de Belgrano, y presenci\u00e9 como los chicos hac\u00edan suyos a los personajes de la historia. Si me lo juraban hace quince a\u00f1os, no lo hubiera cre\u00eddo.<\/p>\n<p>Ahora bien, fuimos hoy simplemente porque se nos ocurri\u00f3 ir hoy. No ten\u00edamos idea de que iban a concurrir algunos personajes conocidos de la pol\u00edtica. Fue por un pasillo del Unzu\u00e9 que me lo cruc\u00e9 a Bonifatti (un funcionario marplatense) \u00a0dialogando acaloradamente con Pablo Fern\u00e1ndez Abdala (Presidente del EMTUR), y al rato me enter\u00e9 de que ven\u00eda Abal Medina. Se empezaron a juntar periodistas y mientras mi hijo mayor hac\u00eda cola en uno de los juegos de la kermesse, anunciaron la llegada de Pulti.<\/p>\n<p>En efecto, a unos diez metros de donde est\u00e1bamos, pude ver al intendente. Sonriente, amable, se sacaba fotos con quien se le acercara. Nunca lo hab\u00eda visto en persona.<br \/>\nSe arm\u00f3 un nutrido grupo de periodistas, c\u00e1maras, tiracables, etc. que segu\u00edan a alguien que result\u00f3 ser Abal Medina. El tipo se paraba ante cada stand, abrazaba gente y se sacaba fotos haciendo la \u201cV\u201d. Entre el grupo, circulaba el intendente.<\/p>\n<p>Mi hijo Juan Diego cumple diez a\u00f1os en pocos d\u00edas. En cuanto se enter\u00f3 de que estaba Pulti, muy en\u00e9rgico, dijo que iba a ir a hablarle. No entend\u00ed bien de qu\u00e9 tema. Yo le ped\u00ed que no fuera y lo sostuve de la mano. Ten\u00eda miedo de que, por intentar hablarle, incurra en malas maneras y se desvirt\u00fae el mensaje de lo que le quer\u00eda decir. Entonces me dijo que al menos, quer\u00eda verlo.<\/p>\n<p>A todo esto, el scrum period\u00edstico segu\u00eda a Abal Medina y en un momento Pulti qued\u00f3 distanciado de ese grupo principal. Se lo se\u00f1al\u00e9 a mi hijo y \u00e9ste se acerc\u00f3. Con un dedito lo toc\u00f3 desde atr\u00e1s y le dijo:<br \/>\n\u201c-Disculpe, yo quiero que usted haga algo para salvar la Reserva (Puerto)-\u201c<br \/>\nPulti, camisa Dior y corbata, creo que gris, le prest\u00f3 atenci\u00f3n e hizo de intendente, que es lo mas que hubi\u00e9ramos esperado.<br \/>\n\u201c-No te preocupes, que la vamos a salvar \u2013le dijo- estamos trabajando en eso-\u201c<br \/>\n\u201c-Hay que hacer que de la Reserva se vaya Aldosivi-\u201c, continu\u00f3 mi hijo.<br \/>\nPulti asinti\u00f3 y le dijo algo as\u00ed como \u201cOjal\u00e1\u201d, pero en ning\u00fan momento pareci\u00f3 querer sac\u00e1rselo de encima. Mi hijo sigui\u00f3 habl\u00e1ndole de que estaban destruyendo la Reserva y le dijo algo como \u201cD\u00edgale a Scioli y Aldrey que salven la Reserva\u201d. Pulti volvi\u00f3 a asentir, pero se despach\u00f3 con una iron\u00eda que nos dej\u00f3 at\u00f3nitos:<\/p>\n<p><strong>\u201c-Decile al que te mand\u00f3, que s\u00ed-\u201c<\/strong>, y se fue, mientras un grupo de chicos de La C\u00e1mpora felicitaban a Juan Diego por su atrevimiento y lo auguraban intendente para dentro de veinte a\u00f1os.<\/p>\n<p>Record\u00e9 una frase similar de parte de Mauricio Macri a una periodista que cuestionaba algunos actos de su gobierno. Sent\u00ed que el intendente ninguneaba la intenci\u00f3n de mi hijo, de intentar charlar con \u00e9l desde sus diez a\u00f1os, confiar en su investidura y encargarle algo desde su inocencia, que \u00e9l cree que puede cambiar las cosas. Pulti prefiri\u00f3 creer que a mi hijo lo hab\u00edamos \u201cmandado\u201d. De hecho, yo estaba al lado, y no hubiera tenido ning\u00fan inconveniente en intentar charlar con \u00e9l. Pero mi hijo, a diferencia de m\u00ed, crey\u00f3 mas que yo en la posibilidad de dialogar con el intendente, y el tipo lo remata con semejante cachetazo. No es muy nacional ni popular el creer que un ni\u00f1o no puede hablar mas que por boca de \u201cquienes lo mandan\u201d.<\/p>\n<p>\u201cVuele bajo, porque abajo, est\u00e1 la verdad\u201d, cantaba Facundo Cabral. Mientras el intendente cree que a los chicos con inquietudes \u201clos mandan\u201d, se pierde de ver, una vez m\u00e1s, la realidad.<\/p>\n<p>&nbsp;<\/p>\n<p><em>*Jorge Tes\u00e1n es humorista gr\u00e1fico marplatense.<\/em><\/p>\n<p>&nbsp;<\/p>\n<p>Nota de la Redacci\u00f3n: Para entender de que ni\u00f1o estamos hablando se lo puede ver en otra serie de cuestionamientos vecinales en <a href=\"http:\/\/www.facebook.com\/l.php?u=https%3A%2F%2Fwww.youtube.com%2Fwatch%3Fv%3DEcv_qQM9Ybc&amp;h=7AQGTDECy\" target=\"_blank\">ESTE VIDEO\u00a0<\/a><\/p>\n","protected":false},"excerpt":{"rendered":"<p>(Por Jorge Tes\u00e1n*) Cuando se habla de eso que vagamente se denomina \u00abProyecto Nacional y Popular\u00bb, se suele citar como una de sus caracter\u00edsticas el haber vuelto a interesar a los j\u00f3venes por la pol\u00edtica o al menos por algunas consignas bienintencionadas. Se supone, entonces que quienes se sienten identificados, ya no con el gobierno, sino con un sistema de [&#8230;]<\/p>\n","protected":false},"author":11,"featured_media":0,"comment_status":"open","ping_status":"open","sticky":false,"template":"","format":"standard","meta":{"_jetpack_newsletter_access":"","_jetpack_dont_email_post_to_subs":false,"_jetpack_newsletter_tier_id":0,"_jetpack_memberships_contains_paywalled_content":false,"_jetpack_memberships_contains_paid_content":false,"footnotes":""},"categories":[64],"tags":[],"class_list":["post-13220","post","type-post","status-publish","format-standard","hentry","category-opinion"],"jetpack_featured_media_url":"","jetpack_shortlink":"https:\/\/wp.me\/p2JWE0-3re","jetpack-related-posts":[{"id":90522,"url":"https:\/\/www.24baires.com\/?p=90522","url_meta":{"origin":13220,"position":0},"title":"Encuentro y Paka Paka pasan al Sistema Federal de Medios P\u00fablicos","author":"AF","date":"05\/12\/2016","format":false,"excerpt":"El gobierno cre\u00f3 la estructura \u201cContenidos P\u00fablicos Sociedad del Estado\u201d, bajo la \u00f3rbita del Sistema Federal de Medios y Contenidos P\u00fablicos de la jefatura de Gabinete, que gestionar\u00e1 y operar\u00e1 las se\u00f1ales Encuentro, Paka Paka y Depor TV, entre otras, que actualmente depend\u00edan del ministerio de Educaci\u00f3n. As\u00ed lo dispuso\u2026","rel":"","context":"En \u00abSociedad\u00bb","block_context":{"text":"Sociedad","link":"https:\/\/www.24baires.com\/?cat=1"},"img":{"alt_text":"ZAMBA PAKA","src":"https:\/\/i0.wp.com\/www.24baires.com\/wp-content\/uploads\/2015\/02\/ZAMBA-PAKA.jpg?resize=350%2C200","width":350,"height":200,"srcset":"https:\/\/i0.wp.com\/www.24baires.com\/wp-content\/uploads\/2015\/02\/ZAMBA-PAKA.jpg?resize=350%2C200 1x, https:\/\/i0.wp.com\/www.24baires.com\/wp-content\/uploads\/2015\/02\/ZAMBA-PAKA.jpg?resize=525%2C300 1.5x"},"classes":[]},{"id":12529,"url":"https:\/\/www.24baires.com\/?p=12529","url_meta":{"origin":13220,"position":1},"title":"Inauguraron parque tem\u00e1tico para ni\u00f1os en el Partido de la Costa","author":"AF","date":"17\/01\/2013","format":false,"excerpt":"El ministro de Educaci\u00f3n de la Naci\u00f3n, Alberto Sileoni, inaugura el Parque Tem\u00e1tico del Partido de la Costa, organizado en una l\u00ednea argumental para que los chicos puedan tener una experiencia de disfrute y diversi\u00f3n en torno a la historia junto a Zamba, el popular personaje de la se\u00f1al infantil\u2026","rel":"","context":"En \u00abLocales\u00bb","block_context":{"text":"Locales","link":"https:\/\/www.24baires.com\/?cat=38"},"img":{"alt_text":"","src":"","width":0,"height":0},"classes":[]},{"id":99647,"url":"https:\/\/www.24baires.com\/?p=99647","url_meta":{"origin":13220,"position":2},"title":"Despidieron 180 trabajadores de la Televisi\u00f3n Digital Abierta","author":"GB","date":"27\/12\/2017","format":false,"excerpt":"Las se\u00f1ales Paka Paka, Encuentro y DeporTV, que emplean a 240 personas, quedar\u00e1n sin planta para poner a esas se\u00f1ales en el aire. Al 60% de los empleados se les ofreci\u00f3 un retiro voluntario y los que fueron echados recibieron una \u00fanica oferta de dos meses de indemnizaci\u00f3n como \u00fanico\u2026","rel":"","context":"En \u00abPol\u00edtica\u00bb","block_context":{"text":"Pol\u00edtica","link":"https:\/\/www.24baires.com\/?cat=51"},"img":{"alt_text":"","src":"","width":0,"height":0},"classes":[]},{"id":29720,"url":"https:\/\/www.24baires.com\/?p=29720","url_meta":{"origin":13220,"position":3},"title":"Este viernes comenzar\u00e1 a transmitir la TV Digital en Bah\u00eda Blanca","author":"AF","date":"08\/08\/2013","format":false,"excerpt":"Podr\u00eda comenzar a funcionar el viernes. En principio, el servicio contar\u00e1 con 16 canales, entre los cuales se encuentran la TV P\u00fablica, Depor TV, Encuentro, Paka-Paka y canales de noticias como C5N y CN23. Tras varios a\u00f1os de espera, durante la tarde de ayer comenz\u00f3 la instalaci\u00f3n de equipos para\u2026","rel":"","context":"En \u00abLocales\u00bb","block_context":{"text":"Locales","link":"https:\/\/www.24baires.com\/?cat=38"},"img":{"alt_text":"antena","src":"https:\/\/i0.wp.com\/www.24baires.com\/wp-content\/uploads\/2013\/08\/antena.jpg?resize=350%2C200","width":350,"height":200,"srcset":"https:\/\/i0.wp.com\/www.24baires.com\/wp-content\/uploads\/2013\/08\/antena.jpg?resize=350%2C200 1x, https:\/\/i0.wp.com\/www.24baires.com\/wp-content\/uploads\/2013\/08\/antena.jpg?resize=525%2C300 1.5x"},"classes":[]},{"id":79613,"url":"https:\/\/www.24baires.com\/?p=79613","url_meta":{"origin":13220,"position":4},"title":"Sorpresivamente y sin explicaciones, Cablevisi\u00f3n sac\u00f3 de su grilla a Telesur","author":"GB","date":"02\/03\/2016","format":false,"excerpt":"Sin dar explicaciones, el cableoperador del Grupo Clar\u00edn resolvi\u00f3 quitar de su grilla b\u00e1sica a la se\u00f1al de noticias latinoamericana. Desde este mi\u00e9rcoles, el canal Telesur dejar\u00e1 de formar parte de la grilla b\u00e1sica de Cablevisi\u00f3n y s\u00f3lo la podr\u00e1n ver aquellos clientes que tengan el paquete HD o digital.\u2026","rel":"","context":"En \u00abMedios\u00bb","block_context":{"text":"Medios","link":"https:\/\/www.24baires.com\/?cat=54"},"img":{"alt_text":"telesur","src":"https:\/\/i0.wp.com\/www.24baires.com\/wp-content\/uploads\/2016\/03\/telesur.jpg?resize=350%2C200","width":350,"height":200,"srcset":"https:\/\/i0.wp.com\/www.24baires.com\/wp-content\/uploads\/2016\/03\/telesur.jpg?resize=350%2C200 1x, https:\/\/i0.wp.com\/www.24baires.com\/wp-content\/uploads\/2016\/03\/telesur.jpg?resize=525%2C300 1.5x"},"classes":[]},{"id":40184,"url":"https:\/\/www.24baires.com\/?p=40184","url_meta":{"origin":13220,"position":5},"title":"Mar del Plata cumple 140 a\u00f1os y lo festeja a todo color","author":"Grupo Sierra","date":"10\/02\/2014","format":false,"excerpt":"MAR DEL PLATA- Con gran participaci\u00f3n de p\u00fablico se presentaron murgas, comparsas, la Guardia Nacional del Mar, el grupo circense Hazmere\u00edr y bandas musicales en vivo. Tambi\u00e9n hubo actividades de Paka Paka, pintura participativa con Felipe Gim\u00e9nez, artes pl\u00e1sticas con pintores locales y m\u00fasica con DJ\u00b4s. Este lunes contin\u00faan los\u2026","rel":"","context":"En \u00abLocales\u00bb","block_context":{"text":"Locales","link":"https:\/\/www.24baires.com\/?cat=38"},"img":{"alt_text":"mdp","src":"https:\/\/i0.wp.com\/www.24baires.com\/wp-content\/uploads\/2014\/02\/mdp.jpg?resize=350%2C200","width":350,"height":200,"srcset":"https:\/\/i0.wp.com\/www.24baires.com\/wp-content\/uploads\/2014\/02\/mdp.jpg?resize=350%2C200 1x, https:\/\/i0.wp.com\/www.24baires.com\/wp-content\/uploads\/2014\/02\/mdp.jpg?resize=525%2C300 1.5x"},"classes":[]}],"jetpack_sharing_enabled":true,"jetpack_likes_enabled":true,"_links":{"self":[{"href":"https:\/\/www.24baires.com\/index.php?rest_route=\/wp\/v2\/posts\/13220","targetHints":{"allow":["GET"]}}],"collection":[{"href":"https:\/\/www.24baires.com\/index.php?rest_route=\/wp\/v2\/posts"}],"about":[{"href":"https:\/\/www.24baires.com\/index.php?rest_route=\/wp\/v2\/types\/post"}],"author":[{"embeddable":true,"href":"https:\/\/www.24baires.com\/index.php?rest_route=\/wp\/v2\/users\/11"}],"replies":[{"embeddable":true,"href":"https:\/\/www.24baires.com\/index.php?rest_route=%2Fwp%2Fv2%2Fcomments&post=13220"}],"version-history":[{"count":3,"href":"https:\/\/www.24baires.com\/index.php?rest_route=\/wp\/v2\/posts\/13220\/revisions"}],"predecessor-version":[{"id":13226,"href":"https:\/\/www.24baires.com\/index.php?rest_route=\/wp\/v2\/posts\/13220\/revisions\/13226"}],"wp:attachment":[{"href":"https:\/\/www.24baires.com\/index.php?rest_route=%2Fwp%2Fv2%2Fmedia&parent=13220"}],"wp:term":[{"taxonomy":"category","embeddable":true,"href":"https:\/\/www.24baires.com\/index.php?rest_route=%2Fwp%2Fv2%2Fcategories&post=13220"},{"taxonomy":"post_tag","embeddable":true,"href":"https:\/\/www.24baires.com\/index.php?rest_route=%2Fwp%2Fv2%2Ftags&post=13220"}],"curies":[{"name":"wp","href":"https:\/\/api.w.org\/{rel}","templated":true}]}}