{"id":1319,"date":"2012-10-07T21:16:28","date_gmt":"2012-10-08T00:16:28","guid":{"rendered":"http:\/\/www.24baires.com\/?p=1319"},"modified":"2012-10-07T21:16:28","modified_gmt":"2012-10-08T00:16:28","slug":"la-49a-fiesta-nacional-de-la-flor-con-nueva-reina","status":"publish","type":"post","link":"https:\/\/www.24baires.com\/?p=1319","title":{"rendered":"La 49\u00aa Fiesta Nacional de la Flor con nueva reina"},"content":{"rendered":"<p><img data-recalc-dims=\"1\" loading=\"lazy\" decoding=\"async\" class=\"alignleft  wp-image-1324\" title=\"Reina_de_la_flor_2_63286\" src=\"https:\/\/i0.wp.com\/www.24baires.com\/wp-content\/uploads\/2012\/10\/Reina_de_la_flor_2_63286.jpg?resize=270%2C171\" alt=\"\" width=\"270\" height=\"171\" srcset=\"https:\/\/i0.wp.com\/www.24baires.com\/wp-content\/uploads\/2012\/10\/Reina_de_la_flor_2_63286.jpg?resize=300%2C190&amp;ssl=1 300w, https:\/\/i0.wp.com\/www.24baires.com\/wp-content\/uploads\/2012\/10\/Reina_de_la_flor_2_63286.jpg?w=560&amp;ssl=1 560w\" sizes=\"auto, (max-width: 270px) 100vw, 270px\" \/>Y\u00e9sica Andrea Larricart, de 19 a\u00f1os, fue elegida este domingo como nueva Reina Nacional de la Flor, en la 49na. edici\u00f3n de la tradicional celebraci\u00f3n anual de la floricultura argentina en el distrito bonaerense de Escobar, informaron los organizadores.<!--more--><br \/>\nY\u00e9sica, que es de Bel\u00e9n de Escobar, result\u00f3 electa junto con Guadalupe Serres, de Saladillo, primera princesa, y con Wanda Riviere, de Ingeniero Maschwitz, segunda princesa.<\/p>\n<p>En tanto, en su primera semana, la Fiesta Nacional de la Flor recibi\u00f3 a 50.000 visitantes.<\/p>\n<p>Adem\u00e1s de recorrer los parques y jardines ornamentados por destacados paisajistas, el p\u00fablico tambi\u00e9n visita pabellones decorados con las \u00faltimas novedades en flores y plantas por el reconocido paisajista internacional Yasuo Inomata.<\/p>\n<p>La principal exposici\u00f3n de flores y plantas con ejemplares de todo el pa\u00eds se podr\u00e1 visitar hasta el domingo pr\u00f3ximo.<\/p>\n","protected":false},"excerpt":{"rendered":"<p>Y\u00e9sica Andrea Larricart, de 19 a\u00f1os, fue elegida este domingo como nueva Reina Nacional de la Flor, en la 49na. edici\u00f3n de la tradicional celebraci\u00f3n anual de la floricultura argentina en el distrito bonaerense de Escobar, informaron los organizadores.<\/p>\n","protected":false},"author":11,"featured_media":0,"comment_status":"open","ping_status":"open","sticky":false,"template":"","format":"standard","meta":{"_jetpack_newsletter_access":"","_jetpack_dont_email_post_to_subs":false,"_jetpack_newsletter_tier_id":0,"_jetpack_memberships_contains_paywalled_content":false,"_jetpack_memberships_contains_paid_content":false,"footnotes":""},"categories":[1],"tags":[],"class_list":["post-1319","post","type-post","status-publish","format-standard","hentry","category-sociedad"],"jetpack_featured_media_url":"","jetpack_shortlink":"https:\/\/wp.me\/p2JWE0-lh","jetpack-related-posts":[{"id":33097,"url":"https:\/\/www.24baires.com\/?p=33097","url_meta":{"origin":1319,"position":0},"title":"Mar\u00eda Victoria Muscatello es la nueva Reina Nacional de la Flor","author":"GB","date":"06\/10\/2013","format":false,"excerpt":"ESCOBAR-\u00a0Mar\u00eda Victoria Muscatello, de la localidad de Saladillo, fue elegida como la nueva Reina Nacional de la Flor, en la 50 edici\u00f3n de este tradicional festejo que se realiza en el distrito bonaerense de Escobar. En tanto, Florencia Roc\u00edo Tom\u00e9 y Natacha Esmeralda Coppa, ambas de la localidad de Gar\u00edn,\u2026","rel":"","context":"En \u00abSociedad\u00bb","block_context":{"text":"Sociedad","link":"https:\/\/www.24baires.com\/?cat=1"},"img":{"alt_text":"reina d la flor","src":"https:\/\/i0.wp.com\/www.24baires.com\/wp-content\/uploads\/2013\/10\/reina-d-la-flor.jpg?resize=350%2C200","width":350,"height":200,"srcset":"https:\/\/i0.wp.com\/www.24baires.com\/wp-content\/uploads\/2013\/10\/reina-d-la-flor.jpg?resize=350%2C200 1x, https:\/\/i0.wp.com\/www.24baires.com\/wp-content\/uploads\/2013\/10\/reina-d-la-flor.jpg?resize=525%2C300 1.5x"},"classes":[]},{"id":54854,"url":"https:\/\/www.24baires.com\/?p=54854","url_meta":{"origin":1319,"position":1},"title":"Eligieron a la nueva reina de la Flor en Escobar","author":"GB","date":"05\/10\/2014","format":false,"excerpt":"Se llama Vanesa Phatouros, de 21 a\u00f1os y de Escobar, sede de la tradicional fiesta que va por su 51\u00b0 edici\u00f3n consecutiva y re\u00fane cada a\u00f1o lo mejor de la floricultura y el paisajismo en esa ciudad bonaerense, a unos 50 kil\u00f3metros al norte de Capital Federal. La joven, que\u2026","rel":"","context":"En \u00abMunicipios\u00bb","block_context":{"text":"Municipios","link":"https:\/\/www.24baires.com\/?cat=44"},"img":{"alt_text":"reina de la flor","src":"https:\/\/i0.wp.com\/www.24baires.com\/wp-content\/uploads\/2014\/10\/reina-de-la-flor.jpg?resize=350%2C200","width":350,"height":200},"classes":[]},{"id":32608,"url":"https:\/\/www.24baires.com\/?p=32608","url_meta":{"origin":1319,"position":2},"title":"Inauguraron en Escobar la 50\u00aa Fiesta Nacional de la Flor","author":"AF","date":"28\/09\/2013","format":false,"excerpt":"El gobernador bonaerense, Daniel Scioli, destac\u00f3 que \u201cla provincia tiene el 70 por ciento de la producci\u00f3n del sector\u201d. El gobernador bonaerense, Daniel Scioli, encabez\u00f3 el acto de inauguraci\u00f3n de la 50\u00ba Fiesta Nacional de la Flor que tiene lugar en el tradicional predio de Escobar hasta el 14 de\u2026","rel":"","context":"En \u00abLocales\u00bb","block_context":{"text":"Locales","link":"https:\/\/www.24baires.com\/?cat=38"},"img":{"alt_text":"fiesta flor","src":"https:\/\/i0.wp.com\/www.24baires.com\/wp-content\/uploads\/2013\/09\/fiesta-flor.jpg?resize=350%2C200","width":350,"height":200},"classes":[]},{"id":35665,"url":"https:\/\/www.24baires.com\/?p=35665","url_meta":{"origin":1319,"position":3},"title":"Qued\u00f3 inaugurada la 6 edici\u00f3n de Expo Flor en Gonnet","author":"GB","date":"24\/11\/2013","format":false,"excerpt":"Con la presencia de funcionarios nacionales, municipales y organizadores del sector floricultor qued\u00f3 inaugurada la 6\u00b0 edici\u00f3n de la Expoflor 2013. Habr\u00e1 patio de comidas, shows continuados en el anfiteatro los d\u00edas s\u00e1bado, domingo y lunes -d\u00eda en que finalizar\u00e1 la muestra-. La muestra cuenta con variedad de plantas a\u2026","rel":"","context":"En \u00abLocales\u00bb","block_context":{"text":"Locales","link":"https:\/\/www.24baires.com\/?cat=38"},"img":{"alt_text":"","src":"","width":0,"height":0},"classes":[]},{"id":40964,"url":"https:\/\/www.24baires.com\/?p=40964","url_meta":{"origin":1319,"position":4},"title":"Julieta Gallardo fue coronada como la nueva reina de la Cerveza Artesanal","author":"GB","date":"23\/02\/2014","format":false,"excerpt":"SANTA CLARA DEL MAR-La santaclarense Julieta Gallardo, de 20 a\u00f1os, fue coronada Reina de la Fiesta Provincial de la Cerveza Artesanal, en su decimotercera edici\u00f3n, y tras el desarrollo de la quinta jornada de festejos en la Rotonda del Viejo Contrabandista. Milagros Heredia y Carla Davoli fueron elegidas como primera\u2026","rel":"","context":"En \u00abLocales\u00bb","block_context":{"text":"Locales","link":"https:\/\/www.24baires.com\/?cat=38"},"img":{"alt_text":"","src":"","width":0,"height":0},"classes":[]},{"id":9013,"url":"https:\/\/www.24baires.com\/?p=9013","url_meta":{"origin":1319,"position":5},"title":"\u00bfQu\u00e9 hacer el fin de semana en la Provincia?","author":"Grupo Sierra","date":"13\/12\/2012","format":false,"excerpt":"Fiestas tradicionales, eventos deportivos y shows musicales abiertos a todo p\u00fablico son algunas de las propuestas que se destacan para este fin de semana en las distintas localidades bonaerenses, desde la Matanza a Sierra de la Ventana.\u00a0 *M\u00fasica Distintos g\u00e9neros y estilos musicales se ofrecen este fin de semana para\u2026","rel":"","context":"En \u00abSociedad\u00bb","block_context":{"text":"Sociedad","link":"https:\/\/www.24baires.com\/?cat=1"},"img":{"alt_text":"","src":"https:\/\/i0.wp.com\/www.24baires.com\/wp-content\/uploads\/2012\/12\/finde-turismo.png?resize=350%2C200","width":350,"height":200,"srcset":"https:\/\/i0.wp.com\/www.24baires.com\/wp-content\/uploads\/2012\/12\/finde-turismo.png?resize=350%2C200 1x, https:\/\/i0.wp.com\/www.24baires.com\/wp-content\/uploads\/2012\/12\/finde-turismo.png?resize=525%2C300 1.5x"},"classes":[]}],"jetpack_sharing_enabled":true,"jetpack_likes_enabled":true,"_links":{"self":[{"href":"https:\/\/www.24baires.com\/index.php?rest_route=\/wp\/v2\/posts\/1319","targetHints":{"allow":["GET"]}}],"collection":[{"href":"https:\/\/www.24baires.com\/index.php?rest_route=\/wp\/v2\/posts"}],"about":[{"href":"https:\/\/www.24baires.com\/index.php?rest_route=\/wp\/v2\/types\/post"}],"author":[{"embeddable":true,"href":"https:\/\/www.24baires.com\/index.php?rest_route=\/wp\/v2\/users\/11"}],"replies":[{"embeddable":true,"href":"https:\/\/www.24baires.com\/index.php?rest_route=%2Fwp%2Fv2%2Fcomments&post=1319"}],"version-history":[{"count":0,"href":"https:\/\/www.24baires.com\/index.php?rest_route=\/wp\/v2\/posts\/1319\/revisions"}],"wp:attachment":[{"href":"https:\/\/www.24baires.com\/index.php?rest_route=%2Fwp%2Fv2%2Fmedia&parent=1319"}],"wp:term":[{"taxonomy":"category","embeddable":true,"href":"https:\/\/www.24baires.com\/index.php?rest_route=%2Fwp%2Fv2%2Fcategories&post=1319"},{"taxonomy":"post_tag","embeddable":true,"href":"https:\/\/www.24baires.com\/index.php?rest_route=%2Fwp%2Fv2%2Ftags&post=1319"}],"curies":[{"name":"wp","href":"https:\/\/api.w.org\/{rel}","templated":true}]}}