{"id":13164,"date":"2013-01-22T16:45:29","date_gmt":"2013-01-22T19:45:29","guid":{"rendered":"http:\/\/www.24baires.com\/?p=13164"},"modified":"2013-01-22T16:45:31","modified_gmt":"2013-01-22T19:45:31","slug":"es-una-norma-democratica-y-antimonopolica-que-busca-condiciones-igualitarias-dijo-sabbatella-de-la-ley-de-medios","status":"publish","type":"post","link":"https:\/\/www.24baires.com\/?p=13164","title":{"rendered":"\u00abEs una norma democr\u00e1tica y antimonop\u00f3lica que busca condiciones igualitarias\u00bb, dijo Sabbatella de la Ley de Medios"},"content":{"rendered":"<p>El titular de la Afsca, Mart\u00edn Sabbatella, afirm\u00f3 que la ley de medios \u00abdebe aplicarse integralmente\u00bb para todas las empresas.<!--more--><br \/>\nTras las presentaci\u00f3n del Gobierno ante la C\u00e1mara Nacional en lo Civil y Comercial de los fundamentos por los cuales considera que el grupo Clar\u00edn \u00abno tiene legitimidad\u00bb para apelar sobre la constitucionalidad de dos art\u00edculos de la ley, Sabbatella cuestion\u00f3 al holding por \u00abrecurrir a maniobras dilatorias que impiden la aplicaci\u00f3n integral de la ley sancionada hace m\u00e1s de tres a\u00f1os\u00bb.<\/p>\n<p>\u00abLas apelaciones son maniobras dilatorias para evitar cumplir con una ley que pone al grupo Clar\u00edn en igualdad de condiciones con el resto de sus competidores\u00bb, se\u00f1al\u00f3 Sabbatella que remarc\u00f3 que con su plena vigencia \u00abpierden privilegios que le generan posiciones dominantes en el mercado y lesionan el derecho de los ciudadanos a informarse\u00bb.<\/p>\n<p>En di\u00e1logo con radio Am\u00e9rica, el funcionario precis\u00f3 que hasta que la C\u00e1mara se expida, la Afsca \u00abcontin\u00faa trabajando en analizar los planes de adecuaci\u00f3n voluntaria que presentaron las empresas\u00bb.<\/p>\n<p>Hoy por la ma\u00f1ana, el gobierno nacional y el Grupo Clar\u00edn presentaron los fundamentos de sus apelaciones ante la sala de feria de en la causa que dirime la constitucionalidad de los art\u00edculos 45 y 161 de la ley de medios referidos a la cantidad de licencias y al plazo de desinversi\u00f3n respectivamente, suspendidos por los recursos presentados por el multimedio.<\/p>\n<p>La C\u00e1mara dar\u00e1 ahora traslado de los escritos a las partes para que los respondan en diez d\u00edas h\u00e1biles y luego quedar\u00e1 en condiciones de fallar sobre la cuesti\u00f3n de fondo, algo que se descuenta ocurrir\u00e1 cuando se reanude la actividad judicial en base a la orden de resolver la causa con celeridad dada por la Corte Suprema de Justicia de la Naci\u00f3n.<\/p>\n<p>&nbsp;<\/p>\n<p>&nbsp;<\/p>\n<p>&nbsp;<\/p>\n<p>&nbsp;<\/p>\n<p>&nbsp;<\/p>\n<p>&nbsp;<\/p>\n<p>&nbsp;<\/p>\n<p>&nbsp;<\/p>\n<p>&nbsp;<\/p>\n<p>&nbsp;<\/p>\n<p>&nbsp;<\/p>\n<p>&nbsp;<\/p>\n<p>&nbsp;<\/p>\n<p>&nbsp;<\/p>\n<p>&nbsp;<\/p>\n<p>&nbsp;<\/p>\n<p>&nbsp;<\/p>\n<p>&nbsp;<\/p>\n<p>&nbsp;<\/p>\n","protected":false},"excerpt":{"rendered":"<p>El titular de la Afsca, Mart\u00edn Sabbatella, afirm\u00f3 que la ley de medios \u00abdebe aplicarse integralmente\u00bb para todas las empresas.<\/p>\n","protected":false},"author":4,"featured_media":0,"comment_status":"open","ping_status":"open","sticky":false,"template":"","format":"standard","meta":{"_jetpack_newsletter_access":"","_jetpack_dont_email_post_to_subs":false,"_jetpack_newsletter_tier_id":0,"_jetpack_memberships_contains_paywalled_content":false,"_jetpack_memberships_contains_paid_content":false,"footnotes":""},"categories":[54],"tags":[],"class_list":["post-13164","post","type-post","status-publish","format-standard","hentry","category-medios"],"jetpack_featured_media_url":"","jetpack_shortlink":"https:\/\/wp.me\/p2JWE0-3qk","jetpack-related-posts":[{"id":55018,"url":"https:\/\/www.24baires.com\/?p=55018","url_meta":{"origin":13164,"position":0},"title":"\u00abVemos maniobras que buscan burlar la ley\u00bb, advirti\u00f3 Sabbatella sobre el Grupo Clar\u00edn","author":"GB","date":"08\/10\/2014","format":false,"excerpt":"El titular de la Autoridad Federal de Servicios de Comunicaci\u00f3n Audiovisual (Afsca), Mart\u00edn Sabbatella, afirm\u00f3 hoy que \"en el an\u00e1lisis\" de la presentaci\u00f3n de la adecuaci\u00f3n del Grupo Clar\u00edn \"se evidencian dos maniobras que buscan bular el objetivo de la ley, y simulan cumplirla\". \"Buscan seguir teniendo su posici\u00f3n dominante\u2026","rel":"","context":"En \u00abMedios\u00bb","block_context":{"text":"Medios","link":"https:\/\/www.24baires.com\/?cat=54"},"img":{"alt_text":"sabbatella mendoza","src":"https:\/\/i0.wp.com\/www.24baires.com\/wp-content\/uploads\/2012\/11\/sabbatella-mendoza.jpg?resize=350%2C200","width":350,"height":200,"srcset":"https:\/\/i0.wp.com\/www.24baires.com\/wp-content\/uploads\/2012\/11\/sabbatella-mendoza.jpg?resize=350%2C200 1x, https:\/\/i0.wp.com\/www.24baires.com\/wp-content\/uploads\/2012\/11\/sabbatella-mendoza.jpg?resize=525%2C300 1.5x"},"classes":[]},{"id":26089,"url":"https:\/\/www.24baires.com\/?p=26089","url_meta":{"origin":13164,"position":1},"title":"Sabbatella pide \u201cceleridad\u201d a la Corte Suprema","author":"Grupo Sierra","date":"16\/06\/2013","format":false,"excerpt":"\u201cLa ley de Medios avanza, a pesar de la acci\u00f3n judicial del Grupo Clar\u00edn y la cantidad de maniobras pol\u00edticas, comunicacionales y judiciales que buscan extender los tiempos para sostener su situaci\u00f3n de privilegio y as\u00ed dilatar la aplicaci\u00f3n integral de la norma\u201d, asegur\u00f3 el titular de la Autoridad Federal\u2026","rel":"","context":"En \u00abMedios\u00bb","block_context":{"text":"Medios","link":"https:\/\/www.24baires.com\/?cat=54"},"img":{"alt_text":"","src":"","width":0,"height":0},"classes":[]},{"id":30950,"url":"https:\/\/www.24baires.com\/?p=30950","url_meta":{"origin":13164,"position":2},"title":"Sabbatella: \u00abClar\u00edn quiere condicionar a los poderes p\u00fablicos y definir el rumbo del pa\u00eds\u00bb","author":"GB","date":"28\/08\/2013","format":false,"excerpt":"El titular de la Autoridad Federal de Servicios de Comunicaci\u00f3n Audiovisual (Afsca), Mart\u00edn Sabbatella, afirm\u00f3 que \"la democracia necesita que la ley de medios se aplique integralmente\", y expres\u00f3 que \"espero que este sea el paso previo para que la Corte (Suprema de Justicia) se pronuncie\", con respecto a la\u2026","rel":"","context":"En \u00abMedios\u00bb","block_context":{"text":"Medios","link":"https:\/\/www.24baires.com\/?cat=54"},"img":{"alt_text":"Sabbatella","src":"https:\/\/i0.wp.com\/www.24baires.com\/wp-content\/uploads\/2013\/08\/Sabbatella.jpg?resize=350%2C200","width":350,"height":200},"classes":[]},{"id":38880,"url":"https:\/\/www.24baires.com\/?p=38880","url_meta":{"origin":13164,"position":3},"title":"Sabbatella: \u00abClar\u00edn empez\u00f3 a entender que la Argentina tiene reglas y debe cumplirlas\u00bb","author":"GB","date":"20\/01\/2014","format":false,"excerpt":"El titular de la Afsca, Mart\u00edn Sabbatella, afirm\u00f3 que \"si Clar\u00edn realmente quiere estar adentro de la ley (de Servicios de Comunicaci\u00f3n Audiovisual) tiene que adecuar la grilla de su sistema de cable\". \"Sin cumplimiento de la grilla no hay plan de adecuaci\u00f3n posible. Somos muy claros en ese tema.\u2026","rel":"","context":"En \u00abMedios\u00bb","block_context":{"text":"Medios","link":"https:\/\/www.24baires.com\/?cat=54"},"img":{"alt_text":"sabbatella post fallo","src":"https:\/\/i0.wp.com\/www.24baires.com\/wp-content\/uploads\/2012\/12\/sabbatella-post-fallo-300x200.jpg?resize=350%2C200","width":350,"height":200},"classes":[]},{"id":37222,"url":"https:\/\/www.24baires.com\/?p=37222","url_meta":{"origin":13164,"position":4},"title":"Sabbatella dijo sobre Clar\u00edn: \u00abno se puede cumplir con un pedacito de la ley\u00bb","author":"GB","date":"20\/12\/2013","format":false,"excerpt":"El titular de la Autoridad Federal de Servicios de Comunicaci\u00f3n Audiovisual (AFSCA), Mart\u00edn Sabbatella, dijo hoy que \u201cno se puede presentar un plan de adecuaci\u00f3n mostrando voluntad de cumplir la ley cuando no lo est\u00e1n haciendo en otros aspectos de esa misma norma\u201d, y grafic\u00f3 que \u201cno se puede cumplir\u2026","rel":"","context":"En \u00abMedios\u00bb","block_context":{"text":"Medios","link":"https:\/\/www.24baires.com\/?cat=54"},"img":{"alt_text":"sabbatella post fallo","src":"https:\/\/i0.wp.com\/www.24baires.com\/wp-content\/uploads\/2012\/12\/sabbatella-post-fallo-300x200.jpg?resize=350%2C200","width":350,"height":200},"classes":[]},{"id":58485,"url":"https:\/\/www.24baires.com\/?p=58485","url_meta":{"origin":13164,"position":5},"title":"Sabbatella dijo que la Justicia \u00able ata las manos\u00bb ante la Ley de Medios","author":"Grupo Sierra","date":"11\/12\/2014","format":false,"excerpt":"El titular de la Afsca manifest\u00f3 su desacuerdo con la nueva cautelar que detiene el proceso de adecuaci\u00f3n de oficio del Grupo Clar\u00edn. Mart\u00edn Sabbatella, critic\u00f3 la cautelar dictada por el juez federal Horacio Alfonso que suspende la adecuaci\u00f3n de oficio del Grupo Clar\u00edn durante seis meses -y que fue\u2026","rel":"","context":"En \u00abJUDICIALES\u00bb","block_context":{"text":"JUDICIALES","link":"https:\/\/www.24baires.com\/?cat=68"},"img":{"alt_text":"sabbatella mendoza","src":"https:\/\/i0.wp.com\/www.24baires.com\/wp-content\/uploads\/2012\/11\/sabbatella-mendoza.jpg?resize=350%2C200","width":350,"height":200,"srcset":"https:\/\/i0.wp.com\/www.24baires.com\/wp-content\/uploads\/2012\/11\/sabbatella-mendoza.jpg?resize=350%2C200 1x, https:\/\/i0.wp.com\/www.24baires.com\/wp-content\/uploads\/2012\/11\/sabbatella-mendoza.jpg?resize=525%2C300 1.5x"},"classes":[]}],"jetpack_sharing_enabled":true,"jetpack_likes_enabled":true,"_links":{"self":[{"href":"https:\/\/www.24baires.com\/index.php?rest_route=\/wp\/v2\/posts\/13164","targetHints":{"allow":["GET"]}}],"collection":[{"href":"https:\/\/www.24baires.com\/index.php?rest_route=\/wp\/v2\/posts"}],"about":[{"href":"https:\/\/www.24baires.com\/index.php?rest_route=\/wp\/v2\/types\/post"}],"author":[{"embeddable":true,"href":"https:\/\/www.24baires.com\/index.php?rest_route=\/wp\/v2\/users\/4"}],"replies":[{"embeddable":true,"href":"https:\/\/www.24baires.com\/index.php?rest_route=%2Fwp%2Fv2%2Fcomments&post=13164"}],"version-history":[{"count":3,"href":"https:\/\/www.24baires.com\/index.php?rest_route=\/wp\/v2\/posts\/13164\/revisions"}],"predecessor-version":[{"id":13175,"href":"https:\/\/www.24baires.com\/index.php?rest_route=\/wp\/v2\/posts\/13164\/revisions\/13175"}],"wp:attachment":[{"href":"https:\/\/www.24baires.com\/index.php?rest_route=%2Fwp%2Fv2%2Fmedia&parent=13164"}],"wp:term":[{"taxonomy":"category","embeddable":true,"href":"https:\/\/www.24baires.com\/index.php?rest_route=%2Fwp%2Fv2%2Fcategories&post=13164"},{"taxonomy":"post_tag","embeddable":true,"href":"https:\/\/www.24baires.com\/index.php?rest_route=%2Fwp%2Fv2%2Ftags&post=13164"}],"curies":[{"name":"wp","href":"https:\/\/api.w.org\/{rel}","templated":true}]}}