{"id":13160,"date":"2013-01-22T15:50:34","date_gmt":"2013-01-22T18:50:34","guid":{"rendered":"http:\/\/www.24baires.com\/?p=13160"},"modified":"2013-01-22T15:50:44","modified_gmt":"2013-01-22T18:50:44","slug":"el-banco-de-datos-del-equipo-de-antropologia-forense-crecio-considerablemente","status":"publish","type":"post","link":"https:\/\/www.24baires.com\/?p=13160","title":{"rendered":"El banco de datos del Equipo de Antropolog\u00eda Forense creci\u00f3 considerablemente"},"content":{"rendered":"<p><a href=\"http:\/\/www.24baires.com\/?attachment_id=13161\" rel=\"attachment wp-att-13161\"><img data-recalc-dims=\"1\" loading=\"lazy\" decoding=\"async\" class=\"alignleft size-full wp-image-13161\" alt=\"forenses\" src=\"https:\/\/i0.wp.com\/www.24baires.com\/wp-content\/uploads\/2013\/01\/forenses.jpg?resize=300%2C200\" width=\"300\" height=\"200\" \/><\/a>As\u00ed lo confirm\u00f3 la coordinadora de la ONG que desde 1984 se empe\u00f1a en encontrar y cotejar datos de personas desaparecidas durante la dictadura militar.<!--more--><br \/>\nCecilia Ayerdi, coordinadora del equipo de Antropolog\u00eda Forense, brind\u00f3 detalles sobre el trabajo que viene realizando la ONG desde su fundaci\u00f3n en 1984.<\/p>\n<p>Ayerdi indic\u00f3 que el equipo trabaja espec\u00edficamente en exhumaciones donde hay enterrados NN (No Name) y de manera cient\u00edfica combina distintas disciplinas para poder llegar a obtener los resultados. A fines de los 90 se empezaron a hacer an\u00e1lisis gen\u00e9ticos y en 2007 se arm\u00f3 un proyecto junto a otros equipos forenses de Latinoam\u00e9rica para hacer comparaciones masivas y en 2008 el n\u00famero de identificaciones creci\u00f3 al poder comparar masivamente los restos \u00f3seos con las muestras de sangre de familiares de desaparecidos, explic\u00f3.<\/p>\n<p>En ese sentido, expres\u00f3 que para obtener los primeros datos los familiares se acercan a donar las muestras y a partir de all\u00ed se crea la posibilidad de incrementar los cotejos de restos.<\/p>\n<p>En otro sentido, sostuvo que \u201cel apoyo del Estado y la colaboraci\u00f3n que brind\u00f3 en materia de publicidad masiva y junto al ministerio de Salud se pudieron llegar a mucha m\u00e1s gente y pasamos de tener 300 muestras de sangre a tener 9 mil\u201d.<\/p>\n<p>Asimismo, afirm\u00f3 que \u201ca\u00f1o a a\u00f1o vamos aumentando el n\u00famero de identificaciones, sobre todo porque se ha mejorado en las t\u00e9cnicas de recolecci\u00f3n de datos gen\u00e9ticos\u201d.<\/p>\n<p>POr otra parte, asegur\u00f3 que \u00abla mayor\u00eda de personas enterradas como NN proviene de centros clandestinos y en su mayor\u00eda del Circuito Camps\u00bb.<\/p>\n<p>\u00abCompletar el banco de muestras es fundamental, concluy\u00f3 Ayerdi\u00bb.<\/p>\n<p>Para dar su muestra: 0800-333-2334.<\/p>\n<p>&nbsp;<\/p>\n<p>&nbsp;<\/p>\n<p>&nbsp;<\/p>\n<p>&nbsp;<\/p>\n<p>&nbsp;<\/p>\n<p>&nbsp;<\/p>\n<p>&nbsp;<\/p>\n<p>&nbsp;<\/p>\n<p>&nbsp;<\/p>\n<p>&nbsp;<\/p>\n<p>&nbsp;<\/p>\n<p>&nbsp;<\/p>\n<p>&nbsp;<\/p>\n<p>&nbsp;<\/p>\n<p>&nbsp;<\/p>\n<p>&nbsp;<\/p>\n<p>&nbsp;<\/p>\n<p>&nbsp;<\/p>\n<p>&nbsp;<\/p>\n<p>&nbsp;<\/p>\n","protected":false},"excerpt":{"rendered":"<p>As\u00ed lo confirm\u00f3 la coordinadora de la ONG que desde 1984 se empe\u00f1a en encontrar y cotejar datos de personas desaparecidas durante la dictadura militar.<\/p>\n","protected":false},"author":4,"featured_media":0,"comment_status":"open","ping_status":"open","sticky":false,"template":"","format":"standard","meta":{"_jetpack_newsletter_access":"","_jetpack_dont_email_post_to_subs":false,"_jetpack_newsletter_tier_id":0,"_jetpack_memberships_contains_paywalled_content":false,"_jetpack_memberships_contains_paid_content":false,"footnotes":""},"categories":[1],"tags":[],"class_list":["post-13160","post","type-post","status-publish","format-standard","hentry","category-sociedad"],"jetpack_featured_media_url":"","jetpack_shortlink":"https:\/\/wp.me\/p2JWE0-3qg","jetpack-related-posts":[{"id":55811,"url":"https:\/\/www.24baires.com\/?p=55811","url_meta":{"origin":13160,"position":0},"title":"Encontraron huesos en el centro clandestino de La Perla","author":"AF","date":"22\/10\/2014","format":false,"excerpt":"El hallazgo se produjo hoy a trav\u00e9s del trabajo de un grupo del Equipo Argentino de Antropolog\u00eda Forense. \u201cResta confirmar si son de la \u00e9poca y si pertenecen a alguna de las personas desaparecidas\", expres\u00f3 Claudio Orosz, el abogado querellante en el juicio de la megacausa La Perla. Un grupo\u2026","rel":"","context":"En \u00abMemoria\u00bb","block_context":{"text":"Memoria","link":"https:\/\/www.24baires.com\/?cat=50"},"img":{"alt_text":"justicia memoria verdad","src":"https:\/\/i0.wp.com\/www.24baires.com\/wp-content\/uploads\/2013\/08\/justicia-memoria-verdad.jpg?resize=350%2C200","width":350,"height":200,"srcset":"https:\/\/i0.wp.com\/www.24baires.com\/wp-content\/uploads\/2013\/08\/justicia-memoria-verdad.jpg?resize=350%2C200 1x, https:\/\/i0.wp.com\/www.24baires.com\/wp-content\/uploads\/2013\/08\/justicia-memoria-verdad.jpg?resize=525%2C300 1.5x"},"classes":[]},{"id":116032,"url":"https:\/\/www.24baires.com\/?p=116032","url_meta":{"origin":13160,"position":1},"title":"Caso Astudillo Castro: hallaron mas restos en la zona d\u00f3nde se encontr\u00f3 un cuerpo","author":"GB","date":"22\/08\/2020","format":false,"excerpt":"El trabajo fue realizado por especialistas de la polic\u00eda cient\u00edfica de la Federal, que estaban desarrollando un microrastrillaje asistidos por el Equipo de Antropolog\u00eda Forense Efectivos de la Polic\u00eda Federal hallaron esta tarde restos \u00f3seos durante un relevamiento realizado en el marco de la causa por la b\u00fasqueda de Facundo\u2026","rel":"","context":"En \u00abPoliciales\u00bb","block_context":{"text":"Policiales","link":"https:\/\/www.24baires.com\/?cat=49"},"img":{"alt_text":"","src":"https:\/\/i0.wp.com\/www.24baires.com\/wp-content\/uploads\/2020\/08\/rastrillaje.jpg?resize=350%2C200","width":350,"height":200,"srcset":"https:\/\/i0.wp.com\/www.24baires.com\/wp-content\/uploads\/2020\/08\/rastrillaje.jpg?resize=350%2C200 1x, https:\/\/i0.wp.com\/www.24baires.com\/wp-content\/uploads\/2020\/08\/rastrillaje.jpg?resize=525%2C300 1.5x"},"classes":[]},{"id":106047,"url":"https:\/\/www.24baires.com\/?p=106047","url_meta":{"origin":13160,"position":2},"title":"El Equipo Argentino de Antropolog\u00eda Forense suspendi\u00f3 sus actividades por falta de fondos","author":"AF","date":"20\/12\/2018","format":false,"excerpt":"El EAAF es una instituci\u00f3n de alto prestigio internacional cuyo trabajo fue clave para la identificaci\u00f3n de los cuerpos de las v\u00edctimas de la dictadura militar y que tambi\u00e9n trabaj\u00f3 en la identificaci\u00f3n de soldados de Malvinas y el caso Santiago Maldonado entre otros de gran repercusi\u00f3n pol\u00edtica y medi\u00e1tica.\u2026","rel":"","context":"En \u00abSociedad\u00bb","block_context":{"text":"Sociedad","link":"https:\/\/www.24baires.com\/?cat=1"},"img":{"alt_text":"","src":"https:\/\/i0.wp.com\/www.24baires.com\/wp-content\/uploads\/2018\/12\/fosiles.jpg?resize=350%2C200","width":350,"height":200,"srcset":"https:\/\/i0.wp.com\/www.24baires.com\/wp-content\/uploads\/2018\/12\/fosiles.jpg?resize=350%2C200 1x, https:\/\/i0.wp.com\/www.24baires.com\/wp-content\/uploads\/2018\/12\/fosiles.jpg?resize=525%2C300 1.5x"},"classes":[]},{"id":23648,"url":"https:\/\/www.24baires.com\/?p=23648","url_meta":{"origin":13160,"position":3},"title":"Esteban Echeverr\u00eda: identifican los restos de dos militantes desaparecidos","author":"AF","date":"16\/05\/2013","format":false,"excerpt":"Se trata de Sebastian Llorens y Miriam Trian, quienes formaban parte del Partido Revolucionario de los Trabajadores y desaparecieron en el a\u00f1o 1975. El Equipo de Antropolog\u00eda Forense logr\u00f3 identificar los restos de dos desaparecidos pol\u00edticos, encontrados fortuitamente en la localidad de Monte Grande. Seg\u00fan el coordinador de Derechos Humanos\u2026","rel":"","context":"En \u00abMemoria\u00bb","block_context":{"text":"Memoria","link":"https:\/\/www.24baires.com\/?cat=50"},"img":{"alt_text":"justicia verdad memoria","src":"https:\/\/i0.wp.com\/www.24baires.com\/wp-content\/uploads\/2013\/05\/justicia-verdad-memoria.jpg?resize=350%2C200","width":350,"height":200,"srcset":"https:\/\/i0.wp.com\/www.24baires.com\/wp-content\/uploads\/2013\/05\/justicia-verdad-memoria.jpg?resize=350%2C200 1x, https:\/\/i0.wp.com\/www.24baires.com\/wp-content\/uploads\/2013\/05\/justicia-verdad-memoria.jpg?resize=525%2C300 1.5x"},"classes":[]},{"id":46645,"url":"https:\/\/www.24baires.com\/?p=46645","url_meta":{"origin":13160,"position":4},"title":"Forenses argentinos identifican cuerpos en M\u00e9xico","author":"AF","date":"24\/05\/2014","format":false,"excerpt":"Familiares de los muertos, masacrados y desaparecidos convocaron al Equipo Argentino de Antropolog\u00eda Forense (EAAF) para reconocer cuerpos. \u201cTrabajamos en todos los casos de la misma forma: identificamos los restos, que suelen ser de migrantes, de pobres, de pueblos peque\u00f1os en centroam\u00e9rica a los que el acceso a la Justicia\u2026","rel":"","context":"En \u00abSociedad\u00bb","block_context":{"text":"Sociedad","link":"https:\/\/www.24baires.com\/?cat=1"},"img":{"alt_text":"forenses","src":"https:\/\/i0.wp.com\/www.24baires.com\/wp-content\/uploads\/2013\/06\/forenses.jpg?resize=350%2C200","width":350,"height":200,"srcset":"https:\/\/i0.wp.com\/www.24baires.com\/wp-content\/uploads\/2013\/06\/forenses.jpg?resize=350%2C200 1x, https:\/\/i0.wp.com\/www.24baires.com\/wp-content\/uploads\/2013\/06\/forenses.jpg?resize=525%2C300 1.5x"},"classes":[]},{"id":25597,"url":"https:\/\/www.24baires.com\/?p=25597","url_meta":{"origin":13160,"position":5},"title":"Punta Alta: antrop\u00f3logos forenses analizan restos \u00f3seos","author":"AF","date":"11\/06\/2013","format":false,"excerpt":"Es para determinar si corresponden a alg\u00fan desaparecido de la \u00faltima dictadura c\u00edvico militar. Los restos fueron encontrados el pasado 6 de junio a 30 kil\u00f3metros de Bah\u00eda Blanca por un grupo de obreros. Integrantes del Equipo Argentino de Antropolog\u00eda Forense (EAAF) analizar\u00e1n los restos de una persona hallados en\u2026","rel":"","context":"En \u00abMemoria\u00bb","block_context":{"text":"Memoria","link":"https:\/\/www.24baires.com\/?cat=50"},"img":{"alt_text":"forenses","src":"https:\/\/i0.wp.com\/www.24baires.com\/wp-content\/uploads\/2013\/06\/forenses.jpg?resize=350%2C200","width":350,"height":200,"srcset":"https:\/\/i0.wp.com\/www.24baires.com\/wp-content\/uploads\/2013\/06\/forenses.jpg?resize=350%2C200 1x, https:\/\/i0.wp.com\/www.24baires.com\/wp-content\/uploads\/2013\/06\/forenses.jpg?resize=525%2C300 1.5x"},"classes":[]}],"jetpack_sharing_enabled":true,"jetpack_likes_enabled":true,"_links":{"self":[{"href":"https:\/\/www.24baires.com\/index.php?rest_route=\/wp\/v2\/posts\/13160","targetHints":{"allow":["GET"]}}],"collection":[{"href":"https:\/\/www.24baires.com\/index.php?rest_route=\/wp\/v2\/posts"}],"about":[{"href":"https:\/\/www.24baires.com\/index.php?rest_route=\/wp\/v2\/types\/post"}],"author":[{"embeddable":true,"href":"https:\/\/www.24baires.com\/index.php?rest_route=\/wp\/v2\/users\/4"}],"replies":[{"embeddable":true,"href":"https:\/\/www.24baires.com\/index.php?rest_route=%2Fwp%2Fv2%2Fcomments&post=13160"}],"version-history":[{"count":3,"href":"https:\/\/www.24baires.com\/index.php?rest_route=\/wp\/v2\/posts\/13160\/revisions"}],"predecessor-version":[{"id":13163,"href":"https:\/\/www.24baires.com\/index.php?rest_route=\/wp\/v2\/posts\/13160\/revisions\/13163"}],"wp:attachment":[{"href":"https:\/\/www.24baires.com\/index.php?rest_route=%2Fwp%2Fv2%2Fmedia&parent=13160"}],"wp:term":[{"taxonomy":"category","embeddable":true,"href":"https:\/\/www.24baires.com\/index.php?rest_route=%2Fwp%2Fv2%2Fcategories&post=13160"},{"taxonomy":"post_tag","embeddable":true,"href":"https:\/\/www.24baires.com\/index.php?rest_route=%2Fwp%2Fv2%2Ftags&post=13160"}],"curies":[{"name":"wp","href":"https:\/\/api.w.org\/{rel}","templated":true}]}}