{"id":13142,"date":"2013-01-22T13:50:16","date_gmt":"2013-01-22T16:50:16","guid":{"rendered":"http:\/\/www.24baires.com\/?p=13142"},"modified":"2013-01-22T14:13:34","modified_gmt":"2013-01-22T17:13:34","slug":"de-isasi-vamos-a-pedirle-a-scioli-una-posicion-firme-en-torno-al-impuesto-a-las-ganancias","status":"publish","type":"post","link":"https:\/\/www.24baires.com\/?p=13142","title":{"rendered":"De Isasi: \u201cVamos a pedirle a Scioli una posici\u00f3n firme en torno al impuesto a las ganancias\u201d"},"content":{"rendered":"<p><a href=\"http:\/\/www.24baires.com\/sociedad\/13142-de-isasi-vamos-a-pedirle-a-scioli-una-posicion-firme-en-torno-al-impuesto-a-las-ganancias\/attachment\/de-isasi-3\/\" rel=\"attachment wp-att-13144\"><img data-recalc-dims=\"1\" loading=\"lazy\" decoding=\"async\" class=\"alignleft size-medium wp-image-13144\" alt=\"de isasi\" src=\"https:\/\/i0.wp.com\/www.24baires.com\/wp-content\/uploads\/2013\/01\/de-isasi1.jpg?resize=300%2C232\" width=\"300\" height=\"232\" srcset=\"https:\/\/i0.wp.com\/www.24baires.com\/wp-content\/uploads\/2013\/01\/de-isasi1.jpg?resize=300%2C232&amp;ssl=1 300w, https:\/\/i0.wp.com\/www.24baires.com\/wp-content\/uploads\/2013\/01\/de-isasi1.jpg?w=310&amp;ssl=1 310w\" sizes=\"auto, (max-width: 300px) 100vw, 300px\" \/><\/a>El secretario general de Asociaci\u00f3n de Trabajadores del Estado bonaerense, Oscar de Isasi, asegur\u00f3 que en la \u00faltima reuni\u00f3n no hubo ning\u00fan tipo de propuestas. En tanto, adelant\u00f3 que el pr\u00f3ximo 24 de enero participar\u00e1n de la discusi\u00f3n de una mesa t\u00e9cnica. \u201cSeguimos reclamando por la recuperaci\u00f3n del poder adquisitivo de todos los estatales\u201d, afirm\u00f3.<!--more--><br \/>\n\u201cEl 24 nos convocaron a una mesa t\u00e9cnica\u201d, se\u00f1al\u00f3 el secretario General de ATE provincia de Buenos Aires, Oscar de Isasi. \u201cNuestra intenci\u00f3n es resolver todos los problemas laborales que a\u00fan est\u00e1n pendientes y que complementan el debate por los haberes\u201d.<\/p>\n<p>El 14 de enero se realiz\u00f3 la \u00faltima reuni\u00f3n de paritarias en la que \u201cel gobierno provincial no hizo ninguna propuesta\u201d, record\u00f3 de Isasi quien asegur\u00f3 que \u201cpara hablar seriamente de la negociaci\u00f3n salarial, hay que hacer foco en la p\u00e9rdida de poder adquisitivo en manos de la inflaci\u00f3n de los \u00faltimos a\u00f1os\u201d.<\/p>\n<p>En ese sentido, indic\u00f3 que el objetivo de ATE es equiparar las horas de bolsillo de los trabajadores de salud y educaci\u00f3n con las de otros sectores, cuyo valor es superior. Y alcanzar el blanqueo de las cifras en negro que se pagan como compensaci\u00f3n salarial.<\/p>\n<p>\u201cTambi\u00e9n insistiremos con el pedido de la eliminaci\u00f3n de topes en el pago de las asignaciones familiares\u201d. De Isasi remarc\u00f3 que \u201ces facultad de la Provincia resolver este punto y no una cuesti\u00f3n nacional\u201d.<\/p>\n<p>\u201cEn todo caso -explic\u00f3- lo que no podr\u00eda hacer el gobierno provincial es dictar una ley contraria a la nacional, pero no quedan dudas de que puede mejorarla\u201d. Y agreg\u00f3 que tambi\u00e9n \u201cvamos a pedirle a Scioli una posici\u00f3n firme en torno al impuesto a las ganancias\u201d.<\/p>\n<p>Por \u00faltimo, de Isasi, remarc\u00f3 que continuar\u00e1n reclamando por la recategorizaci\u00f3n para todos los estatales, el reconocimiento de la antig\u00fcedad, la derogaci\u00f3n del decreto 03\/12 y pase a planta de todos los trabajadores precarizados. As\u00ed como tambi\u00e9n, de la resoluci\u00f3n interministerial y devoluci\u00f3n de los d\u00edas descontados por paro, entre otros pedidos.<\/p>\n<p>&nbsp;<\/p>\n<p>&nbsp;<\/p>\n<p>&nbsp;<\/p>\n<p>&nbsp;<\/p>\n<p>&nbsp;<\/p>\n<p>&nbsp;<\/p>\n<p>&nbsp;<\/p>\n<p>&nbsp;<\/p>\n<p>&nbsp;<\/p>\n<p>&nbsp;<\/p>\n<p>&nbsp;<\/p>\n<p>&nbsp;<\/p>\n<p>&nbsp;<\/p>\n<p>&nbsp;<\/p>\n<p>&nbsp;<\/p>\n","protected":false},"excerpt":{"rendered":"<p>El secretario general de Asociaci\u00f3n de Trabajadores del Estado bonaerense, Oscar de Isasi, asegur\u00f3 que en la \u00faltima reuni\u00f3n no hubo ning\u00fan tipo de propuestas. En tanto, adelant\u00f3 que el pr\u00f3ximo 24 de enero participar\u00e1n de la discusi\u00f3n de una mesa t\u00e9cnica. \u201cSeguimos reclamando por la recuperaci\u00f3n del poder adquisitivo de todos los estatales\u201d, afirm\u00f3.<\/p>\n","protected":false},"author":4,"featured_media":0,"comment_status":"open","ping_status":"open","sticky":false,"template":"","format":"standard","meta":{"_jetpack_newsletter_access":"","_jetpack_dont_email_post_to_subs":false,"_jetpack_newsletter_tier_id":0,"_jetpack_memberships_contains_paywalled_content":false,"_jetpack_memberships_contains_paid_content":false,"footnotes":""},"categories":[1],"tags":[],"class_list":["post-13142","post","type-post","status-publish","format-standard","hentry","category-sociedad"],"jetpack_featured_media_url":"","jetpack_shortlink":"https:\/\/wp.me\/p2JWE0-3pY","jetpack-related-posts":[{"id":77878,"url":"https:\/\/www.24baires.com\/?p=77878","url_meta":{"origin":13142,"position":0},"title":"Desde ATE, dicen que buscar\u00e1n recuperar el poder adquisitivo","author":"AF","date":"20\/01\/2016","format":false,"excerpt":"El secretario general de ATE bonaerense, Oscar De Isasi, asegur\u00f3 que su gremio buscar\u00e1 en las paritarias \u201crecuperar el poder adquisitivo de los estatales\u201d en las negociaciones paritarias, al tiempo que advirti\u00f3 que buscar\u00e1 evitar que \u201cla proyecci\u00f3n inflacionaria prevista para el 2016, lesione a\u00fan m\u00e1s nuestro poder adquisitivo\u201d. Antes\u2026","rel":"","context":"En \u00abSociedad\u00bb","block_context":{"text":"Sociedad","link":"https:\/\/www.24baires.com\/?cat=1"},"img":{"alt_text":"isasi","src":"https:\/\/i0.wp.com\/www.24baires.com\/wp-content\/uploads\/2012\/11\/isasi.jpg?resize=350%2C200","width":350,"height":200,"srcset":"https:\/\/i0.wp.com\/www.24baires.com\/wp-content\/uploads\/2012\/11\/isasi.jpg?resize=350%2C200 1x, https:\/\/i0.wp.com\/www.24baires.com\/wp-content\/uploads\/2012\/11\/isasi.jpg?resize=525%2C300 1.5x"},"classes":[]},{"id":27922,"url":"https:\/\/www.24baires.com\/?p=27922","url_meta":{"origin":13142,"position":1},"title":"De Isasi: De Luc\u00eda \u201cse comprometi\u00f3 a regularizar a 7 mil trabajadores\u201d antes de 2014","author":"AF","date":"10\/07\/2013","format":false,"excerpt":"El Secretario General de la Asociaci\u00f3n de Trabajadores del Estado (ATE) de la Provincia de Buenos Aires, Oscar de Isasi, dialog\u00f3 sobre la medida tomada por la Directora Provincial de Escuelas: \u201cElla se comprometi\u00f3 a un proceso que finaliza el 31 de diciembre, de regularizar a 7 mil trabajadores, como\u2026","rel":"","context":"En \u00abSociedad\u00bb","block_context":{"text":"Sociedad","link":"https:\/\/www.24baires.com\/?cat=1"},"img":{"alt_text":"","src":"","width":0,"height":0},"classes":[]},{"id":11507,"url":"https:\/\/www.24baires.com\/?p=11507","url_meta":{"origin":13142,"position":2},"title":"ATE reclamarar\u00e1 un aumento del 48% cuando se abra la paritaria","author":"AF","date":"08\/01\/2013","format":false,"excerpt":"Lo adelant\u00f3 el titular del gremio a nivel provincial, Oscar de Isasi, de cara a la discusi\u00f3n salarial que se abrir\u00e1 con el Ejecutivo bonaerense el pr\u00f3ximo lunes. El sindicalista pidi\u00f3 pidi\u00f3 un \u201c\u00e1mbito de discusi\u00f3n democr\u00e1tica\u201d para \u201cresolver todos los problemas laborales que a\u00fan est\u00e1n pendientes\u201d. Uno de los\u2026","rel":"","context":"En \u00abSociedad\u00bb","block_context":{"text":"Sociedad","link":"https:\/\/www.24baires.com\/?cat=1"},"img":{"alt_text":"de isasi","src":"https:\/\/i0.wp.com\/www.24baires.com\/wp-content\/uploads\/2013\/01\/de-isasi.jpg?resize=350%2C200","width":350,"height":200,"srcset":"https:\/\/i0.wp.com\/www.24baires.com\/wp-content\/uploads\/2013\/01\/de-isasi.jpg?resize=350%2C200 1x, https:\/\/i0.wp.com\/www.24baires.com\/wp-content\/uploads\/2013\/01\/de-isasi.jpg?resize=525%2C300 1.5x"},"classes":[]},{"id":76840,"url":"https:\/\/www.24baires.com\/?p=76840","url_meta":{"origin":13142,"position":3},"title":"Desde ATE, De Isasi pide hablar de \u00abla p\u00e9rdida del poder adquisitivo\u00bb","author":"AF","date":"24\/12\/2015","format":false,"excerpt":"El secretario general de ATE bonaerense, Oscar De Isasi, destac\u00f3 la convocatoria al di\u00e1logo de la gobernadora Mar\u00eda Eugenia Vidal, pero plante\u00f3 la \"necesidad de hablar de la p\u00e9rdida del poder adquisitivo de los trabajadores\". \u201cVenimos planteando la necesidad del bono de $ 5.000 con posibilidad de financiarlo y la\u2026","rel":"","context":"En \u00abSociedad\u00bb","block_context":{"text":"Sociedad","link":"https:\/\/www.24baires.com\/?cat=1"},"img":{"alt_text":"isasi colo 2","src":"https:\/\/i0.wp.com\/www.24baires.com\/wp-content\/uploads\/2012\/11\/isasi-colo-2.jpg?resize=350%2C200","width":350,"height":200,"srcset":"https:\/\/i0.wp.com\/www.24baires.com\/wp-content\/uploads\/2012\/11\/isasi-colo-2.jpg?resize=350%2C200 1x, https:\/\/i0.wp.com\/www.24baires.com\/wp-content\/uploads\/2012\/11\/isasi-colo-2.jpg?resize=525%2C300 1.5x"},"classes":[]},{"id":106813,"url":"https:\/\/www.24baires.com\/?p=106813","url_meta":{"origin":13142,"position":4},"title":"De Isasi llam\u00f3 a los gremios estatales a realizar un paro","author":"GB","date":"13\/02\/2019","format":false,"excerpt":"El secretario general de ATE y la CTA Aut\u00f3noma breg\u00f3 la \u201cunidad y masividad para derrotar el ajuste\u201d en el marco de una protesta a Educaci\u00f3n bonaerense por sueldos adeudados y despidos. Mientras este mi\u00e9rcoles comienza la paritaria salarial entre el gobierno de la provincia de Buenos Aires y el\u2026","rel":"","context":"En \u00abProvincia\u00bb","block_context":{"text":"Provincia","link":"https:\/\/www.24baires.com\/?cat=40"},"img":{"alt_text":"","src":"https:\/\/i0.wp.com\/www.24baires.com\/wp-content\/uploads\/2018\/11\/estatales.jpg?resize=350%2C200","width":350,"height":200,"srcset":"https:\/\/i0.wp.com\/www.24baires.com\/wp-content\/uploads\/2018\/11\/estatales.jpg?resize=350%2C200 1x, https:\/\/i0.wp.com\/www.24baires.com\/wp-content\/uploads\/2018\/11\/estatales.jpg?resize=525%2C300 1.5x"},"classes":[]},{"id":106114,"url":"https:\/\/www.24baires.com\/?p=106114","url_meta":{"origin":13142,"position":5},"title":"Astillero R\u00edo Santiago: hubo acuerdo y no habr\u00e1 despidos, cierre ni privatizaci\u00f3n","author":"GB","date":"27\/12\/2018","format":false,"excerpt":"El Poder Ejecutivo provincial y los trabajadores del ARS firmaron un acta en la cual se le da continuidad al funcionamiento de la planta. Desde ATE celebraron lo conseguido pero se\u00f1alaron que \u201cno recupera todos los derechos reclamados\u201d. El mi\u00e9rcoles finalmente hubo un acuerdo entre el gobierno bonaerense y los\u2026","rel":"","context":"En \u00abProvincia\u00bb","block_context":{"text":"Provincia","link":"https:\/\/www.24baires.com\/?cat=40"},"img":{"alt_text":"","src":"https:\/\/i0.wp.com\/www.24baires.com\/wp-content\/uploads\/2018\/12\/rio-santiago-astillero.jpg?resize=350%2C200","width":350,"height":200,"srcset":"https:\/\/i0.wp.com\/www.24baires.com\/wp-content\/uploads\/2018\/12\/rio-santiago-astillero.jpg?resize=350%2C200 1x, https:\/\/i0.wp.com\/www.24baires.com\/wp-content\/uploads\/2018\/12\/rio-santiago-astillero.jpg?resize=525%2C300 1.5x"},"classes":[]}],"jetpack_sharing_enabled":true,"jetpack_likes_enabled":true,"_links":{"self":[{"href":"https:\/\/www.24baires.com\/index.php?rest_route=\/wp\/v2\/posts\/13142","targetHints":{"allow":["GET"]}}],"collection":[{"href":"https:\/\/www.24baires.com\/index.php?rest_route=\/wp\/v2\/posts"}],"about":[{"href":"https:\/\/www.24baires.com\/index.php?rest_route=\/wp\/v2\/types\/post"}],"author":[{"embeddable":true,"href":"https:\/\/www.24baires.com\/index.php?rest_route=\/wp\/v2\/users\/4"}],"replies":[{"embeddable":true,"href":"https:\/\/www.24baires.com\/index.php?rest_route=%2Fwp%2Fv2%2Fcomments&post=13142"}],"version-history":[{"count":3,"href":"https:\/\/www.24baires.com\/index.php?rest_route=\/wp\/v2\/posts\/13142\/revisions"}],"predecessor-version":[{"id":13147,"href":"https:\/\/www.24baires.com\/index.php?rest_route=\/wp\/v2\/posts\/13142\/revisions\/13147"}],"wp:attachment":[{"href":"https:\/\/www.24baires.com\/index.php?rest_route=%2Fwp%2Fv2%2Fmedia&parent=13142"}],"wp:term":[{"taxonomy":"category","embeddable":true,"href":"https:\/\/www.24baires.com\/index.php?rest_route=%2Fwp%2Fv2%2Fcategories&post=13142"},{"taxonomy":"post_tag","embeddable":true,"href":"https:\/\/www.24baires.com\/index.php?rest_route=%2Fwp%2Fv2%2Ftags&post=13142"}],"curies":[{"name":"wp","href":"https:\/\/api.w.org\/{rel}","templated":true}]}}