{"id":13132,"date":"2013-01-22T12:56:39","date_gmt":"2013-01-22T15:56:39","guid":{"rendered":"http:\/\/www.24baires.com\/?p=13132"},"modified":"2013-01-22T12:56:39","modified_gmt":"2013-01-22T15:56:39","slug":"morel-rodriguez-no-entreno-por-los-dolores-de-los-golpes-de-la-policia","status":"publish","type":"post","link":"https:\/\/www.24baires.com\/?p=13132","title":{"rendered":"Morel Rodr\u00edguez no entren\u00f3 por los dolores de los golpes de la Polic\u00eda"},"content":{"rendered":"<p>El defensor no acudi\u00f3 al entrenamiento, luego de los golpes que recibi\u00f3 el pasado lunes tras un confuso episodio policial que deriv\u00f3 en su detenci\u00f3n por m\u00e1s de ocho horas en una comisar\u00eda de Sarand\u00ed.<!--more--><br \/>\n\u00abNo fue a entrenarse. Est\u00e1 descansando en su casa. Se repone bien de los golpes, por suerte\u00bb, inform\u00f3 Gonzalo Mayo, abogado del jugador paraguayo.<\/p>\n<p>\u00abTodav\u00eda acusa dolores en las costillas y una lesi\u00f3n en el tobillo. No s\u00e9 cu\u00e1ndo volver\u00e1 a las pr\u00e1cticas\u00bb, revel\u00f3 el letrado, que explic\u00f3 que la causa \u00abseguir\u00e1 su curso\u00bb.<\/p>\n<p>Morel Rodr\u00edguez abandon\u00f3 el lunes \u00faltimo la pr\u00e1ctica del `Rojo` en el predio de Villa Dom\u00ednico y vivi\u00f3 una poco frecuente situaci\u00f3n, al ser perseguido por polic\u00edas de civil, que pretendieron detenerlo para efectuar un control.<\/p>\n<p>El futbolista, pensando que se trataba de \u00absecuestradores\u00bb, evit\u00f3 parar y aceler\u00f3 su camioneta, en la que tambi\u00e9n iban sus dos hijos y un sobrino, gener\u00e1ndose una persecuci\u00f3n que dur\u00f3 m\u00e1s de 30 cuadras.<\/p>\n<p>\u00abLa situaci\u00f3n ya se sabe. El ven\u00eda del entrenamiento, lo cruz\u00f3 una camioneta que \u00e9l no pudo identificar como un m\u00f3vil policial. Por eso no par\u00f3\u00bb, explic\u00f3 Mayo.<\/p>\n<p>De acuerdo a lo comprobado por los m\u00e9dicos que lo atendieron posteriormente, Morel Rodr\u00edguez sufri\u00f3 contusiones en las costillas, adem\u00e1s de una lesi\u00f3n en el tobillo, producto de escoriaciones, tras recibir el rebote de una bala de goma lanzada por el personal policial que lo detuvo.<\/p>\n<p>&nbsp;<\/p>\n<p>&nbsp;<\/p>\n<p>&nbsp;<\/p>\n<p>&nbsp;<\/p>\n<p>&nbsp;<\/p>\n<p>&nbsp;<\/p>\n<p>&nbsp;<\/p>\n<p>&nbsp;<\/p>\n<p>&nbsp;<\/p>\n<p>&nbsp;<\/p>\n<p>&nbsp;<\/p>\n<p>&nbsp;<\/p>\n<p>&nbsp;<\/p>\n<p>&nbsp;<\/p>\n<p>&nbsp;<\/p>\n<p>&nbsp;<\/p>\n<p>&nbsp;<\/p>\n<p>&nbsp;<\/p>\n","protected":false},"excerpt":{"rendered":"<p>El defensor no acudi\u00f3 al entrenamiento, luego de los golpes que recibi\u00f3 el pasado lunes tras un confuso episodio policial que deriv\u00f3 en su detenci\u00f3n por m\u00e1s de ocho horas en una comisar\u00eda de Sarand\u00ed.<\/p>\n","protected":false},"author":4,"featured_media":0,"comment_status":"open","ping_status":"open","sticky":false,"template":"","format":"standard","meta":{"_jetpack_newsletter_access":"","_jetpack_dont_email_post_to_subs":false,"_jetpack_newsletter_tier_id":0,"_jetpack_memberships_contains_paywalled_content":false,"_jetpack_memberships_contains_paid_content":false,"footnotes":""},"categories":[1],"tags":[],"class_list":["post-13132","post","type-post","status-publish","format-standard","hentry","category-sociedad"],"jetpack_featured_media_url":"","jetpack_shortlink":"https:\/\/wp.me\/p2JWE0-3pO","jetpack-related-posts":[{"id":106677,"url":"https:\/\/www.24baires.com\/?p=106677","url_meta":{"origin":13132,"position":0},"title":"Asesin\u00f3 a su esposa mientras estaba internada en un sanatorio bonaerense","author":"AF","date":"04\/02\/2019","format":false,"excerpt":"Ocurri\u00f3 en un sanatorio de la localidad bonaerense de Maquinista Savio. La mujer muri\u00f3 a los pocos minutos de ser atacada a golpes por su esposo. Una mujer de 64 a\u00f1os fue asesinada este lunes a golpes tras forcejear y discutir con su esposo dentro de una cl\u00ednica de la\u2026","rel":"","context":"En \u00abPoliciales\u00bb","block_context":{"text":"Policiales","link":"https:\/\/www.24baires.com\/?cat=49"},"img":{"alt_text":"","src":"https:\/\/i0.wp.com\/www.24baires.com\/wp-content\/uploads\/2019\/02\/sanatorio-san-carlos.jpg?resize=350%2C200","width":350,"height":200,"srcset":"https:\/\/i0.wp.com\/www.24baires.com\/wp-content\/uploads\/2019\/02\/sanatorio-san-carlos.jpg?resize=350%2C200 1x, https:\/\/i0.wp.com\/www.24baires.com\/wp-content\/uploads\/2019\/02\/sanatorio-san-carlos.jpg?resize=525%2C300 1.5x"},"classes":[]},{"id":13096,"url":"https:\/\/www.24baires.com\/?p=13096","url_meta":{"origin":13132,"position":1},"title":"Liberaron a Morel Rodr\u00edguez tras un confuso episodio con la polic\u00eda","author":"Grupo Sierra","date":"21\/01\/2013","format":false,"excerpt":"El defensor de Independiente, iba en su camioneta cuando lo detuvieron polic\u00edas bonaerenses vestidos de civil. Al temer un secuestro, el jugador evit\u00f3 el control. Los efectivos lo persiguieron y le dispararon con balas de goma. El jugador de Independiente fue liberado esta noche, tras permanecer demorado cerca de 8\u2026","rel":"","context":"En \u00abDeportes\u00bb","block_context":{"text":"Deportes","link":"https:\/\/www.24baires.com\/?cat=12"},"img":{"alt_text":"morel rodriguez policial","src":"https:\/\/i0.wp.com\/www.24baires.com\/wp-content\/uploads\/2013\/01\/morel-rodriguez-policial.jpg?resize=350%2C200","width":350,"height":200,"srcset":"https:\/\/i0.wp.com\/www.24baires.com\/wp-content\/uploads\/2013\/01\/morel-rodriguez-policial.jpg?resize=350%2C200 1x, https:\/\/i0.wp.com\/www.24baires.com\/wp-content\/uploads\/2013\/01\/morel-rodriguez-policial.jpg?resize=525%2C300 1.5x"},"classes":[]},{"id":102035,"url":"https:\/\/www.24baires.com\/?p=102035","url_meta":{"origin":13132,"position":2},"title":"Desafectaron a un Polic\u00eda acusado de golpear a menor en una comisar\u00eda de Tres Arroyos","author":"GB","date":"09\/05\/2018","format":false,"excerpt":"Un polic\u00eda acusado de golpear a un menor de edad en una comisar\u00eda tras un procedimiento por \"resistencia a la autoridad\" en la localidad bonaerense de Tres Arroyos, fue desafectado preventivamente de la fuerza por la Auditor\u00eda General de Asuntos Internos del Ministerio de Seguridad. La informaci\u00f3n fue dada a\u2026","rel":"","context":"En \u00abMunicipios\u00bb","block_context":{"text":"Municipios","link":"https:\/\/www.24baires.com\/?cat=44"},"img":{"alt_text":"","src":"https:\/\/i0.wp.com\/www.24baires.com\/wp-content\/uploads\/2012\/10\/policiabonaerense-300x208.jpg?resize=350%2C200","width":350,"height":200},"classes":[]},{"id":25980,"url":"https:\/\/www.24baires.com\/?p=25980","url_meta":{"origin":13132,"position":3},"title":"\u00abPase lo que pase\u00bb Brindisi dijo que seguir\u00e1 en Independiente","author":"Grupo Sierra","date":"14\/06\/2013","format":false,"excerpt":"El entrenador confirm\u00f3 su continuidad en el cargo sea cual fuere la suerte de su equipo en la b\u00fasqueda de permanecer en la m\u00e1xima categor\u00eda. \u201cLos jugadores est\u00e1n con la misma entrega de siempre\u201d. El DT de Independiente, Miguel Brindisi, admiti\u00f3 hoy que \"pase lo que pase\" va a seguir\u2026","rel":"","context":"En \u00abDeportes\u00bb","block_context":{"text":"Deportes","link":"https:\/\/www.24baires.com\/?cat=12"},"img":{"alt_text":"brindisi no se va","src":"https:\/\/i0.wp.com\/www.24baires.com\/wp-content\/uploads\/2013\/06\/brindisi-no-se-va.jpg?resize=350%2C200","width":350,"height":200},"classes":[]},{"id":6196,"url":"https:\/\/www.24baires.com\/?p=6196","url_meta":{"origin":13132,"position":4},"title":"Far\u00edas hace su autocr\u00edtica","author":"Grupo Sierra","date":"20\/11\/2012","format":false,"excerpt":"El delantero de Independiente Ernesto Far\u00edas cont\u00f3 que el grupo hizo una \"fuerte autocr\u00edtica\", al tiempo que admiti\u00f3 que desde que lleg\u00f3 al club no fue un \"jugador regular\". \"Tengo que ser autocr\u00edtico en lo individual. Los jugadores hemos ca\u00eddo en un pozo. En lo personal, desde que estoy en\u2026","rel":"","context":"En \u00abDeportes\u00bb","block_context":{"text":"Deportes","link":"https:\/\/www.24baires.com\/?cat=12"},"img":{"alt_text":"","src":"https:\/\/i0.wp.com\/www.24baires.com\/wp-content\/uploads\/2012\/11\/farias-independiente.jpg?resize=350%2C200","width":350,"height":200,"srcset":"https:\/\/i0.wp.com\/www.24baires.com\/wp-content\/uploads\/2012\/11\/farias-independiente.jpg?resize=350%2C200 1x, https:\/\/i0.wp.com\/www.24baires.com\/wp-content\/uploads\/2012\/11\/farias-independiente.jpg?resize=525%2C300 1.5x"},"classes":[]},{"id":111136,"url":"https:\/\/www.24baires.com\/?p=111136","url_meta":{"origin":13132,"position":5},"title":"Denunciaron abuso de la polic\u00eda en Bah\u00eda Blanca: \u201cNos dec\u00edan zurditos de mierda y putitos\u201d","author":"GB","date":"11\/07\/2019","format":false,"excerpt":"Una nueva denuncia contra la polic\u00eda bonaerense se dio luego de una marcha para exigir el boleto estudiantil. Los uniformados intervinieron, hubo detenciones y los j\u00f3venes acusaron a los efectivos de ultrajarlos. La polic\u00eda bonaerense es blanco de una grave denuncia por violencia y abuso sexual a ra\u00edz de detenciones\u2026","rel":"","context":"En \u00abMunicipios\u00bb","block_context":{"text":"Municipios","link":"https:\/\/www.24baires.com\/?cat=44"},"img":{"alt_text":"","src":"https:\/\/i0.wp.com\/www.24baires.com\/wp-content\/uploads\/2014\/04\/Policia-bonaerense.jpg?resize=350%2C200","width":350,"height":200,"srcset":"https:\/\/i0.wp.com\/www.24baires.com\/wp-content\/uploads\/2014\/04\/Policia-bonaerense.jpg?resize=350%2C200 1x, https:\/\/i0.wp.com\/www.24baires.com\/wp-content\/uploads\/2014\/04\/Policia-bonaerense.jpg?resize=525%2C300 1.5x"},"classes":[]}],"jetpack_sharing_enabled":true,"jetpack_likes_enabled":true,"_links":{"self":[{"href":"https:\/\/www.24baires.com\/index.php?rest_route=\/wp\/v2\/posts\/13132","targetHints":{"allow":["GET"]}}],"collection":[{"href":"https:\/\/www.24baires.com\/index.php?rest_route=\/wp\/v2\/posts"}],"about":[{"href":"https:\/\/www.24baires.com\/index.php?rest_route=\/wp\/v2\/types\/post"}],"author":[{"embeddable":true,"href":"https:\/\/www.24baires.com\/index.php?rest_route=\/wp\/v2\/users\/4"}],"replies":[{"embeddable":true,"href":"https:\/\/www.24baires.com\/index.php?rest_route=%2Fwp%2Fv2%2Fcomments&post=13132"}],"version-history":[{"count":2,"href":"https:\/\/www.24baires.com\/index.php?rest_route=\/wp\/v2\/posts\/13132\/revisions"}],"predecessor-version":[{"id":13134,"href":"https:\/\/www.24baires.com\/index.php?rest_route=\/wp\/v2\/posts\/13132\/revisions\/13134"}],"wp:attachment":[{"href":"https:\/\/www.24baires.com\/index.php?rest_route=%2Fwp%2Fv2%2Fmedia&parent=13132"}],"wp:term":[{"taxonomy":"category","embeddable":true,"href":"https:\/\/www.24baires.com\/index.php?rest_route=%2Fwp%2Fv2%2Fcategories&post=13132"},{"taxonomy":"post_tag","embeddable":true,"href":"https:\/\/www.24baires.com\/index.php?rest_route=%2Fwp%2Fv2%2Ftags&post=13132"}],"curies":[{"name":"wp","href":"https:\/\/api.w.org\/{rel}","templated":true}]}}