{"id":13129,"date":"2013-01-22T11:33:25","date_gmt":"2013-01-22T14:33:25","guid":{"rendered":"http:\/\/www.24baires.com\/?p=13129"},"modified":"2013-01-22T11:33:25","modified_gmt":"2013-01-22T14:33:25","slug":"tanto-el-gobierno-como-clarin-presentaron-fundamentos-de-las-apelaciones","status":"publish","type":"post","link":"https:\/\/www.24baires.com\/?p=13129","title":{"rendered":"Tanto el Gobierno como Clar\u00edn presentaron fundamentos de las apelaciones"},"content":{"rendered":"<p>Se trata de los fundamentos de las apelaciones que hicieron el mes pasado contra el fallo del juez civil y comercial federal Horacio Alfonso, quien se pronunci\u00f3 en favor de la constitucionalidad de los art\u00edculos de la ley de medios.<!--more--><br \/>\nSe trata del fallo de primera instancia del juez Horacio Alfonso, quien declar\u00f3 la constitucionalidad de los art\u00edculos 45 y 161 de la norma sancionada por el Congreso Nacional, referidos a la cantidad de licencias y al plazo de desinversi\u00f3n respectivamente.<\/p>\n<p>En el caso del Ejecutivo, la presentaci\u00f3n fue realizada cerca de las 8.30 por la Jefatura de Gabinete de Ministros, a trav\u00e9s de un \u00abmemorial\u00bb donde se argumenta que el holding de medios no deber\u00eda haber sido aceptado como querellante para accionar en la causa.<\/p>\n<p>Poco despu\u00e9s lo hicieron los representantes legales del Grupo Clar\u00edn, pero con la intenci\u00f3n de objetar la decisi\u00f3n del juez Alfonso e insistir con el pedido para que se declare la inconstitucionalidad de los art\u00edculos mencionados.<\/p>\n<p>La causa tiene habilitada la feria judicial de enero para tratar ambas apelaciones.El plazo para las presentaciones venc\u00eda hoy a las 9.30.<\/p>\n<p>La C\u00e1mara dar\u00e1 ahora diez d\u00edas h\u00e1biles a cada parte para responder a la otra y luego estar\u00e1 en condiciones de resolver el expediente, cuando ya se reanude en febrero la actividad tribunalicia normal.<\/p>\n<p>&nbsp;<\/p>\n<p>&nbsp;<\/p>\n<p>&nbsp;<\/p>\n<p>&nbsp;<\/p>\n<p>&nbsp;<\/p>\n<p>&nbsp;<\/p>\n<p>&nbsp;<\/p>\n<p>&nbsp;<\/p>\n<p>&nbsp;<\/p>\n<p>&nbsp;<\/p>\n<p>&nbsp;<\/p>\n<p>&nbsp;<\/p>\n<p>&nbsp;<\/p>\n<p>&nbsp;<\/p>\n<p>&nbsp;<\/p>\n<p>&nbsp;<\/p>\n<p>&nbsp;<\/p>\n<p>&nbsp;<\/p>\n<p>&nbsp;<\/p>\n<p>&nbsp;<\/p>\n<p>&nbsp;<\/p>\n","protected":false},"excerpt":{"rendered":"<p>Se trata de los fundamentos de las apelaciones que hicieron el mes pasado contra el fallo del juez civil y comercial federal Horacio Alfonso, quien se pronunci\u00f3 en favor de la constitucionalidad de los art\u00edculos de la ley de medios.<\/p>\n","protected":false},"author":4,"featured_media":0,"comment_status":"open","ping_status":"open","sticky":false,"template":"","format":"standard","meta":{"_jetpack_newsletter_access":"","_jetpack_dont_email_post_to_subs":false,"_jetpack_newsletter_tier_id":0,"_jetpack_memberships_contains_paywalled_content":false,"_jetpack_memberships_contains_paid_content":false,"footnotes":""},"categories":[54],"tags":[],"class_list":["post-13129","post","type-post","status-publish","format-standard","hentry","category-medios"],"jetpack_featured_media_url":"","jetpack_shortlink":"https:\/\/wp.me\/p2JWE0-3pL","jetpack-related-posts":[{"id":9584,"url":"https:\/\/www.24baires.com\/?p=9584","url_meta":{"origin":13129,"position":0},"title":"Ley de Medios: el juez Alfonso acept\u00f3 la apelaci\u00f3n de Clar\u00edn","author":"AF","date":"18\/12\/2012","format":false,"excerpt":"El juez subrogante de primera instancia en lo Civil y Comercial, Horacio Alfonso, acept\u00f3 este martes la apelaci\u00f3n del Grupo Clar\u00edn respecto del fallo que sosten\u00eda la constitucionalidad de los art\u00edculos 161 y 45 de la ley de Servicios de Comunicaci\u00f3n Audiovisual. La C\u00e1mara Nacional de Apelaciones en lo Civil\u2026","rel":"","context":"En \u00abMedios\u00bb","block_context":{"text":"Medios","link":"https:\/\/www.24baires.com\/?cat=54"},"img":{"alt_text":"alfonso juez","src":"https:\/\/i0.wp.com\/www.24baires.com\/wp-content\/uploads\/2012\/12\/alfonso-juez-300x224.jpg?resize=350%2C200","width":350,"height":200},"classes":[]},{"id":9207,"url":"https:\/\/www.24baires.com\/?p=9207","url_meta":{"origin":13129,"position":1},"title":"\u00abEl fallo de Alfonso repara la aberraci\u00f3n de la C\u00e1mara\u00bb, asegur\u00f3 Raimundi","author":"AF","date":"15\/12\/2012","format":false,"excerpt":"A trav\u00e9s de un comunicado, el diputado nacional por Nuevo Encuentro, Carlos Raimundi, se refiri\u00f3 al fallo que declar\u00f3 la constitucionalidad de los art\u00edculos de la Ley de Medios que cuestionara el Grupo Clar\u00edn. El legislador Carlos Raimundi record\u00f3 que la ley votada por amplia mayor\u00eda del Congreso hace tres\u2026","rel":"","context":"En \u00abMedios\u00bb","block_context":{"text":"Medios","link":"https:\/\/www.24baires.com\/?cat=54"},"img":{"alt_text":"raimundi","src":"https:\/\/i0.wp.com\/www.24baires.com\/wp-content\/uploads\/2012\/12\/raimundi-300x200.jpg?resize=350%2C200","width":350,"height":200},"classes":[]},{"id":8627,"url":"https:\/\/www.24baires.com\/?p=8627","url_meta":{"origin":13129,"position":2},"title":"La Corte Suprema rechaz\u00f3 el per saltum","author":"Grupo Sierra","date":"10\/12\/2012","format":false,"excerpt":"El m\u00e1ximo tribunal resolvi\u00f3 no hacer uso de ese recurso, solicitado por el Gobierno para revisar el fallo de la C\u00e1mara que hab\u00eda extendido la cautelar del Grupo Clar\u00edn en contra de la aplicaci\u00f3n de la Ley de Medios. Se deber\u00e1 esperar el fallo del Juez Alfonso. AMPLIAREMOS La Corte\u2026","rel":"","context":"En \u00abMedios\u00bb","block_context":{"text":"Medios","link":"https:\/\/www.24baires.com\/?cat=54"},"img":{"alt_text":"","src":"","width":0,"height":0},"classes":[]},{"id":31103,"url":"https:\/\/www.24baires.com\/?p=31103","url_meta":{"origin":13129,"position":3},"title":"En la &#8216;dulce espera&#8217; del fallo de la Corte","author":"Grupo Sierra","date":"31\/08\/2013","format":false,"excerpt":"Debatimos un proyecto de ley, durante meses, de muchas maneras distintas. Por eso se la llam\u00f3 la Ley del Pueblo, porque la gente pudo discutirla y aportar sus ideas en muchas jornadas a lo largo y ancho del pa\u00eds. Y as\u00ed se nutri\u00f3 el proyecto por una ley de Medios\u2026","rel":"","context":"En \u00abOpini\u00f3n\u00bb","block_context":{"text":"Opini\u00f3n","link":"https:\/\/www.24baires.com\/?cat=64"},"img":{"alt_text":"corte suprema","src":"https:\/\/i0.wp.com\/www.24baires.com\/wp-content\/uploads\/2012\/12\/corte-suprema.jpg?resize=350%2C200","width":350,"height":200,"srcset":"https:\/\/i0.wp.com\/www.24baires.com\/wp-content\/uploads\/2012\/12\/corte-suprema.jpg?resize=350%2C200 1x, https:\/\/i0.wp.com\/www.24baires.com\/wp-content\/uploads\/2012\/12\/corte-suprema.jpg?resize=525%2C300 1.5x"},"classes":[]},{"id":16877,"url":"https:\/\/www.24baires.com\/?p=16877","url_meta":{"origin":13129,"position":4},"title":"Avalan la constitucionalidad de la Ley de Medios: el fiscal se expidi\u00f3 a su favor","author":"AF","date":"27\/02\/2013","format":false,"excerpt":"De esta manera, Jos\u00e9 Mar\u00eda Medrano recomend\u00f3 la confirmaci\u00f3n del fallo del juez de primera instancia del juzgado federal en lo Civil y Comercial N\u00famero 1, Horacio Alfonso, que el 14 de diciembre resolvi\u00f3 rechazar la demanda del Grupo Clar\u00edn. El Fiscal de la C\u00e1mara Federal, Jos\u00e9 Mar\u00eda Medrano, se\u2026","rel":"","context":"En \u00abMedios\u00bb","block_context":{"text":"Medios","link":"https:\/\/www.24baires.com\/?cat=54"},"img":{"alt_text":"","src":"","width":0,"height":0},"classes":[]},{"id":10904,"url":"https:\/\/www.24baires.com\/?p=10904","url_meta":{"origin":13129,"position":5},"title":"El Gobierno solicitar\u00e1 la habilitaci\u00f3n de la feria judicial para tratar la Ley de Medios","author":"AF","date":"01\/01\/2013","format":false,"excerpt":"El gobierno pedir\u00e1 este mi\u00e9rcoles, en el primer d\u00eda h\u00e1bil del a\u00f1o, que la C\u00e1mara Federal Civil y Comercial Federal habilite la feria judicial de enero para resolver con \u201cceleridad\u201d la causa planteada por el grupo Clar\u00edn contra la Ley de Medios. La presentaci\u00f3n la har\u00e1 a primera hora la\u2026","rel":"","context":"En \u00abMedios\u00bb","block_context":{"text":"Medios","link":"https:\/\/www.24baires.com\/?cat=54"},"img":{"alt_text":"","src":"","width":0,"height":0},"classes":[]}],"jetpack_sharing_enabled":true,"jetpack_likes_enabled":true,"_links":{"self":[{"href":"https:\/\/www.24baires.com\/index.php?rest_route=\/wp\/v2\/posts\/13129","targetHints":{"allow":["GET"]}}],"collection":[{"href":"https:\/\/www.24baires.com\/index.php?rest_route=\/wp\/v2\/posts"}],"about":[{"href":"https:\/\/www.24baires.com\/index.php?rest_route=\/wp\/v2\/types\/post"}],"author":[{"embeddable":true,"href":"https:\/\/www.24baires.com\/index.php?rest_route=\/wp\/v2\/users\/4"}],"replies":[{"embeddable":true,"href":"https:\/\/www.24baires.com\/index.php?rest_route=%2Fwp%2Fv2%2Fcomments&post=13129"}],"version-history":[{"count":2,"href":"https:\/\/www.24baires.com\/index.php?rest_route=\/wp\/v2\/posts\/13129\/revisions"}],"predecessor-version":[{"id":13131,"href":"https:\/\/www.24baires.com\/index.php?rest_route=\/wp\/v2\/posts\/13129\/revisions\/13131"}],"wp:attachment":[{"href":"https:\/\/www.24baires.com\/index.php?rest_route=%2Fwp%2Fv2%2Fmedia&parent=13129"}],"wp:term":[{"taxonomy":"category","embeddable":true,"href":"https:\/\/www.24baires.com\/index.php?rest_route=%2Fwp%2Fv2%2Fcategories&post=13129"},{"taxonomy":"post_tag","embeddable":true,"href":"https:\/\/www.24baires.com\/index.php?rest_route=%2Fwp%2Fv2%2Ftags&post=13129"}],"curies":[{"name":"wp","href":"https:\/\/api.w.org\/{rel}","templated":true}]}}